{"id":657008,"date":"2026-08-30T20:34:14","date_gmt":"2026-08-30T20:34:14","guid":{"rendered":"https:\/\/www.europesays.com\/it\/657008\/"},"modified":"2026-08-30T20:34:14","modified_gmt":"2026-08-30T20:34:14","slug":"friends-a-modena-rap-e-street-art-chiudono-il-percorso-per-adolescenti","status":"publish","type":"post","link":"https:\/\/www.europesays.com\/it\/657008\/","title":{"rendered":"&#8220;Friends&#8221; a Modena: rap e street art chiudono il percorso per adolescenti"},"content":{"rendered":"<p>&#13;<br \/>\n      &#13;<br \/>\n&#13;<br \/>\n     &#13;<br \/>\n        &#13;<\/p>\n<p>Si avvicina il gran finale per &#8220;Friends. Fuori dai soliti giri&#8221;, il percorso gratuito pensato per ragazze e ragazzi dai 13 ai 17 anni promosso dal Centro per le Famiglie del Comune di Modena e dal Tavolo di prevenzione per la promozione del benessere in adolescenza. Settembre porta con s\u00e9 gli ultimi due appuntamenti, entrambi all&#8217;insegna della musica, della creativit\u00e0 e della scoperta della citt\u00e0.<\/p>\n<p>Rime e ritmo con la Rap Academy<\/p>\n<p>Il primo appuntamento \u00e8 fissato per mercoled\u00ec 2 settembre: si chiama &#8220;Rap Academy&#8221; ed \u00e8 una giornata intera dedicata alla scrittura e alla musica rap. Non si tratta di assistere passivamente a uno spettacolo, ma di mettersi in gioco in prima persona: giochi di riscaldamento, esercizi sul ritmo, arrangiamenti e lavori di gruppo accompagneranno i partecipanti nella scrittura di testi ispirati alle proprie esperienze, emozioni, amicizie, difficolt\u00e0 e sogni per il futuro.<\/p>\n<p>Il momento clou arriva a fine giornata, quando i brani creati saranno condivisi con gli altri partecipanti e con i genitori, in una piccola festa accompagnata da un pranzo offerto dal Centro per le Famiglie. L&#8217;appuntamento \u00e8 alle ore 10 presso il Centro per le Famiglie di via del Gambero 77.<\/p>\n<p>Murales e street art: Modena vista con occhi nuovi<\/p>\n<p>Marted\u00ec 8 settembre \u00e8 invece la volta di &#8220;Modena Graffiti&#8221;, l&#8217;ultimo atto della rassegna, in programma dalle 9 alle 14. Il ritrovo \u00e8 all&#8217;ingresso della polisportiva Villa d&#8217;Oro, in via del Lancillotto 10. Accompagnati da Elia Mazzotti Gentili del progetto Urbaner, i ragazzi partiranno alla scoperta dei murales pi\u00f9 significativi della citt\u00e0, in un percorso dedicato alla street art e alla valorizzazione degli spazi urbani.<\/p>\n<p>Un modo originale di guardare Modena, lontano dalle solite passeggiate scolastiche, che trasforma la citt\u00e0 stessa in un museo a cielo aperto.<\/p>\n<p>Un&#8217;estate per stare insieme (e crescere)<\/p>\n<p>&#8220;Friends. Fuori dai soliti giri&#8221; \u00e8 nato proprio con questo spirito: offrire agli adolescenti modenesi, durante i mesi estivi, occasioni concrete di incontro, socializzazione e scoperta del territorio, valorizzando il loro protagonismo attraverso laboratori espressivi e attivit\u00e0 coinvolgenti. Un progetto gratuito e pensato su misura per chi ha tra i 13 e i 17 anni.<\/p>\n<p> &#13;<br \/>\n       &#13;<br \/>\n&#13;<br \/>\n&#13;<br \/>\n  &#13;<br \/>\n  &#13;<br \/>\n&#13;<br \/>\n&#13;<br \/>\n  &#13;<br \/>\n&#13;<br \/>\n        &#13;<br \/>\n        &#13;<br \/>\n               &#13;<br \/>\n      &#13;<br \/>\n      &#13;<br \/>\n                  &#13;<br \/>\n   &#13;<br \/>\n&#13;<br \/>\n &#13;<br \/>\n      &#13;<br \/>\n&#13;<br \/>\n      &#13;<\/p>\n","protected":false},"excerpt":{"rendered":"&#13; &#13; &#13; &#13; &#13; Si avvicina il gran finale per &#8220;Friends. Fuori dai soliti giri&#8221;, il percorso&hellip;\n","protected":false},"author":3,"featured_media":657009,"comment_status":"","ping_status":"","sticky":false,"template":"","format":"standard","meta":{"footnotes":"","_share_on_mastodon":"0"},"categories":[1443],"tags":[203,626,204,1537,90,89,1538,1539,8484],"class_list":["post-657008","post","type-post","status-publish","format-standard","has-post-thumbnail","category-musica","tag-entertainment","tag-eventi","tag-intrattenimento","tag-it","tag-italia","tag-italy","tag-music","tag-musica","tag-visite"],"share_on_mastodon":{"url":"https:\/\/pubeurope.com\/@it\/117186374339351911","error":""},"_links":{"self":[{"href":"https:\/\/www.europesays.com\/it\/wp-json\/wp\/v2\/posts\/657008","targetHints":{"allow":["GET"]}}],"collection":[{"href":"https:\/\/www.europesays.com\/it\/wp-json\/wp\/v2\/posts"}],"about":[{"href":"https:\/\/www.europesays.com\/it\/wp-json\/wp\/v2\/types\/post"}],"author":[{"embeddable":true,"href":"https:\/\/www.europesays.com\/it\/wp-json\/wp\/v2\/users\/3"}],"replies":[{"embeddable":true,"href":"https:\/\/www.europesays.com\/it\/wp-json\/wp\/v2\/comments?post=657008"}],"version-history":[{"count":0,"href":"https:\/\/www.europesays.com\/it\/wp-json\/wp\/v2\/posts\/657008\/revisions"}],"wp:featuredmedia":[{"embeddable":true,"href":"https:\/\/www.europesays.com\/it\/wp-json\/wp\/v2\/media\/657009"}],"wp:attachment":[{"href":"https:\/\/www.europesays.com\/it\/wp-json\/wp\/v2\/media?parent=657008"}],"wp:term":[{"taxonomy":"category","embeddable":true,"href":"https:\/\/www.europesays.com\/it\/wp-json\/wp\/v2\/categories?post=657008"},{"taxonomy":"post_tag","embeddable":true,"href":"https:\/\/www.europesays.com\/it\/wp-json\/wp\/v2\/tags?post=657008"}],"curies":[{"name":"wp","href":"https:\/\/api.w.org\/{rel}","templated":true}]}}