{"id":657014,"date":"2026-08-30T20:37:15","date_gmt":"2026-08-30T20:37:15","guid":{"rendered":"https:\/\/www.europesays.com\/it\/657014\/"},"modified":"2026-08-30T20:37:15","modified_gmt":"2026-08-30T20:37:15","slug":"difterite-a-palermo-lautopsia-conferma-la-grave-infezione-il-caso-che-riaccende-lallarme-vaccini","status":"publish","type":"post","link":"https:\/\/www.europesays.com\/it\/657014\/","title":{"rendered":"Difterite a Palermo, l\u2019autopsia conferma la grave infezione: il caso che riaccende l\u2019allarme vaccini"},"content":{"rendered":"<p><strong>Una bambina di 4 anni non vaccinata muore.<\/strong> <strong>Il cuginetto, coetaneo e regolarmente vaccinato<\/strong>, contrae la difterite ma sviluppa una forma non grave e torna a casa. <strong>\u00c8 il dato sanitario pi\u00f9 significativo<\/strong> che emerge dal caso di Palermo, mentre <strong>l\u2019autopsia apre una nuova fase dell\u2019inchiesta<\/strong> e <strong>migliaia di famiglie<\/strong> tornano a controllare il libretto vaccinale dei propri figli.<\/p>\n<p>L\u2019esame eseguito all\u2019<strong>Istituto di medicina legale del Policlinico di Palermo<\/strong> ha confermato la presenza di una <strong>grave e diffusa infezione<\/strong> nel corpo della bambina. Gli accertamenti medico-legali dovranno ora contribuire a ricostruire nel dettaglio la successione degli eventi che ha portato alla morte.<\/p>\n<p>Nel frattempo <strong>l\u2019inchiesta della Procura<\/strong> si \u00e8 allargata. Oltre ai genitori, <strong>indagati per omicidio colposo<\/strong>, sono stati iscritti nel registro degli indagati <strong>otto medici<\/strong> che hanno visitato e curato la piccola tra il 13 e il 19 agosto.<\/p>\n<p>Per i sanitari <strong>l\u2019iscrizione rappresenta in questa fase un atto di garanzia<\/strong>, intervenuto dopo la denuncia presentata dai genitori e necessario per consentire loro di nominare propri consulenti e partecipare agli accertamenti. <strong>Non significa quindi che siano state accertate responsabilit\u00e0<\/strong>: sar\u00e0 l\u2019inchiesta a ricostruire il percorso diagnostico e terapeutico.<\/p>\n<p><strong>Due bambini, due storie molto diverse<\/strong><\/p>\n<p>Sul fronte della salute pubblica arriva invece una <strong>notizia rassicurante<\/strong>. <strong>La Regione Siciliana<\/strong> ha chiarito che i due casi di difterite registrati a Palermo <strong>non costituiscono un cluster epidemico<\/strong>.<\/p>\n<p>\u00ab<strong>Non siamo di fronte a un\u2019emergenza, ma a un campanello d\u2019allarme<\/strong>\u00bb, ha spiegato l\u2019assessore regionale alla Salute <strong>Marcello Caruso<\/strong>.<\/p>\n<p><strong>I casi accertati restano due<\/strong>: la <strong>bambina deceduta<\/strong> e il <strong>cuginetto<\/strong>. Ma tra le loro storie c\u2019\u00e8 una differenza importante. <strong>La bambina non era vaccinata contro la difterite<\/strong>; <strong>il cuginetto era invece regolarmente vaccinato, ha sviluppato una forma non grave ed \u00e8 stato dimesso dall\u2019ospedale<\/strong>.<\/p>\n<p>Il confronto non permette naturalmente di stabilire cosa accadrebbe a ogni singola persona, ma rende molto concreto il motivo per cui <strong>la vaccinazione contro la difterite continua a essere considerata essenziale<\/strong>.<\/p>\n<p><strong>Perch\u00e9 una malattia quasi dimenticata pu\u00f2 ancora uccidere<\/strong><\/p>\n<p>In Italia la <strong>difterite \u00e8 diventata rarissima<\/strong> proprio grazie alle vaccinazioni. Ma il batterio che la provoca non \u00e8 scomparso.<\/p>\n<p>La malattia colpisce soprattutto le vie respiratorie e pu\u00f2 iniziare con <strong>febbre, mal di gola, difficolt\u00e0 a deglutire e forte malessere<\/strong>. Il pericolo maggiore \u00e8 rappresentato dalla <strong>tossina<\/strong> prodotta da alcuni ceppi del batterio, che nelle forme pi\u00f9 severe pu\u00f2 raggiungere altri organi e provocare complicanze anche a carico del cuore e del sistema nervoso.<\/p>\n<p>\u00c8 anche possibile che <strong>una persona ospiti il batterio senza sviluppare la malattia<\/strong>. Per questo, quando viene individuato un caso, diventano fondamentali il <strong>tracciamento dei contatti, i tamponi, la verifica dello stato vaccinale e, quando indicato, la profilassi<\/strong>.<\/p>\n<p><strong>L\u2019ASP di Palermo continua l\u2019indagine epidemiologica<\/strong> e precisa che <strong>non risultano nuovi casi acclarati oltre ai due gi\u00e0 conosciuti<\/strong>.<\/p>\n<p><strong>A Palermo \u00e8 corsa ai vaccini<\/strong><\/p>\n<p>Il caso ha per\u00f2 gi\u00e0 avuto un effetto evidente sulla prevenzione.<\/p>\n<p>Dal 17 al 28 agosto nei centri dell\u2019<strong>ASP di Palermo<\/strong> sono state effettuate <strong>11.424 vaccinazioni<\/strong>, contro <strong>7.042<\/strong> nello stesso periodo del 2025: un aumento del <strong>62,2%<\/strong>. Le sole dosi di <strong>vaccino esavalente<\/strong> sono passate da <strong>860<\/strong> a <strong>1.407<\/strong>, con una crescita del <strong>63,6%<\/strong>.<\/p>\n<p>Per rispondere alla domanda l\u2019ASP ha organizzato <strong>open day<\/strong> nel fine settimana e ha riaperto, dopo sette anni, anche il <strong>centro vaccinale dello Zen<\/strong>.<\/p>\n<p>Il caso di Palermo, dunque, <strong>non annuncia il ritorno di un\u2019epidemia di difterite<\/strong>. Racconta per\u00f2 qualcosa che riguarda tutta l\u2019Italia: <strong>le malattie rese rare dai vaccini non sono necessariamente malattie scomparse<\/strong>.<\/p>\n<p><strong>Ed \u00e8 proprio quando non le vediamo pi\u00f9 che rischiamo di dimenticare perch\u00e9 avevamo smesso di vederle.<\/strong><\/p>\n<p><strong><img loading=\"lazy\" decoding=\"async\" src=\"https:\/\/www.europesays.com\/it\/wp-content\/uploads\/2026\/08\/ChatGPT_Image_30_ago_2026,_12_50_59-1788087075844.webp\" alt=\"\" width=\"1024\" height=\"1536\" caption=\"false\"\/><\/strong><\/p>\n<p><strong>Fonti:<\/strong><\/p>\n<ul>&#13;<\/p>\n<li><strong>Regione Siciliana \u2013 Assessorato della Salute<\/strong>, Vaccinazioni, riunita la task force: i casi di difterite registrati a Palermo non sono un cluster epidemico, 28 agosto 2026.<\/li>\n<p>&#13;<\/p>\n<li><strong>ASP Palermo<\/strong> \u2013 Vaccinazioni, allo Zen riapre il centro dell\u2019ASP: \u00e8 il decimo della citt\u00e0, 28 agosto 2026.<\/li>\n<p>&#13;<\/p>\n<li><strong>ASP Palermo<\/strong> \u2013 Difterite, bollettino ufficiale del Direttore generale dell\u2019ASP di Palermo, 24-25 agosto 2026.<\/li>\n<p>&#13;<\/p>\n<li><strong>ANSA<\/strong> \u2013 Bimba morta a 4 anni per sospetta difterite a Palermo, non era vaccinata, aggiornamenti agosto 2026.<\/li>\n<p>&#13;<\/p>\n<li><strong>Adnkronos<\/strong> \u2013 Bimba morta per difterite a Palermo, l\u2019autopsia conferma: \u201cGrave infezione\u201d, 28 agosto 2026.<\/li>\n<p>&#13;<\/p>\n<li><strong>RaiNews TGR Sicilia<\/strong> \u2013 aggiornamenti sul caso di difterite e sull\u2019inchiesta della Procura di Palermo, agosto 2026.<\/li>\n<p>&#13;\n<\/ul>\n","protected":false},"excerpt":{"rendered":"Una bambina di 4 anni non vaccinata muore. Il cuginetto, coetaneo e regolarmente vaccinato, contrae la difterite ma&hellip;\n","protected":false},"author":3,"featured_media":657015,"comment_status":"","ping_status":"","sticky":false,"template":"","format":"standard","meta":{"footnotes":"","_share_on_mastodon":"0"},"categories":[175],"tags":[91957,362521,22125,239,101636,1537,90,89,276882,6652,317766,7538,240,2796,66074],"class_list":["post-657014","post","type-post","status-publish","format-standard","has-post-thumbnail","category-salute","tag-asp-di-palermo","tag-assessorato-della-salute","tag-difterite","tag-health","tag-istituto-di-medicina-legale","tag-it","tag-italia","tag-italy","tag-marcello-caruso","tag-palermo","tag-policlinico-di-palermo","tag-regione-siciliana","tag-salute","tag-vaccinazioni","tag-zen"],"share_on_mastodon":{"url":"https:\/\/pubeurope.com\/@it\/117186386208165702","error":""},"_links":{"self":[{"href":"https:\/\/www.europesays.com\/it\/wp-json\/wp\/v2\/posts\/657014","targetHints":{"allow":["GET"]}}],"collection":[{"href":"https:\/\/www.europesays.com\/it\/wp-json\/wp\/v2\/posts"}],"about":[{"href":"https:\/\/www.europesays.com\/it\/wp-json\/wp\/v2\/types\/post"}],"author":[{"embeddable":true,"href":"https:\/\/www.europesays.com\/it\/wp-json\/wp\/v2\/users\/3"}],"replies":[{"embeddable":true,"href":"https:\/\/www.europesays.com\/it\/wp-json\/wp\/v2\/comments?post=657014"}],"version-history":[{"count":0,"href":"https:\/\/www.europesays.com\/it\/wp-json\/wp\/v2\/posts\/657014\/revisions"}],"wp:featuredmedia":[{"embeddable":true,"href":"https:\/\/www.europesays.com\/it\/wp-json\/wp\/v2\/media\/657015"}],"wp:attachment":[{"href":"https:\/\/www.europesays.com\/it\/wp-json\/wp\/v2\/media?parent=657014"}],"wp:term":[{"taxonomy":"category","embeddable":true,"href":"https:\/\/www.europesays.com\/it\/wp-json\/wp\/v2\/categories?post=657014"},{"taxonomy":"post_tag","embeddable":true,"href":"https:\/\/www.europesays.com\/it\/wp-json\/wp\/v2\/tags?post=657014"}],"curies":[{"name":"wp","href":"https:\/\/api.w.org\/{rel}","templated":true}]}}