{"id":657024,"date":"2026-08-30T20:42:16","date_gmt":"2026-08-30T20:42:16","guid":{"rendered":"https:\/\/www.europesays.com\/it\/657024\/"},"modified":"2026-08-30T20:42:16","modified_gmt":"2026-08-30T20:42:16","slug":"chi-era-maria-spinelli-litaliana-uccisa-al-rave-party-ad-aarau-il-vicino-di-casa-si-era-trasferita-in-svizzera-per-una-vita-migliore-aveva-un-passato-difficile-voleva-ricominciare","status":"publish","type":"post","link":"https:\/\/www.europesays.com\/it\/657024\/","title":{"rendered":"Chi era Maria Spinelli, l&#8217;italiana uccisa al rave party ad Aarau. Il vicino di casa: \u00abSi era trasferita in Svizzera per una vita migliore. Aveva un passato difficile, voleva ricominciare\u00bb"},"content":{"rendered":"<p>    di<br \/>\n    Virginia Nesi e Serena Palumbo<\/p>\n<p class=\"summary-art is-line-h-12\">Maria Spinelli, 22enne di Atri, si era trasferita in Svizzera con il desiderio di trovare un lavoro stabile. Il vicino di casa: \u00abVoleva ricominciare, diventare indipendente e costruirsi un futuro\u00bb<\/p>\n<p class=\"chapter-paragraph\">Aveva 22 anni e davanti a s\u00e9 un progetto preciso: lasciarsi alle spalle le difficolt\u00e0 del passato e costruirsi una vita nuova in Svizzera. <b>Maria Spinelli, originaria di Atri, in Abruzzo, era arrivata l\u00ec con il desiderio di trovare un lavoro stabile<\/b> e, un giorno, formare una famiglia. Un percorso ancora da costruire, fatto di lavori saltuari e sacrifici.\u00a0Poi la notte di Aarau, in Svizzera, dov&#8217;\u00e8 rimasta vittima della <a href=\"https:\/\/www.corriere.it\/esteri\/26_agosto_30\/svizzera-sparatoria-rave-2336d56e-eaeb-4343-b9f0-0e2427342xlk.shtml\" rel=\"nofollow noopener\" target=\"_blank\">sparatoria all&#8217;ippodromo di Schachen<\/a>, nel canton Argovia.\u00a0<\/p>\n<p class=\"chapter-paragraph\">A raccontare chi fosse Maria \u00e8 un vicino di casa, che ha scelto di restare anonimo. Vivevano nello stesso palazzo da meno di un anno e, nel tempo, tra loro si era creato un rapporto d&#8217;amicizia. \u00ab<b>Era una ragazza semplice, con una storia difficile alle spalle, ma nonostante tutto aveva sempre il sorriso<\/b>. Era tranquilla, dolce, affettuosa. Aveva una grande voglia di vivere\u00bb.    &#13;<br \/>\n&#13;<br \/>\n&#13;<br \/>\n&#13;<br \/>\n&#13;<br \/>\n&#13;<br \/>\n&#13;<br \/>\n&#13;<br \/>\n&#13;<br \/>\n&#13;<br \/>\n&#13;<br \/>\n&#13;<br \/>\n&#13;<br \/>\n&#13;<br \/>\n&#13;<br \/>\n&#13;<br \/>\n&#13;<br \/>\n&#13;<br \/>\n&#13;<br \/>\n&#13;<br \/>\n&#13;<br \/>\n&#13;<br \/>\n&#13;<br \/>\n&#13;<br \/>\n&#13;<br \/>\n&#13;<br \/>\n&#13;<br \/>\n&#13;<br \/>\n&#13;<br \/>\n&#13;<br \/>\n&#13;<br \/>\n&#13;<br \/>\n&#13;<br \/>\n&#13;<br \/>\n&#13;<br \/>\n&#13;<br \/>\n&#13;<br \/>\n&#13;<br \/>\n&#13;<br \/>\n&#13;<br \/>\n&#13;<br \/>\n&#13;<br \/>\n&#13;<br \/>\n&#13;<br \/>\n&#13;<br \/>\n&#13;<br \/>\n&#13;<br \/>\n&#13;<br \/>\n&#13;<br \/>\n&#13;<br \/>\n&#13;<br \/>\n&#13;<br \/>\n&#13;\n<\/p>\n<p class=\"chapter-paragraph\">Maria aveva conosciuto presto le difficolt\u00e0. Era cresciuta con i genitori separati e aveva vissuto periodi di povert\u00e0 e sacrificio. Parlava delle proprie origini rom e della sua storia senza nascondere le fatiche attraversate. \u00abNon si vergognava del suo passato &#8211; racconta il vicino -. <b>Sapeva quello che aveva vissuto e voleva soltanto avere la possibilit\u00e0 di cambiare<\/b>\u00bb. La Svizzera, per lei, rappresentava proprio questa occasione. \u00abVoleva ricominciare. Cercava un lavoro, voleva diventare indipendente e costruirsi un futuro. Non voleva tornare indietro: il suo obiettivo era riuscire a stabilizzarsi qui\u00bb.<\/p>\n<p class=\"chapter-paragraph\">Per mantenersi accettava i lavori che riusciva a trovare. Faceva giornate saltuarie e, quando poteva, aiutava anche nel food truck della famiglia con cui aveva stretto amicizia. \u00ab<b>Era bravissima a cucinare<\/b> &#8211; ricorda il vicino -. Era una ragazza umile, non si tirava indietro davanti al lavoro e si dava da fare per andare avanti\u00bb.\u00a0Con quella famiglia aveva costruito un rapporto che andava oltre la semplice vicinanza di casa. \u00ab<b>Sapevamo che aveva delle difficolt\u00e0 e cercavamo di aiutarla. Qualche volta le facevamo la spesa, altre volte stavamo semplicemente insieme<\/b>. Si parlava, si usciva, si condividevano le cose normali della vita. Con il tempo era diventata una persona di famiglia\u00bb.<\/p>\n<p class=\"chapter-paragraph\">E in quella quotidianit\u00e0 Maria mostrava anche un lato particolarmente affettuoso. Era molto legata ai bambini della coppia di vicini. \u00ab<b>Giocava spesso con loro. Le piacevano moltissimo i bambini<\/b>. Se poteva, comprava anche un piccolo regalo, persino quando aveva pochi soldi\u00bb.\u00a0La sua generosit\u00e0, racconta il vicino, non dipendeva dalle possibilit\u00e0 economiche. \u00abPensava agli altri anche quando lei stessa aveva bisogno. Era fatta cos\u00ec\u00bb.\u00a0C\u2019era poi la musica, una delle passioni che Maria coltivava nel tempo libero. In particolare amava la techno e le feste. \u00ab<b>Quando c\u2019era musica cercava di esserci. Non si perdeva una festa e spesso usciva con gli amici<\/b>. Le piaceva stare in compagnia, divertirsi e vivere quei momenti di spensieratezza\u00bb.<\/p>\n<p class=\"chapter-paragraph\">Ma dietro quella voglia di svagarsi, restava soprattutto la necessit\u00e0 di realizzarsi. \u00ab<b>Sognava un lavoro stabile, una casa, qualcosa di suo. Voleva una famiglia e una persona accanto che potesse darle sicurezza<\/b>. Desiderava soltanto una vita tranquilla\u00bb. Desideri, tutti questi, che facevano di lei una persona matura:\u00a0\u00abNonostante avesse 22 anni, aveva una grande consapevolezza. Aveva passato momenti difficili e forse proprio per questo sembrava pi\u00f9 adulta\u00bb.\u00a0Il vicino torna infine a ci\u00f2 che resta dopo la tragedia: \u00ab<b>La ricordo per il suo sorriso, per la sua dolcezza e per il modo in cui cercava sempre di andare avanti<\/b>. Era venuta in Svizzera per costruirsi una vita diversa e stava cercando, con tutte le sue forze, di riuscirci\u00bb.<\/p>\n<p class=\"is-last-update\" datetime=\"2026-08-30T20:28:39+02:00\">30 agosto 2026 ( modifica il 30 agosto 2026 | 20:28)<\/p>\n<p class=\"is-copyright\">\n            \u00a9 RIPRODUZIONE RISERVATA\n        <\/p>\n","protected":false},"excerpt":{"rendered":"di Virginia Nesi e Serena Palumbo Maria Spinelli, 22enne di Atri, si era trasferita in Svizzera con il&hellip;\n","protected":false},"author":3,"featured_media":657025,"comment_status":"","ping_status":"","sticky":false,"template":"","format":"standard","meta":{"footnotes":"","_share_on_mastodon":"0"},"categories":[79],"tags":[362255,11166,32,362524,788,39099,204568,14,93,94,12270,362525,362526,6927,5376,1909,52,42573,362527,1537,90,89,722,1259,362522,4003,1539,7,15,14347,489,1915,7901,13281,1989,1920,899,40128,14493,14267,7617,90654,16984,362528,8093,5186,11,84,91,12,85,92,13027,362523],"class_list":["post-657024","post","type-post","status-publish","format-standard","has-post-thumbnail","category-italia","tag-aarau","tag-amicizia","tag-andare","tag-atri","tag-bambini","tag-cercava","tag-costruirsi","tag-cronaca","tag-cronaca-italiana","tag-cronacaitaliana","tag-desiderio","tag-desiderio-trovare","tag-desiderio-trovare-stabile","tag-difficile","tag-difficolta","tag-famiglia","tag-indietro","tag-indipendente","tag-indipendente-costruirsi","tag-it","tag-italia","tag-italy","tag-lavori","tag-maria","tag-maria-spinelli","tag-momenti","tag-musica","tag-news","tag-notizie","tag-parlava","tag-passato","tag-persona","tag-possibilita","tag-poteva","tag-racconta","tag-ragazza","tag-rapporto","tag-ricominciare","tag-semplice","tag-sorriso","tag-spalle","tag-spinelli","tag-stabile","tag-stabile-voleva","tag-svizzera","tag-trovare","tag-ultime-notizie","tag-ultime-notizie-e-news-di-oggi","tag-ultime-notizie-italia","tag-ultimenotizie","tag-ultimenotizieenewsdioggi","tag-ultimenotizieitalia","tag-voleva","tag-voleva-ricominciare"],"share_on_mastodon":{"url":"","error":"Validation failed: Text character limit of 500 exceeded"},"_links":{"self":[{"href":"https:\/\/www.europesays.com\/it\/wp-json\/wp\/v2\/posts\/657024","targetHints":{"allow":["GET"]}}],"collection":[{"href":"https:\/\/www.europesays.com\/it\/wp-json\/wp\/v2\/posts"}],"about":[{"href":"https:\/\/www.europesays.com\/it\/wp-json\/wp\/v2\/types\/post"}],"author":[{"embeddable":true,"href":"https:\/\/www.europesays.com\/it\/wp-json\/wp\/v2\/users\/3"}],"replies":[{"embeddable":true,"href":"https:\/\/www.europesays.com\/it\/wp-json\/wp\/v2\/comments?post=657024"}],"version-history":[{"count":0,"href":"https:\/\/www.europesays.com\/it\/wp-json\/wp\/v2\/posts\/657024\/revisions"}],"wp:featuredmedia":[{"embeddable":true,"href":"https:\/\/www.europesays.com\/it\/wp-json\/wp\/v2\/media\/657025"}],"wp:attachment":[{"href":"https:\/\/www.europesays.com\/it\/wp-json\/wp\/v2\/media?parent=657024"}],"wp:term":[{"taxonomy":"category","embeddable":true,"href":"https:\/\/www.europesays.com\/it\/wp-json\/wp\/v2\/categories?post=657024"},{"taxonomy":"post_tag","embeddable":true,"href":"https:\/\/www.europesays.com\/it\/wp-json\/wp\/v2\/tags?post=657024"}],"curies":[{"name":"wp","href":"https:\/\/api.w.org\/{rel}","templated":true}]}}