{"id":657058,"date":"2026-08-30T21:10:14","date_gmt":"2026-08-30T21:10:14","guid":{"rendered":"https:\/\/www.europesays.com\/it\/657058\/"},"modified":"2026-08-30T21:10:14","modified_gmt":"2026-08-30T21:10:14","slug":"pietro-maria-fiori-il-volontario-milanese-morto-nellalpeggio-per-il-monossido-il-lavoro-nel-design-e-la-passione-per-la-montagna-la-compagna-si-e-risvegliata","status":"publish","type":"post","link":"https:\/\/www.europesays.com\/it\/657058\/","title":{"rendered":"Pietro Maria Fiori, il volontario milanese morto nell&#8217;alpeggio per il monossido: il lavoro nel design e la passione per la montagna. La compagna si \u00e8 risvegliata"},"content":{"rendered":"<p>    di<br \/>\n    Allegra Ferrante<\/p>\n<p class=\"summary-art is-line-h-12\">Il 35enne era appena arrivato nella baita dove avrebbe affiancato i pastori. Appena possibile lasciava il computer per le avventure ad alta quota. La compagna, 32 anni, \u00e8 rimasta intossicata ed \u00e8 stata trasportata al Niguarda di Milano in condizioni critiche. Nel pomeriggio si \u00e8 risvegliata<\/p>\n<p class=\"chapter-paragraph\"><b>Pietro Maria Fiori<\/b> aveva <b>35 anni<\/b>, faceva il <b>product designer a Milano<\/b> e, appena poteva, lasciava lo schermo per la roccia: arrampicava, correva sui sentieri, partiva con la tenda, una corda e il suo cane. \u00abQueste sono le avventure che amo. Quelle che ti ricordano che basta poco per essere felici\u00bb, scriveva l\u20198 agosto su Instagram, nel profilo chiamato Trust your pit. Il meteo dava ancora pioggia. Lui era partito lo stesso, insieme ad altri due amici, verso una falesia lontana, \u00abintonsa, quasi vergine\u00bb. Tre giorni, \u00abpoco altro\u00bb. La roccia, il panorama, soprattutto il silenzio.<\/p>\n<p class=\"chapter-paragraph\">Tre settimane dopo, nella notte tra sabato e domenica, Fiori \u00e8 morto per <b><a href=\"https:\/\/torino.corriere.it\/notizie\/piemonte\/26_agosto_30\/tragedia-in-baita-il-monossido-uccide-un-margaro-sull-alpe-devero-grave-un-19enne-5-intossicati-la-telefonata-prima-di-perdere-i-ac27761a-b19a-491a-bd73-ac9ac8c0dxlk.shtml\" rel=\"nofollow noopener\" target=\"_blank\">un\u2019intossicazione da monossido di carbonio<\/a><\/b> in una <b>baita all\u2019Alpe Buscagna<\/b>, a 1.980 metri, nell\u2019area dell\u2019<b>Alpe Devero<\/b>. <b>Con lui c\u2019erano la compagna 32enne<\/b>, rimasta intossicata e ricoverata in gravi condizioni al Niguarda, e <b>quattro uomini dell\u2019azienda agricola che gestisce l\u2019alpeggio<\/b>. L\u2019allarme \u00e8 scattato intorno al mezzanotte e mezza. <b>Uno di loro<\/b>, gi\u00e0 confuso per le esalazioni, \u00e8 riuscito a <b>chiamare i soccorsi<\/b>: \u00abAiutateci\u00bb. La baita, isolata, si raggiunge con circa un\u2019ora di cammino. Il boiler dal quale potrebbe essere fuoriuscito il gas \u00e8 stato sequestrato.\u00a0La fidanzata di Fiori \u00e8 stata trasportata al Niguarda di Milano in condizioni critiche. Nel pomeriggio si \u00e8 risvegliata: <b>\u00abHa ripreso conoscenza, questo ci d\u00e0 un po&#8217; di sollievo\u00bb,<\/b> ha riferito il presidente dell&#8217;ente Aree protette dell&#8217;Ossola Pierleonardo Zaccheo, che ha aggiornato anche sugli altri feriti: \u00abI Biondo, padre e figlio titolare dell&#8217;azienda agricola, sono in via di dimissione dall&#8217;ospedale e <b>sono migliorati <\/b>anche i due operai. Saremo vicini alle famiglie\u00bb.    &#13;<br \/>\n&#13;<br \/>\n&#13;<br \/>\n&#13;<br \/>\n&#13;<br \/>\n&#13;<br \/>\n&#13;<br \/>\n&#13;<br \/>\n&#13;<br \/>\n&#13;<br \/>\n&#13;<br \/>\n&#13;<br \/>\n&#13;<br \/>\n&#13;<br \/>\n&#13;<br \/>\n&#13;<br \/>\n&#13;<br \/>\n&#13;<br \/>\n&#13;<br \/>\n&#13;<br \/>\n&#13;<br \/>\n&#13;<br \/>\n&#13;<br \/>\n&#13;<br \/>\n&#13;<br \/>\n&#13;<br \/>\n&#13;<br \/>\n&#13;<br \/>\n&#13;<br \/>\n&#13;<br \/>\n&#13;<br \/>\n&#13;<br \/>\n&#13;<br \/>\n&#13;<br \/>\n&#13;<br \/>\n&#13;<br \/>\n&#13;<br \/>\n&#13;<br \/>\n&#13;<br \/>\n&#13;<br \/>\n&#13;<br \/>\n&#13;<br \/>\n&#13;<br \/>\n&#13;<br \/>\n&#13;<br \/>\n&#13;<br \/>\n&#13;<br \/>\n&#13;<br \/>\n&#13;<br \/>\n&#13;<br \/>\n&#13;<br \/>\n&#13;<br \/>\n&#13;\n<\/p>\n<p class=\"chapter-paragraph\"><b>Fiori non era l\u00ec in vacanza<\/b>. Era appena arrivato come <b>volontario di Pasturs<\/b>, il progetto della cooperativa sociale Eliante nato <b>per favorire la convivenza tra l\u2019allevamento<\/b> e i grandi predatori alpini. <b>I partecipanti<\/b> vengono selezionati e formati prima di trascorrere un periodo in alpeggio, dove lavorano <b>fianco a fianco con gli allevatori e li aiutano nelle attivit\u00e0 quotidiane<\/b>. In cambio imparano pratiche, ritmi e conoscenze di un mestiere antico. Nato sulle Orobie bergamasche, il progetto \u00e8 cresciuto negli anni fino a diventare una rete attiva in diversi territori montani. <b>Pietro era stato assegnato all\u2019Alpe Buscagna<\/b>, dove avrebbe lavorato accanto agli allevatori Janis e Francesco Pelfini.<\/p>\n<p class=\"chapter-paragraph\">La montagna, negli ultimi mesi, era diventata anche una sfida diversa. \u00abPoco tempo fa ho iniziato a correre. In montagna da ancora meno\u00bb, raccontava il 27 luglio, dopo aver partecipato alla VUT, l\u2019<b>Ultra Trail della Valmalenco<\/b>, la sua <b>prima gara di corsa in montagna<\/b>. Quello che era nato \u00abun po\u2019 per gioco\u00bb stava diventando qualcosa di pi\u00f9 grande: salite, chilometri, fatica. \u00abUna cosa che, fino a poco tempo fa, avrei definito pura follia\u00bb. Poi il traguardo, gli amici, \u00abogni singolo centimetro di sofferenza\u00bb condiviso fino all\u2019arrivo. Il programma era gi\u00e0 scritto: continuare, esplorare, alzare l\u2019asticella. \u00abPrimo obiettivo, aumentare i chilometri. Dai dai dai\u00bb.<\/p>\n<p class=\"is-mr-t-20 is-mr-b-20\"><b><br \/>\n                    <a href=\"https:\/\/milano.corriere.it\/?intcmp=Notizielocali_nd_010623_corriere_ss_milano\" target=\"_blank\" rel=\"nofollow noopener\">Vai a tutte le notizie di Milano<\/a><br \/>\n            <\/b><\/p>\n<p class=\"chapter-paragraph\"><b><a href=\"https:\/\/www.corriere.it\/newsletter\/?theme=41&amp;intcmp=IIIcolonna_NL_CorMilano\" target=\"_blank\" rel=\"nofollow noopener\">Iscriviti alla newsletter di Corriere Milano<\/a><\/b><\/p>\n<p class=\"is-last-update\" datetime=\"2026-08-30T20:22:04+02:00\">30 agosto 2026 ( modifica il 30 agosto 2026 | 20:22)<\/p>\n<p class=\"is-copyright\">\n            \u00a9 RIPRODUZIONE RISERVATA\n        <\/p>\n","protected":false},"excerpt":{"rendered":"di Allegra Ferrante Il 35enne era appena arrivato nella baita dove avrebbe affiancato i pastori. Appena possibile lasciava&hellip;\n","protected":false},"author":3,"featured_media":657059,"comment_status":"","ping_status":"","sticky":false,"template":"","format":"standard","meta":{"footnotes":"","_share_on_mastodon":"0"},"categories":[6],"tags":[56811,20829,145998,362048,362049,1266,2201,81351,3077,80014,4072,177725,53720,362046,2225,6982,362542,362543,3858,61259,362544,9182,362545,362546,14,3964,7626,8,362547,1537,90,89,87333,1259,362548,28,362549,362550,167716,14274,300,2737,7,8502,15,82,9,83,10,23939,362541,13,11,80,84,12,81,85],"class_list":["post-657058","post","type-post","status-publish","format-standard","has-post-thumbnail","category-ultime-notizie","tag-agricola","tag-allevatori","tag-alpe","tag-alpe-buscagna","tag-alpeggio","tag-amici","tag-appena","tag-appena-arrivato","tag-arrivato","tag-avventure","tag-azienda","tag-azienda-agricola","tag-baita","tag-buscagna","tag-chilometri","tag-compagna","tag-compagna-rimasta","tag-compagna-rimasta-intossicata","tag-condizioni","tag-condizioni-critiche","tag-condizioni-critiche-pomeriggio","tag-critiche","tag-critiche-pomeriggio","tag-critiche-pomeriggio-risvegliata","tag-cronaca","tag-fianco","tag-fiori","tag-headlines","tag-intossicata","tag-it","tag-italia","tag-italy","tag-lasciava","tag-maria","tag-maria-fiori","tag-milano","tag-milano-condizioni","tag-milano-condizioni-critiche","tag-monossido","tag-montagna","tag-morto","tag-nato","tag-news","tag-niguarda","tag-notizie","tag-notizie-di-cronaca","tag-notizie-principali","tag-notiziedicronaca","tag-notizieprincipali","tag-pietro","tag-risvegliata","tag-titoli","tag-ultime-notizie","tag-ultime-notizie-di-cronaca","tag-ultime-notizie-e-news-di-oggi","tag-ultimenotizie","tag-ultimenotiziedicronaca","tag-ultimenotizieenewsdioggi"],"share_on_mastodon":{"url":"","error":"Validation failed: Text character limit of 500 exceeded"},"_links":{"self":[{"href":"https:\/\/www.europesays.com\/it\/wp-json\/wp\/v2\/posts\/657058","targetHints":{"allow":["GET"]}}],"collection":[{"href":"https:\/\/www.europesays.com\/it\/wp-json\/wp\/v2\/posts"}],"about":[{"href":"https:\/\/www.europesays.com\/it\/wp-json\/wp\/v2\/types\/post"}],"author":[{"embeddable":true,"href":"https:\/\/www.europesays.com\/it\/wp-json\/wp\/v2\/users\/3"}],"replies":[{"embeddable":true,"href":"https:\/\/www.europesays.com\/it\/wp-json\/wp\/v2\/comments?post=657058"}],"version-history":[{"count":0,"href":"https:\/\/www.europesays.com\/it\/wp-json\/wp\/v2\/posts\/657058\/revisions"}],"wp:featuredmedia":[{"embeddable":true,"href":"https:\/\/www.europesays.com\/it\/wp-json\/wp\/v2\/media\/657059"}],"wp:attachment":[{"href":"https:\/\/www.europesays.com\/it\/wp-json\/wp\/v2\/media?parent=657058"}],"wp:term":[{"taxonomy":"category","embeddable":true,"href":"https:\/\/www.europesays.com\/it\/wp-json\/wp\/v2\/categories?post=657058"},{"taxonomy":"post_tag","embeddable":true,"href":"https:\/\/www.europesays.com\/it\/wp-json\/wp\/v2\/tags?post=657058"}],"curies":[{"name":"wp","href":"https:\/\/api.w.org\/{rel}","templated":true}]}}