{"id":657075,"date":"2026-08-30T21:28:21","date_gmt":"2026-08-30T21:28:21","guid":{"rendered":"https:\/\/www.europesays.com\/it\/657075\/"},"modified":"2026-08-30T21:28:21","modified_gmt":"2026-08-30T21:28:21","slug":"mannarino-chiude-sunbeach-con-i-brani-dellultimo-disco-primo-amore","status":"publish","type":"post","link":"https:\/\/www.europesays.com\/it\/657075\/","title":{"rendered":"Mannarino chiude SunBeach con i brani dell\u2019ultimo disco \u201cPrimo amore\u201d"},"content":{"rendered":"<p>Si tratta di un appuntamento atteso, che permetter\u00e0 al pubblico di ritrovare uno dei personaggi della musica pi\u00f9 istrionici e talentuosi dal punto di vista scenico, in grado di essere \u201ccantattore\u201d mediante brani in cui riesce ad esprimere innovazione e spiritico popolaresco, poesia e rabbia, goliardia e profondit\u00e0.  <\/p>\n<p>La rassegna<\/p>\n<p>Parliamo di Mannarino, colui che domani sera chiuder\u00e0 il SunBeach Weekend di San Benedetto del Tronto, la manifestazione a ingresso gratuito allestita sulla banchina Malfizia del porto. Per Mannarino si tratta di una delle tappe estive del suo tour, dopo l\u2019uscita dell\u2019album Primo amore, pubblicato a maggio e nuovo capitolo del percorso professionale dell\u2019amatissimo artista romano, anticipato dal singolo Ciao, brano che sar\u00e0 presentato con gli altri pezzi compresi nel disco, il sesto della sua carriera. Il concerto, la cui scaletta prevede di riproporre anche le diverse fasi artistiche del suo iter, recuperando i pezzi pi\u00f9 conosciuti del suo repertorio &#8211; da Me so\u2019 mbriacato a Statte zitta, da Serenata lacrimosa a Scetate vajo, da Cantar\u00e9 a Fatte baci\u00e0 &#8211; riporter\u00e0 Mannarino nelle Marche, luogo dove si \u00e8 esibito con successo molte volte e che lo ha visto anche ospite a Musicultura nel 2011. \u00abLa serata di domani porter\u00e0 sul palco un concerto che, dopo tutte le date di questa stagione, ha continuato a trasformarsi e a trovare ogni volta una forma diversa\u00bb ha esordito Mannarino. \u00abOgni volta cerco di non replicare uno spettacolo, ma fare in modo che quel qualcosa possa esistere solo in quel momento\u00bb confessa il cantautore. Mannarino arriva a questo suo sesto disco dopo un percorso iniziato da solista nel 2009 con l\u2019album Bar della rabbia, a cui poi sono seguiti Supersantos (2011), Al Monte (2014), Apriti cielo (2017) e V (2021). Sebbene la sua carriera sia stata piena di esperienze, tra dj set, cinema, radio, tv e teatro, l\u2019artista romano ha sempre avuto un rapporto speciale con il pubblico, mediante i live. \u00abNegli ultimi abbiamo costruito il concerto come un flusso, cercando di non interrompere quello che nasce tra un brano e l\u2019altro: ci sono momenti in cui il ritmo prende tutto e il corpo viene prima del pensiero, e altri in cui invece il concerto si spoglia e rimane qualcosa di molto pi\u00f9 intimo\u00bb rivela circa le peculiarit\u00e0 delle sue pi\u00f9 recenti tappe dal vivo.  <\/p>\n<p>L\u2019origine<\/p>\n<p>\u00abIl disco Primo Amore \u00e8 nato in un tempo solitario, di viaggio e di ricerca: adesso mi interessa vedere cosa succede a quelle canzoni quando finiscono in mezzo alle persone\u00bb confessa il cantautore, certo che i brani sul palco stiano acquisendo nuova veste. \u00abAnche le altre canzoni, messe accanto a quelle di Primo Amore, riescono a cambiare significato, come se le stessi rileggendo da un punto diverso della mia vita\u00bb conclude Mannarino, tra i pochi artisti italiani dediti a un\u2019evoluzione dettata anche dalle tante collaborazioni intessute in tutti questi anni: tra i tanti, con musicisti quali Samuel dei Subsonica e David Riondino; con big della tv come Fiorello e Serena Dandini; con attori del calibro di Ascanio Celestini, Massimiliano Bruno e Valerio Aprea.  <\/p>\n","protected":false},"excerpt":{"rendered":"Si tratta di un appuntamento atteso, che permetter\u00e0 al pubblico di ritrovare uno dei personaggi della musica pi\u00f9&hellip;\n","protected":false},"author":3,"featured_media":657076,"comment_status":"","ping_status":"","sticky":false,"template":"","format":"standard","meta":{"footnotes":"","_share_on_mastodon":"0"},"categories":[1443],"tags":[203,204,1537,90,89,37876,1538,1539,3145],"class_list":["post-657075","post","type-post","status-publish","format-standard","has-post-thumbnail","category-musica","tag-entertainment","tag-intrattenimento","tag-it","tag-italia","tag-italy","tag-mannarino","tag-music","tag-musica","tag-san-benedetto"],"share_on_mastodon":{"url":"https:\/\/pubeurope.com\/@it\/117186586499719621","error":""},"_links":{"self":[{"href":"https:\/\/www.europesays.com\/it\/wp-json\/wp\/v2\/posts\/657075","targetHints":{"allow":["GET"]}}],"collection":[{"href":"https:\/\/www.europesays.com\/it\/wp-json\/wp\/v2\/posts"}],"about":[{"href":"https:\/\/www.europesays.com\/it\/wp-json\/wp\/v2\/types\/post"}],"author":[{"embeddable":true,"href":"https:\/\/www.europesays.com\/it\/wp-json\/wp\/v2\/users\/3"}],"replies":[{"embeddable":true,"href":"https:\/\/www.europesays.com\/it\/wp-json\/wp\/v2\/comments?post=657075"}],"version-history":[{"count":0,"href":"https:\/\/www.europesays.com\/it\/wp-json\/wp\/v2\/posts\/657075\/revisions"}],"wp:featuredmedia":[{"embeddable":true,"href":"https:\/\/www.europesays.com\/it\/wp-json\/wp\/v2\/media\/657076"}],"wp:attachment":[{"href":"https:\/\/www.europesays.com\/it\/wp-json\/wp\/v2\/media?parent=657075"}],"wp:term":[{"taxonomy":"category","embeddable":true,"href":"https:\/\/www.europesays.com\/it\/wp-json\/wp\/v2\/categories?post=657075"},{"taxonomy":"post_tag","embeddable":true,"href":"https:\/\/www.europesays.com\/it\/wp-json\/wp\/v2\/tags?post=657075"}],"curies":[{"name":"wp","href":"https:\/\/api.w.org\/{rel}","templated":true}]}}