{"id":657108,"date":"2026-08-30T21:55:18","date_gmt":"2026-08-30T21:55:18","guid":{"rendered":"https:\/\/www.europesays.com\/it\/657108\/"},"modified":"2026-08-30T21:55:18","modified_gmt":"2026-08-30T21:55:18","slug":"a-i-r-e-associazione-italiana-per-la-radio-depoca-gruppo-firenze-a-calenzano-dal-5-al-9-settembre-2026","status":"publish","type":"post","link":"https:\/\/www.europesays.com\/it\/657108\/","title":{"rendered":"A.I.R.E. Associazione Italiana per la Radio d\u2019Epoca \u2013 gruppo Firenze \u2013 a Calenzano dal 5 al 9 settembre 2026"},"content":{"rendered":"<p><strong>Calenzano celebra l\u201982mo Anniversario della Liberazione<\/strong>. La citt\u00e0 sar\u00e0 interessata da una molteplicit\u00e0 di eventi.<strong> AIRE<\/strong>, <strong>dal 5 al 9 settembre<\/strong>, \u00e8 presente con la mostra <strong>DENTRO E FUORI IL FILO SPINATO<\/strong> \u2013 il contributo della radio nell\u2019Italia liberata e nella resistenza passiva degli Internati Militari<\/p>\n<p>Il <strong>Comune di Calenzano e ANPI celebrano l\u201982mo Anniversario della Liberazione con eventi dal 4 al 13 settembre<\/strong>. <strong>AIRE,<\/strong> gruppo di Firenze, ha organizzato un\u2019interessante mostra tematica dal titolo fortemente evocativo: <strong>DENTRO E FUORI IL FILO SPINATO <\/strong>\u2013 il contributo della radio nell\u2019Italia liberata e nella resistenza passiva degli Internati Militari.<br \/>E\u2019 un percorso espositivo attraverso installazioni originali per scoprire il ruolo della radio nella seconda guerra mondiale.<\/p>\n<p>Attraverso le radio emittenti, clandestine e non, si ripercorrer\u00e0 il tragitto degli Alleati, partendo da radio Palermo fino a Radio Milano. Si parler\u00e0 anche di alcune emittenti straniere, Radio Londra in primis. Di particolare interesse saranno le radio utilizzate dalle spie e quelle clandestine di collegamento tra Partigiano e Alleati, tra le quali radio CO.RA..<\/p>\n<p>\u201cST.ART Eventi, in via Garibaldi 7, sar\u00e0 la meravigliosa location che ospiter\u00e0 la mostra \u2013 evidenzia Riccardo Chiari, capogruppo di AIRE Firenze \u2013 in merito \u00e8 stata realizzata una accattivante architettura per una migliore godibilit\u00e0 di quanto esposto\u201d.<br \/>\u201cNon mancher\u00e0 la suggestione delle radio clandestine realizzate all\u2019interno dei lager con mezzi di fortuna \u2013 puntualizza Roberto D\u2019Amore, consigliere nazionale di AIRE \u2013 n\u00e9 la possibilit\u00e0 di poterle mettere in funzione e ascoltarle come ai tempi della guerra\u201d.<\/p>\n<p>\u201cCiascun corner rappresenter\u00e0 una stazione, con una scheda sintetica descrittiva ed un QRCODE per accedere nell\u2019immediato ad una serie di interessanti approfondimenti \u2013 puntualizza Umberto Alunni giornalista e consigliere nazionale di AIRE \u2013 con il corredo di radio riceventi della seconda guerra\u201d.<\/p>\n<p>Negli orari di apertura saranno presenti soci AIRE che potranno soddisfare le singole curiosit\u00e0. varie prove di ascolto, materiale documentario dell\u2019epoca e video emozionali rappresenteranno gli ulteriori contributi divulgativi che caratterizzeranno la mostra.<br \/>Insomma, un evento per tutti i gusti e le curiosit\u00e0.<\/p>\n<p>Grazie alla collaborazione con la web radio AMERIARADIO, media partner e repository dell\u2019evento, la mostra continuer\u00e0 a poter essere consultata anche dopo la chiusura.<br \/>Sar\u00e0 visitabile da<strong> sabato 5 settembre, dalle 17 alle 22. Domenica 6 settembre dalle 10 alle 12 e dalle 17 alle 22. Luned\u00ec 7, Marted\u00ec 8 e Mercoled\u00ec 9 dalle 17 alle 20<\/strong>.<\/p>\n<p>L\u2019ingresso \u00e8 gratuito.<\/p>\n<p>L\u2019inaugurazione dell\u2019evento sar\u00e0 salutata da Autorit\u00e0 e Personalit\u00e0 che non faranno mancare la propria vicinanza. AIRE gruppo di Firenze continua ad integrarsi in modo sinergico con la realt\u00e0 locale non facendo mancare il suo contributo divulgativo.<\/p>\n<p>da comunicato stampa<\/p>\n","protected":false},"excerpt":{"rendered":"Calenzano celebra l\u201982mo Anniversario della Liberazione. La citt\u00e0 sar\u00e0 interessata da una molteplicit\u00e0 di eventi. AIRE, dal 5&hellip;\n","protected":false},"author":3,"featured_media":657109,"comment_status":"","ping_status":"","sticky":false,"template":"","format":"standard","meta":{"footnotes":"","_share_on_mastodon":"0"},"categories":[1443],"tags":[362573,362574,203,204,1537,90,89,1538,1539,4061],"class_list":["post-657108","post","type-post","status-publish","format-standard","has-post-thumbnail","category-musica","tag-a-i-r-e-associazione-italiana-per-la-radio-depoca","tag-dentro-e-fuori-il-filo-spinato","tag-entertainment","tag-intrattenimento","tag-it","tag-italia","tag-italy","tag-music","tag-musica","tag-radio"],"share_on_mastodon":{"url":"https:\/\/pubeurope.com\/@it\/117186692765443939","error":""},"_links":{"self":[{"href":"https:\/\/www.europesays.com\/it\/wp-json\/wp\/v2\/posts\/657108","targetHints":{"allow":["GET"]}}],"collection":[{"href":"https:\/\/www.europesays.com\/it\/wp-json\/wp\/v2\/posts"}],"about":[{"href":"https:\/\/www.europesays.com\/it\/wp-json\/wp\/v2\/types\/post"}],"author":[{"embeddable":true,"href":"https:\/\/www.europesays.com\/it\/wp-json\/wp\/v2\/users\/3"}],"replies":[{"embeddable":true,"href":"https:\/\/www.europesays.com\/it\/wp-json\/wp\/v2\/comments?post=657108"}],"version-history":[{"count":0,"href":"https:\/\/www.europesays.com\/it\/wp-json\/wp\/v2\/posts\/657108\/revisions"}],"wp:featuredmedia":[{"embeddable":true,"href":"https:\/\/www.europesays.com\/it\/wp-json\/wp\/v2\/media\/657109"}],"wp:attachment":[{"href":"https:\/\/www.europesays.com\/it\/wp-json\/wp\/v2\/media?parent=657108"}],"wp:term":[{"taxonomy":"category","embeddable":true,"href":"https:\/\/www.europesays.com\/it\/wp-json\/wp\/v2\/categories?post=657108"},{"taxonomy":"post_tag","embeddable":true,"href":"https:\/\/www.europesays.com\/it\/wp-json\/wp\/v2\/tags?post=657108"}],"curies":[{"name":"wp","href":"https:\/\/api.w.org\/{rel}","templated":true}]}}