{"id":657114,"date":"2026-08-30T21:59:19","date_gmt":"2026-08-30T21:59:19","guid":{"rendered":"https:\/\/www.europesays.com\/it\/657114\/"},"modified":"2026-08-30T21:59:19","modified_gmt":"2026-08-30T21:59:19","slug":"riccardo-merli-dalla-stella-con-oldani-e-ducasse-al-ristorante-nel-borgo-di-50-abitanti-in-liguria-sara-a-misura-di-famiglia-milano-corre-troppo-veloce","status":"publish","type":"post","link":"https:\/\/www.europesays.com\/it\/657114\/","title":{"rendered":"Riccardo Merli, dalla stella con Oldani (e Ducasse) al ristorante nel borgo di 50 abitanti in Liguria: \u00abSar\u00e0 a misura di famiglia. Milano? Corre troppo veloce\u00bb"},"content":{"rendered":"<p>                      di\u00a0Alessandra Dal Monte<\/p>\n<p class=\"summary-art is--brera-r is-mr-b-20 is-mr-t-20\">Dopo 13 anni con Oldani e uno e mezzo con Ducasse il cuoco 36enne che ha portato la stella Michelin all&#8217;\u00abOlmo\u00bb di Cornaredo inizia la sua carriera da patron: aprir\u00e0 \u00abPetricore\u00bb a Lingueglietta (Imperia), dove punter\u00e0 su una cucina classica e gustosa<\/p>\n<p class=\"chapter-paragraph\">La voce \u00e8 quella emozionata ed entusiasta dei <b>nuovi inizi<\/b>:\u00a0\u00abAprir\u00f2 all&#8217;incirca a <b>met\u00e0 settembre<\/b>, dipende da quando mi arriva il bancone del bar: il resto \u00e8 tutto pronto\u00bb. <b>Riccardo Merli<\/b>, 36 anni, risponde al telefono dalla <b>Liguria<\/b>, per la precisione da <b>Lingueglietta<\/b>, frazione di Cipressa (Imperia). Un borgo medievale praticamente intatto di<b> 50 abitanti<\/b>, leggermente nell&#8217;entroterra, da cui si vede il mare. \u00c8\u00a0qui che a breve aprir\u00e0 il suo <b>ristorante da 30 coperti\u00a0<\/b><b>\u00abPetricore\u00bb<\/b>, parola scoperta da adulto per dare il nome a un&#8217;emozione provata tante volte da bambino. \u00ab&#8221;Petricore&#8221; \u00e8 <b>il profumo della pioggia che batte sulla terra asciutta<\/b>: da piccolo scalpitavo per uscire a giocare, nel Tortonese dove sono cresciuto, e quando stava per piovere mia mamma mi teneva in casa. Io aspettavo che le gocce d&#8217;acqua sprigionassero quell&#8217;odore, che per me equivaleva a un senso di attesa, ma anche di calma e pace\u00bb. Esattamente la sensazione che Merli vuole ricreare con questo progetto, un cambio di passo rispetto alla sua vita precedente alle porte di Milano:<b> 15 anni\u00a0<\/b>trascorsi a Cornaredo, a fianco dello chef due stelle Michelin <b>Davide Oldani<\/b>, suo maestro e mentore, incluso un anno e mezzo a Montecarlo al\u00a0\u00abLouis XV\u00bb, il tre stelle di <b>Alain Ducasse<\/b>. Merli viene dal successo di <b>\u00abOlmo\u00bb<\/b>, il ristorante accanto al \u00abD&#8217;O\u00bb che Oldani gli ha affidato nel gennaio 2024 e in cui,\u00a0in pochi mesi, lui ha agguantato la stella Michelin.\u00a0<\/p>\n<p class=\"chapter-paragraph\"><b>Riccardo, come mai ha deciso di lasciare \u00abOlmo\u00bb, la stella, Oldani, Milano?<\/b><br \/>\u00abNon \u00e8 stata una scelta facile ma, diciamo, \u00e8 stata portata dalla vita: mi sono sposato l&#8217;estate scorsa con mia moglie Elena, abbiamo il progetto di creare una famiglia, siamo entrambi innamorati della Liguria. Abbiamo trovato una bella casa in riva al mare a Cipressa e poi, per caso, \u00e8 capitato che la vecchia gestione del ristorante-bar di Lingueglietta cedesse l&#8217;attivit\u00e0: si trova a sei minuti di motorino da dove abitiamo. Ci siamo guardati e ci siamo detti: &#8220;facciamolo&#8221;\u00bb.\u00a0    &#13;<br \/>\n&#13;<br \/>\n&#13;<br \/>\n&#13;<br \/>\n&#13;<br \/>\n&#13;<br \/>\n&#13;<br \/>\n&#13;<br \/>\n&#13;<br \/>\n&#13;<br \/>\n&#13;<br \/>\n&#13;<br \/>\n&#13;<br \/>\n&#13;<br \/>\n&#13;<br \/>\n&#13;<br \/>\n&#13;<br \/>\n&#13;<br \/>\n&#13;<br \/>\n&#13;<br \/>\n&#13;<br \/>\n&#13;<br \/>\n&#13;<br \/>\n&#13;<br \/>\n&#13;<br \/>\n&#13;<br \/>\n&#13;<br \/>\n&#13;<br \/>\n&#13;<br \/>\n&#13;<br \/>\n&#13;<br \/>\n&#13;<br \/>\n&#13;<br \/>\n&#13;<br \/>\n&#13;<br \/>\n&#13;<br \/>\n&#13;<br \/>\n&#13;<br \/>\n&#13;<br \/>\n&#13;<br \/>\n&#13;<br \/>\n&#13;<br \/>\n&#13;<br \/>\n&#13;<br \/>\n&#13;<br \/>\n&#13;<br \/>\n&#13;<br \/>\n&#13;<br \/>\n&#13;<br \/>\n&#13;<br \/>\n&#13;<br \/>\n&#13;<br \/>\n&#13;\n<\/p>\n<p class=\"chapter-paragraph\"><b>Che ristorante sar\u00e0\u00a0\u00abPetricore\u00bb?<\/b><br \/>\u00abPer me \u00e8 proprio il ristorante come me lo immagino: un piccolo locale in un borgo autentico, da cui si vede il mare, fuori dal caos. Un luogo in cui il tempo rallenta, in cui posso immaginare di lavorare vedendo mio figlio fuori nel cortile che gioca. Esattamente quello che desidero in questo momento della mia vita, in cui ho deciso di cucire il lavoro addosso a me. Qui posso creare un ristorante a misura di famiglia\u00bb.<\/p>\n<p class=\"chapter-paragraph\"><b>Si era stancato di Milano e Cornaredo?<\/b><br \/>\u00abAvevo il mio equilibrio anche l\u00ec: vivevo a Bareggio, vicinissimo al ristorante, ci potevo andare a piedi o in bicicletta.\u00a0 Ma Milano\u00a0corre troppo veloce, o la ami alla follia o a un certo punto ne fai a meno. La Lombardia mi ha dato tanto ma il richiamo del mare, da cui sono sempre stato attratto, ha vinto. Non ho il rifiuto per la mia vita precedente, non sto scappando: ho solo preso una decisione. E, alla fine, di tutti gli anni di lavoro nelle grandi cucine ho solo bei ricordi\u00bb.<\/p>\n<p class=\"chapter-paragraph\"><b>Anche del periodo da Ducasse, che <a href=\"https:\/\/video.corriere.it\/cucina\/cook-list-2024-riccardo-merli-chef-ristorante-olmo-cornaredo-milano\/1d78e584-abc7-11ef-918d-9f5f077b1d13\" target=\"_blank\" rel=\"nofollow noopener\">a Cook aveva raccontato essere stato molto duro<\/a>?<\/b><br \/>\u00abS\u00ec: 10 anni dopo anche di quei mesi difficilisimi a Montecarlo, in cui ero l&#8217;unico italiano in una brigata di 25 chef francesi, non conoscevo la lingua, sono stato buttato in alta stagione a cucinare in un tre stelle Michelin, alla fine ho ricordi positivi. Ogni tanto mia mamma mi chiede che cosa deve fare con lo zaino da surf gigante che avevo comprato in un giorno particolarmente duro, con l&#8217;idea di impacchettare tutto e scappare a casa&#8230; oggi so che anche quelle sensazioni mi sono servite\u00bb.<\/p>\n<p class=\"chapter-paragraph\"><b>Che cucina far\u00e0 da \u00abPetricore\u00bb?\u00a0<\/b><br \/>\u00abUna cucina classica, tradizionale, ben impiattata ma meno estrosa rispetto a quella di &#8220;Olmo&#8221;. Punter\u00f2 tutto sul gusto. Ho deciso che il men\u00f9 sar\u00e0 alla carta: tre antipasti, tre primi, tre secondi e dolci al carrello. Prezzi medi: 14-15 euro gli antipasti, 18-20 euro i primi, 22-23 euro i secondi, 5-6 euro i dolci\u00bb.<\/p>\n<p class=\"chapter-paragraph\"><b>Qualche esempio di piatto?<\/b><br \/>\u00abUna rivisitazione del pollo alla Marengo, inventato dal cuoco personale di Napoleone dopo la battaglia del 1800 avvenuta nell&#8217;Alessandrino, con il coniglio: faccio un ripieno di verdure e gamberi da servire con una bisque. Oppure la versione ligure della Nerano: una reginetta ripiena di provolone con zucchine trombetta saltate, erbe locali, caciocavallo&#8230; Le persone che vengono qui conoscono la cucina locale, io le voglio colpire con piatti non complicati e molto gustosi. In questi giorni stavo anche provando un bab\u00e0 con i fichi, oltre ai dolci al cucchiaio&#8230;\u00bb.<\/p>\n<p class=\"chapter-paragraph\"><b>E la carta vini?<\/b><br \/>\u00abQuello dei vini \u00e8 un mondo per me nuovo che mi sta gasando: concentrer\u00f2 la carta su Liguria e Piemonte, con un focus su Walter Massa, produttore a cui sono molto legato. Poi avr\u00f2 un bianco e un rosso per ogni regione italiana, oltre a qualche dealcolato su cui sto ragionando adesso\u00bb.<\/p>\n<p class=\"chapter-paragraph\"><b>A che punto \u00e8 con la squadra?<\/b><br \/>\u00abSto cercando una persona in sala, di cui ho gi\u00e0 il contatto, e un addetto al lavaggio: non serve di pi\u00f9 per ora\u00bb.<\/p>\n<p class=\"chapter-paragraph\"><b>L&#8217;idea \u00e8 essere anche un bar&#8230;<\/b><br \/>\u00abS\u00ec, perch\u00e9 questo prima era il riferimento del borgo, un bar-trattoria. Non voglio togliere questo servizio ai residenti e a chi viene qui in vacanza da generazioni: quindi dalla primavera prossima l&#8217;idea \u00e8 essere aperto dal mattino con il bar per servire la colazione, qualche piatto, qualche stuzzichino e pochi drink semplici per l&#8217;aperitivo. Niente Paloma, solo i classici da bar anni Ottanta. Poi il ristorante sar\u00e0 attivo la sera\u00bb.<\/p>\n<p class=\"chapter-paragraph\"><b>Punta di nuovo alla stella?<\/b><br \/>\u00abNon si dice mai di no, ma non \u00e8 il focus iniziale: io anche da &#8220;Olmo&#8221; la stella non me l\u2019aspettavo, volevo solo fare una buona cucina. Ottenerla \u00e8 stato un bel riconoscimento, una soddisfazione, ma non volevo dimostrare qualcosa a me stesso o agli altri: \u00e8 successo e basta. Ora da &#8220;Petricore&#8221; voglio intanto partire bene, far contenti i clienti, soddisfarli con piatti semplici e gustosi. E dedicarmi alla famiglia: la vita \u00e8 una e non voglio concentrarla solo sul lavoro. Al resto penser\u00f2 pi\u00f9 avanti\u00bb.\u00a0<\/p>\n<p class=\"chapter-paragraph\"><b>Come l&#8217;ha presa lo chef Oldani?<\/b><br \/>\u00abBenissimo, ci siamo lasciati in maniera cristallina: probabilmente se lo aspettava perch\u00e9 \u00e8 normale che chi fa il nostro mestiere voglia a un certo punto aprire qualcosa di suo. Mi ha fin da subito detto che era felice per me, e al posto mio da &#8220;Olmo&#8221; ora c&#8217;\u00e8 Alessandro Ghezzi, prima addetto ai secondi del &#8220;D&#8217;O&#8221;. Un ragazzo d&#8217;oro. So bene cosa lascio: realt\u00e0 come quelle create da Oldani sono pi\u00f9 uniche che rare, sia come qualit\u00e0 del mestiere che come team. Io l\u00ec dentro ho costruito legami fraterni. E da Oldani, per me un vero maestro, ho imparato anche l&#8217;aspetto imprenditoriale che ora mi servir\u00e0\u00bb.\u00a0<\/p>\n<p class=\"chapter-paragraph\"><b>Il suo obiettivo, d&#8217;ora in poi?<\/b><br \/>\u00abLavorare con tranquillit\u00e0\u00bb.<\/p>\n<p class=\"is-last-update\" datetime=\"2026-08-30T16:15:20+02:00\">30 agosto 2026 ( modifica il 30 agosto 2026 | 16:15)<\/p>\n<p class=\"is-copyright\">\n            \u00a9 RIPRODUZIONE RISERVATA\n        <\/p>\n","protected":false},"excerpt":{"rendered":"di\u00a0Alessandra Dal Monte Dopo 13 anni con Oldani e uno e mezzo con Ducasse il cuoco 36enne che&hellip;\n","protected":false},"author":3,"featured_media":657115,"comment_status":"","ping_status":"","sticky":false,"template":"","format":"standard","meta":{"footnotes":"","_share_on_mastodon":"0"},"categories":[174],"tags":[4111,16351,163478,28427,32737,12384,7679,9051,1483,215662,44000,36404,3450,362582,2665,5221,362583,14279,3059,23808,362580,14841,203,32017,724,1909,3948,362584,128,23670,204,1537,90,89,3776,1914,14943,362581,695,15263,4002,2050,268837,15265,47377,28,362585,362586,15024,362587,15117,170990,362588,97808,362589,362579,25081,10103,7386,2466,6092,6427,3338,2851,494,11318,7299,362590,2176,1270,1402,19930,35846,44357,1272,5046,57200,362591,2369,47379,8188],"class_list":["post-657114","post","type-post","status-publish","format-standard","has-post-thumbnail","category-intrattenimento","tag-abitanti","tag-addetto","tag-antipasti","tag-aprira","tag-aspettavo","tag-bar","tag-borgo","tag-carta","tag-chef","tag-cipressa","tag-classica","tag-cornaredo","tag-corre","tag-corre-veloce","tag-creare","tag-cucina","tag-cucina-classica","tag-cuoco","tag-deciso","tag-dolci","tag-ducasse","tag-duro","tag-entertainment","tag-esattamente","tag-euro","tag-famiglia","tag-focus","tag-gustosi","tag-idea","tag-imperia","tag-intrattenimento","tag-it","tag-italia","tag-italy","tag-lavorare","tag-li","tag-liguria","tag-lingueglietta","tag-locale","tag-maestro","tag-mamma","tag-mare","tag-merli","tag-mestiere","tag-michelin","tag-milano","tag-milano-corre","tag-milano-corre-veloce","tag-misura","tag-misura-famiglia","tag-montecarlo","tag-oldani","tag-oldani-ducasse","tag-olmo","tag-olmo-stella","tag-petricore","tag-piatti","tag-piatto","tag-piccolo","tag-pochi","tag-posso","tag-precedente","tag-primi","tag-progetto","tag-punto","tag-resto","tag-riccardo","tag-riccardo-merli","tag-ricordi","tag-rispetto","tag-ristorante","tag-secondi","tag-semplici","tag-servire","tag-so","tag-stella","tag-stella-michelin","tag-stella-oldani","tag-stelle","tag-stelle-michelin","tag-voglio"],"share_on_mastodon":{"url":"","error":"Validation failed: Text character limit of 500 exceeded"},"_links":{"self":[{"href":"https:\/\/www.europesays.com\/it\/wp-json\/wp\/v2\/posts\/657114","targetHints":{"allow":["GET"]}}],"collection":[{"href":"https:\/\/www.europesays.com\/it\/wp-json\/wp\/v2\/posts"}],"about":[{"href":"https:\/\/www.europesays.com\/it\/wp-json\/wp\/v2\/types\/post"}],"author":[{"embeddable":true,"href":"https:\/\/www.europesays.com\/it\/wp-json\/wp\/v2\/users\/3"}],"replies":[{"embeddable":true,"href":"https:\/\/www.europesays.com\/it\/wp-json\/wp\/v2\/comments?post=657114"}],"version-history":[{"count":0,"href":"https:\/\/www.europesays.com\/it\/wp-json\/wp\/v2\/posts\/657114\/revisions"}],"wp:featuredmedia":[{"embeddable":true,"href":"https:\/\/www.europesays.com\/it\/wp-json\/wp\/v2\/media\/657115"}],"wp:attachment":[{"href":"https:\/\/www.europesays.com\/it\/wp-json\/wp\/v2\/media?parent=657114"}],"wp:term":[{"taxonomy":"category","embeddable":true,"href":"https:\/\/www.europesays.com\/it\/wp-json\/wp\/v2\/categories?post=657114"},{"taxonomy":"post_tag","embeddable":true,"href":"https:\/\/www.europesays.com\/it\/wp-json\/wp\/v2\/tags?post=657114"}],"curies":[{"name":"wp","href":"https:\/\/api.w.org\/{rel}","templated":true}]}}