{"id":657121,"date":"2026-08-30T22:03:16","date_gmt":"2026-08-30T22:03:16","guid":{"rendered":"https:\/\/www.europesays.com\/it\/657121\/"},"modified":"2026-08-30T22:03:16","modified_gmt":"2026-08-30T22:03:16","slug":"turista-di-26-anni-scomparso-in-mugello-ricerche-a-terra-e-con-lelicottero-il-ragazzo-e-stato-ritrovato","status":"publish","type":"post","link":"https:\/\/www.europesays.com\/it\/657121\/","title":{"rendered":"Turista di 26 anni scomparso in Mugello, ricerche a terra e con l\u2019elicottero. Il ragazzo \u00e8 stato ritrovato"},"content":{"rendered":"<p>Borgo San Lorenzo (Firenze), 30 agosto 2026 \u2013\u00a0Ritrovato sano e salvo dopo ore di angoscia in <strong>Mugello. <\/strong>Si tratta di un\u00a0giovane <strong>turista tedesco <\/strong>che da sabato non dava pi\u00f9 sue notizie. Il 26enne, in vacanza in <strong>Toscana <\/strong>con la famiglia, era ospite di un <strong>agriturismo <\/strong>a Mucciano, nel comune di <strong>Borgo San Lorenzo<\/strong>.\u00a0<\/p>\n<p>La scomparsa\u00a0e l\u2019allarme <\/p>\n<p>Le ricerche sono iniziate oggi, 30 agosto,\u00a0intorno alle 14; i vigili del fuoco del distaccamento di Borgo San Lorenzo hanno inviato sul posto una squadra di terra e l\u2019Unit\u00e0 di comando locale nella quale il personale specializzato di topografia raccoglie le informazioni e\u00a0pianifica le zone di ricerca, coordinato dal funzionario. Attivate anche le unit\u00e0 cinofile e l\u2019elicottero Drago 160 del reparto volo di Bologna, che hanno sorvolato la zona alla ricerca del giovane turista.\u00a0<strong>E\u2019 stato anche attivato il piano prefestivo <\/strong>e sono state mobilitate le associazioni di volontariato, anch&#8217;esse coordinate dal personale dei vigili del fuoco dell\u2019Unita di coordinamento locale.<\/p>\n<p>Le ipotesi <\/p>\n<p>Secondo prime ricostruzioni, ieri sera il 26enne avrebbe detto di volere andare <strong>a fare una passeggiata a piedi<\/strong>, dallo stesso agriturismo, alle vicinanze. Ma non \u00e8 rientrato, perci\u00f2 col trascorrere delle ore \u00e8 stato deciso di dare l&#8217;allarme. Il 26enne era uscito senza portare con s\u00e9 il telefono cellulare, circostanza che ha posto ai familiari subito le prime difficolt\u00e0 per rintracciarlo. Il giovane \u00e8 stato ritrovato sano e salvo da una squadra di vigili del fuoco che lo ha affidato al personale sanitario per i controlli di rito.<\/p>\n<p>Il caso simile <\/p>\n<p>Caso analogo c&#8217;\u00e8 stato a Volterra, dove la notte scorsa i vigili del fuoco sono intervenuti dalle ore 2 per l&#8217;attivazione del piano di ricerca delle persone scomparse. Una turista canadese\u00a0non aveva fatto ritorno in albergo. L&#8217;hanno ritrovata\u00a0in buone condizioni al confine con la provincia di Siena, probabilmente si \u00e8 persa camminando per alcuni chilometri su una direzione opposta. Per cercarla <strong>\u00e8 stato anche fatto alzare in volo un drone<\/strong>, inoltre \u00e8 stato utilizzato il sistema Artemis per rintracciare il suo cellulare tramite celle telefoniche.<\/p>\n","protected":false},"excerpt":{"rendered":"Borgo San Lorenzo (Firenze), 30 agosto 2026 \u2013\u00a0Ritrovato sano e salvo dopo ore di angoscia in Mugello. Si&hellip;\n","protected":false},"author":3,"featured_media":657122,"comment_status":"","ping_status":"","sticky":false,"template":"","format":"standard","meta":{"footnotes":"","_share_on_mastodon":"0"},"categories":[79],"tags":[14,93,94,8189,1537,90,89,5513,7,15,5402,144,3585,23996,3185,547,11,84,91,12,85,92],"class_list":["post-657121","post","type-post","status-publish","format-standard","has-post-thumbnail","category-italia","tag-cronaca","tag-cronaca-italiana","tag-cronacaitaliana","tag-elicottero","tag-it","tag-italia","tag-italy","tag-mugello","tag-news","tag-notizie","tag-ragazzo","tag-ricerche","tag-ritrovato","tag-scomparso","tag-terra","tag-turista","tag-ultime-notizie","tag-ultime-notizie-e-news-di-oggi","tag-ultime-notizie-italia","tag-ultimenotizie","tag-ultimenotizieenewsdioggi","tag-ultimenotizieitalia"],"share_on_mastodon":{"url":"https:\/\/pubeurope.com\/@it\/117186724036459498","error":""},"_links":{"self":[{"href":"https:\/\/www.europesays.com\/it\/wp-json\/wp\/v2\/posts\/657121","targetHints":{"allow":["GET"]}}],"collection":[{"href":"https:\/\/www.europesays.com\/it\/wp-json\/wp\/v2\/posts"}],"about":[{"href":"https:\/\/www.europesays.com\/it\/wp-json\/wp\/v2\/types\/post"}],"author":[{"embeddable":true,"href":"https:\/\/www.europesays.com\/it\/wp-json\/wp\/v2\/users\/3"}],"replies":[{"embeddable":true,"href":"https:\/\/www.europesays.com\/it\/wp-json\/wp\/v2\/comments?post=657121"}],"version-history":[{"count":0,"href":"https:\/\/www.europesays.com\/it\/wp-json\/wp\/v2\/posts\/657121\/revisions"}],"wp:featuredmedia":[{"embeddable":true,"href":"https:\/\/www.europesays.com\/it\/wp-json\/wp\/v2\/media\/657122"}],"wp:attachment":[{"href":"https:\/\/www.europesays.com\/it\/wp-json\/wp\/v2\/media?parent=657121"}],"wp:term":[{"taxonomy":"category","embeddable":true,"href":"https:\/\/www.europesays.com\/it\/wp-json\/wp\/v2\/categories?post=657121"},{"taxonomy":"post_tag","embeddable":true,"href":"https:\/\/www.europesays.com\/it\/wp-json\/wp\/v2\/tags?post=657121"}],"curies":[{"name":"wp","href":"https:\/\/api.w.org\/{rel}","templated":true}]}}