{"id":657131,"date":"2026-08-30T22:17:33","date_gmt":"2026-08-30T22:17:33","guid":{"rendered":"https:\/\/www.europesays.com\/it\/657131\/"},"modified":"2026-08-30T22:17:33","modified_gmt":"2026-08-30T22:17:33","slug":"asta-cosa-fare-con-i-nuovi-kessie-theate-njie-de-roon-perri-fabbian-folorunsho-ngonge","status":"publish","type":"post","link":"https:\/\/www.europesays.com\/it\/657131\/","title":{"rendered":"Asta, cosa fare con i nuovi: Kessi\u00e9, Theate, Njie, de Roon, Perri, Fabbian, Folorunsho, Ngonge\u2026"},"content":{"rendered":"<p class=\"font-bold md:hidden text-ink leading-[22px]\">\n            1 di 11\n        <\/p>\n<p>                    <a href=\"https:\/\/www.sosfanta.com\/asta-fantacalcio\/asta-cosa-fare-con-i-nuovi-kessie-theate-njie-de-roon-perri-fabbian-bobcek-folorunsho-ricci-ngonge\/2\/\" class=\"flex justify-center items-center w-12 h-12 rounded-full cursor-pointer md:px-4 md:w-auto md:h-12 bg-primary-light md:gap-[11px] hover:bg-primary\" aria-label=\"Scheda successiva\" rel=\"nofollow noopener\" target=\"_blank\"><\/p>\n<p>                   Prossima scheda 1 di 11<\/p>\n<p>            <\/a><\/p>\n<p>        KESSIE<\/p>\n<p>\n<b>Franck Kessi\u00e9 &#8211; Centrocampista, Semitop<\/b>\n<\/p>\n<p>\nFranck Kessi\u00e9 \u00e8 il grande colpo a sorpresa dell\u2019Atalanta per il centrocampo. Un ritorno importante anche per il fantacalcio, era stato molto amato in quanto rigorista. \u00c8 uno specialista da 36 rigori segnati in carriera, 8 quelli sbagliati. All\u2019Atalanta si candida come possibile primo rigorista, se li contende principalmente con Scamacca. Questo \u00e8 uno dei motivi per cui si pu\u00f2 considerare di fatto un secondo slot all\u2019asta, l\u2019altro motivo \u00e8 che sulla carta sar\u00e0 titolare. L\u2019ivoriano ha ancora 29 anni e ha appena fatto un Mondiale da titolare giocando tutte le partite, in Arabia ha avuto solo un lieve infortunio di una settimana a maggio, lo stop precedente risale al 2022. Dopo aver deluso al Barcellona, all\u2019Al-Ahli ha fatto 26 gol e 15 assist in 119 partite, in campionato ben 10 gol al primo anno e 5 nello scorso.\n<\/p>\n<p>        <img src=\"https:\/\/www.europesays.com\/it\/wp-content\/uploads\/2026\/08\/Kessie-76ae9a778654-e1788028665966-480x270.jpeg\"   width=\"715\" height=\"402\" alt=\"Kessie\" title=\"Kessie\" loading=\"eager\" fetchpriority=\"high\" decoding=\"sync\" class=\"w-full h-auto aspect-3\/2 object-cover object-top rounded-lg\"\/><\/p>\n<p class=\"font-bold md:hidden text-ink leading-[22px]\">\n            1 di 11\n        <\/p>\n<p>                    <a href=\"https:\/\/www.sosfanta.com\/asta-fantacalcio\/asta-cosa-fare-con-i-nuovi-kessie-theate-njie-de-roon-perri-fabbian-bobcek-folorunsho-ricci-ngonge\/2\/\" class=\"flex justify-center items-center w-12 h-12 rounded-full cursor-pointer md:px-4 md:w-auto md:h-12 bg-primary-light md:gap-[11px] hover:bg-primary\" aria-label=\"Scheda successiva\" rel=\"nofollow noopener\" target=\"_blank\"><\/p>\n<p>                   Prossima scheda 1 di 11<\/p>\n<p>            <\/a><\/p>\n","protected":false},"excerpt":{"rendered":"1 di 11 Prossima scheda 1 di 11 KESSIE Franck Kessi\u00e9 &#8211; Centrocampista, Semitop Franck Kessi\u00e9 \u00e8 il&hellip;\n","protected":false},"author":3,"featured_media":657132,"comment_status":"","ping_status":"","sticky":false,"template":"","format":"standard","meta":{"footnotes":"","_share_on_mastodon":"0"},"categories":[1452],"tags":[2842,204902,67695,67696,362599,4197,59740,2201,2478,3077,32398,362600,8235,29736,30861,569,562,362601,362602,765,360777,362603,128432,721,1856,3153,362597,362598,1053,3155,33569,62203,62204,277,57069,4053,40862,720,3074,6003,4155,1740,2267,564,1976,27673,299522,48,2885,1537,90,89,62198,14653,33581,33582,192487,11121,5526,29199,4283,242721,2776,33014,7758,987,89397,2521,83229,1739,8041,245,244,577,362596,26462,1641,906,338],"class_list":["post-657131","post","type-post","status-publish","format-standard","has-post-thumbnail","category-calcio","tag-acquisto","tag-acquisto-importante","tag-alieu","tag-alieu-njie","tag-alternera","tag-alto","tag-alto-cm","tag-appena","tag-arriva","tag-arrivato","tag-arthur","tag-arthur-theate","tag-assist","tag-assist-partite","tag-asta","tag-atalanta","tag-attaccante","tag-attaccante-low","tag-attaccante-low-cost","tag-attacco","tag-balerdi","tag-balerdi-difensore","tag-bobcek","tag-calcio","tag-campionato","tag-centrocampista","tag-centrocampista-low","tag-centrocampista-low-cost","tag-cerca","tag-classe","tag-cost","tag-cost-seconda","tag-cost-seconda-fascia","tag-de","tag-de-roon","tag-difensore","tag-fabbian","tag-fantacalcio","tag-fascia","tag-fisso","tag-folorunsho","tag-football","tag-giocato","tag-giocatore","tag-gol","tag-gol-assist","tag-gzn_page_title","tag-importante","tag-infortunio","tag-it","tag-italia","tag-italy","tag-jolly","tag-kessie","tag-low","tag-low-cost","tag-low-cost-seconda","tag-monza","tag-ngonge","tag-njie","tag-partite","tag-perri","tag-ricci","tag-rigorista","tag-rilancio","tag-roma","tag-roon","tag-seconda","tag-seconda-fascia","tag-soccer","tag-spazio","tag-sport","tag-sports","tag-stagione","tag-theate","tag-titolare","tag-torino","tag-tratta","tag-ultimi"],"share_on_mastodon":{"url":"","error":"Validation failed: Text character limit of 500 exceeded"},"_links":{"self":[{"href":"https:\/\/www.europesays.com\/it\/wp-json\/wp\/v2\/posts\/657131","targetHints":{"allow":["GET"]}}],"collection":[{"href":"https:\/\/www.europesays.com\/it\/wp-json\/wp\/v2\/posts"}],"about":[{"href":"https:\/\/www.europesays.com\/it\/wp-json\/wp\/v2\/types\/post"}],"author":[{"embeddable":true,"href":"https:\/\/www.europesays.com\/it\/wp-json\/wp\/v2\/users\/3"}],"replies":[{"embeddable":true,"href":"https:\/\/www.europesays.com\/it\/wp-json\/wp\/v2\/comments?post=657131"}],"version-history":[{"count":0,"href":"https:\/\/www.europesays.com\/it\/wp-json\/wp\/v2\/posts\/657131\/revisions"}],"wp:featuredmedia":[{"embeddable":true,"href":"https:\/\/www.europesays.com\/it\/wp-json\/wp\/v2\/media\/657132"}],"wp:attachment":[{"href":"https:\/\/www.europesays.com\/it\/wp-json\/wp\/v2\/media?parent=657131"}],"wp:term":[{"taxonomy":"category","embeddable":true,"href":"https:\/\/www.europesays.com\/it\/wp-json\/wp\/v2\/categories?post=657131"},{"taxonomy":"post_tag","embeddable":true,"href":"https:\/\/www.europesays.com\/it\/wp-json\/wp\/v2\/tags?post=657131"}],"curies":[{"name":"wp","href":"https:\/\/api.w.org\/{rel}","templated":true}]}}