{"id":657137,"date":"2026-08-30T22:22:17","date_gmt":"2026-08-30T22:22:17","guid":{"rendered":"https:\/\/www.europesays.com\/it\/657137\/"},"modified":"2026-08-30T22:22:17","modified_gmt":"2026-08-30T22:22:17","slug":"le-anime-salve-di-fiorella-mannoia-il-mio-omaggio-a-de-andre-e-fossati-in-direzione-ostinata-e-contraria","status":"publish","type":"post","link":"https:\/\/www.europesays.com\/it\/657137\/","title":{"rendered":"Le Anime salve\u00a0di Fiorella Mannoia: il\u00a0mio omaggio a De Andr\u00e8 e Fossati\u00a0in direzione ostinata e contraria"},"content":{"rendered":"<p>Milano, 30 agosto 2026 \u2013 Metti una notte con Fabrizio e Ivano. \u201cCon questo spettacolo penso di essermi presa una grande responsabilit\u00e0\u201d, ammette <strong>Fiorella Mannoia<\/strong> nell\u2019attesa di portare il suo <strong>omaggio a De Andr\u00e9 e Fossati<\/strong> di \u201cAnime Salve &#8211; Trent\u2019anni\u201d mercoled\u00ec in piazza della Loggia a Brescia sotto l\u2019egida di Summer Music, il primo ottobre agli Arcimboldi di Milano, il 19 al Ponchielli di Cremona, il 30 al PalaUnical di Mantova, il 21 novembre alla ChorusLife Arena di Bergamo e il 23 al Teatro Galleria di Legnano.<\/p>\n<p>\u201cMa un grosso impegno se l\u2019\u00e8 preso pure mio marito Carlo (Di Francesco, ndr) che l\u2019ha arrangiato, perch\u00e9 rileggere certe canzoni mettendoci del nostro senza snaturarle \u00e8 stato un lavoro molto complesso, se si vuole azzardato, fatto, per\u00f2, <strong>con tutto l\u2019amore di cui siamo capaci<\/strong>\u201d.<\/p>\n<p>Sul palco, sotto dieci cornici bordate di luce azzurra, l\u2019affiancano in questo \u201cviaggio nell\u2019anima\u201d, parola della rossa interprete romana, 15 musicisti tra cui lo stesso Carlo Di Francesco alle percussioni.  <\/p>\n<p><strong>Cosa significa per un artista oggi andare in direzione ostinata e contraria, come dice il testo di \u201cSmisurata preghiera\u201d? <\/strong> <\/p>\n<p>\u201cPenso che l\u2019arte abbia senso solo se non \u00e8 accondiscendente, perch\u00e9 deve stimolare un pensiero critico, una riflessione, qualunque sia il linguaggio utilizzato, dalla musica alla pittura o al cinema. Io, ad esempio, ho sempre scelto canzoni partendo dai testi, perch\u00e9 sono loro a dare significato alla musica. Davanti ad un mondo orientato in una direzione che non condivido, penso che andare ostinatamente controcorrente sia un gesto rivoluzionario e politico\u201d. <\/p>\n<p><strong>L\u2019importanza di dire no.<\/strong> <\/p>\n<p>\u201cRispetto a chi non ama che io indossi una spilletta pro Palestina, che non ama che io faccia delle dichiarazioni, che prenda posizioni, s\u00ec mi sento una disobbediente, fieramente disobbediente\u201d. <\/p>\n<p><strong>C\u2019\u00e8 un momento che la emoziona particolarmente durante lo spettacolo?<\/strong> <\/p>\n<p>\u201cQuando eseguo la stessa \u2018Anime salve\u2019 faccio fatica a non emozionarmi. Pure cantare in \u2018Khorakhan\u00e9\u2019 il coraggio di un\u2019etnia oggi mal vista come quella Rom \u00e8 emozionante\u201d. <\/p>\n<p><strong>Nel 2000 \u201cKhorakhan\u00e9 (A forza di essere vento)\u201d la esegu\u00ec pure al concerto-tributo per Faber al Carlo Felice. Cosa ricorda di quell\u2019evento?<\/strong> <\/p>\n<p>\u201cLo ricordo come una serata meravigliosa, irripetibile. Uno dei pi\u00f9 bei spettacoli a cui abba assistito in vita mia. I colleghi c\u2019erano tutti, da Vasco a Celentano. Uno pi\u00f9 bravo dell\u2019altro. C\u2019era pure Franca Rame. E la versione di \u2018Bocca di Rosa\u2019 fatta da Ornella (Vanoni, ndr) fu straordinaria. Questo la dice lunga sulla considerazione che ciascuno di noi aveva per quell\u2019uomo l\u00ec\u201d. <\/p>\n<p><strong>Qual \u00e8 la canzone che ha faticato di pi\u00f9 a lasciare fuori?<\/strong> <\/p>\n<p>\u201cBeh, rinunciare a \u2018Via del Campo\u2019 m\u2019\u00e8 dispiaciuto. Volevamo aggiungerne altre, tipo \u2018Il bombarolo\u2019, ma abbiamo evitato. Anche perch\u00e9 lo spettacolo \u00e8 sviluppato come un concept e tutte le canzoni, che parlino di transessuali, rom, guerra o migranti, hanno una loro precisa direzione\u201d. <\/p>\n<p><strong>Oggi la canzone d\u2019autore fatica a intercettare le istanze dei venti-trent\u2019enni?<\/strong> <\/p>\n<p>\u201cNon credo. Ma se \u00e8 cos\u00ec la colpa \u00e8 nostra che non li facciamo ascoltare ai nostri figli. Quelli che dopo il concerto vengono a salutarmi in camerino dicono tutti \u2018mi sono avvicinata a te perch\u00e9 mamma e pap\u00e0 mi hanno fatto sentire De Andr\u00e9\u2019. Quindi la responsabilit\u00e0 \u00e8 anche nostra. Pure le radio potrebbero passarli di pi\u00f9 di quanto non facciano. \u00c8 un lavoro secondo me sociale, che dovrebbe fare la televisione, anche se oggi i ragazzi non la guardano pi\u00f9 tanto ormai\u201d.  <\/p>\n<p><strong>Gi\u00e0, ma dove sono finite le voci potenti, le lingue allenate a battere il tamburo, come le chiama con disillusione lo stesso De Andr\u00e9 ne \u201cLa domenica delle salme\u201d?<\/strong> <\/p>\n<p>\u201cHo 72 anni e appartengo a una generazione per cui le canzoni facevano riflettere e potevano cambiare la vita, come accadde a me ascoltando per la prima volta Fabrizio. In \u2018Dolcenera\u2019, per raccontare la devastazione dell\u2019acqua, evoca l\u2019immagine della \u2018tonnara di passanti\u2019: chi usa pi\u00f9 metafore cos\u00ec? Opere come \u2018Anime salve\u2019 o \u2018Titanic\u2019 di De Gregori nascono dalle letture di Alvaro Mutis e Kafka. Oggi che si legge molto meno \u00e8 difficile trovare tanta forza evocativa\u201d. <\/p>\n<p><strong>\u201cQuello che le donne non dicono\u201d la canta nel finale, ma col testo modificato. <\/strong> <\/p>\n<p>\u201cIl pubblico la vuole e negargliela sarebbe un\u2019inutile cattiveria. Cos\u00ec, quale occasione migliore per trasformare quel \u201cti diremo ancora un altro s\u00ec\u201c in un \u201c&#8230;forse\u201c. Anche per ribadire quello che continuiamo a ripetere ogni giorno con la nostra Fondazione Una Nessuna Centomila: quando una donna dice no \u00e8 no. E il sesso senza consenso \u00e8 stupro. Principio da ripetere soprattutto in un momento come questo\u201d.<\/p>\n","protected":false},"excerpt":{"rendered":"Milano, 30 agosto 2026 \u2013 Metti una notte con Fabrizio e Ivano. \u201cCon questo spettacolo penso di essermi&hellip;\n","protected":false},"author":3,"featured_media":657138,"comment_status":"","ping_status":"","sticky":false,"template":"","format":"standard","meta":{"footnotes":"","_share_on_mastodon":"0"},"categories":[1443],"tags":[9534,19352,50819,274,203,23277,26333,204,1537,90,89,23278,1538,1539,2949,190899,62331],"class_list":["post-657137","post","type-post","status-publish","format-standard","has-post-thumbnail","category-musica","tag-andre","tag-anime","tag-contraria","tag-direzione","tag-entertainment","tag-fiorella","tag-fossati","tag-intrattenimento","tag-it","tag-italia","tag-italy","tag-mannoia","tag-music","tag-musica","tag-omaggio","tag-ostinata","tag-salve"],"share_on_mastodon":{"url":"https:\/\/pubeurope.com\/@it\/117186798899568304","error":""},"_links":{"self":[{"href":"https:\/\/www.europesays.com\/it\/wp-json\/wp\/v2\/posts\/657137","targetHints":{"allow":["GET"]}}],"collection":[{"href":"https:\/\/www.europesays.com\/it\/wp-json\/wp\/v2\/posts"}],"about":[{"href":"https:\/\/www.europesays.com\/it\/wp-json\/wp\/v2\/types\/post"}],"author":[{"embeddable":true,"href":"https:\/\/www.europesays.com\/it\/wp-json\/wp\/v2\/users\/3"}],"replies":[{"embeddable":true,"href":"https:\/\/www.europesays.com\/it\/wp-json\/wp\/v2\/comments?post=657137"}],"version-history":[{"count":0,"href":"https:\/\/www.europesays.com\/it\/wp-json\/wp\/v2\/posts\/657137\/revisions"}],"wp:featuredmedia":[{"embeddable":true,"href":"https:\/\/www.europesays.com\/it\/wp-json\/wp\/v2\/media\/657138"}],"wp:attachment":[{"href":"https:\/\/www.europesays.com\/it\/wp-json\/wp\/v2\/media?parent=657137"}],"wp:term":[{"taxonomy":"category","embeddable":true,"href":"https:\/\/www.europesays.com\/it\/wp-json\/wp\/v2\/categories?post=657137"},{"taxonomy":"post_tag","embeddable":true,"href":"https:\/\/www.europesays.com\/it\/wp-json\/wp\/v2\/tags?post=657137"}],"curies":[{"name":"wp","href":"https:\/\/api.w.org\/{rel}","templated":true}]}}