{"id":657164,"date":"2026-08-30T22:45:24","date_gmt":"2026-08-30T22:45:24","guid":{"rendered":"https:\/\/www.europesays.com\/it\/657164\/"},"modified":"2026-08-30T22:45:24","modified_gmt":"2026-08-30T22:45:24","slug":"giulia-presutti-al-ristorante-di-lavitola-su-indicazione-di-ranucci-ma-lui-smentisce-e-aggiunge-lei-li-piu-di-una-volta","status":"publish","type":"post","link":"https:\/\/www.europesays.com\/it\/657164\/","title":{"rendered":"Giulia Presutti al ristorante di Lavitola: &#8220;Su indicazione di Ranucci&#8221;. Ma lui smentisce e aggiunge: &#8220;Lei l\u00ec pi\u00f9 di una volta&#8221;"},"content":{"rendered":"<p>Non c&#8217;\u00e8 pace per <a href=\"https:\/\/www.today.it\/persone\/sigfrido-ranucci\/\" target=\"_blank\" rel=\"nofollow noopener\">Sigfrido Ranucci<\/a> e per la redazione di Report, funestati dal caso Lavitola e dai rapporti opachi tra l&#8217;ormai ex conduttore e il faccendiere-ristoratore accusato di essere il mandante del suo attentato. Il quotidiano Domani ha pubblicato una foto che ritrae Giulia Presutti, la nuova conduttrice del programma insieme a Daniele Piervincenzi, cenare al Cefal\u00f9, il ristorante di <a href=\"https:\/\/www.today.it\/persone\/valter-lavitola\/\" target=\"_blank\" rel=\"nofollow noopener\">Valter Lavitola<\/a>.<\/p>\n<p><a href=\"https:\/\/www.today.it\/tv\/chi-sono-presutti-piervincenzi-conduttori-report.html\" target=\"_blank\" rel=\"nofollow noopener\">Report cambia volto: chi sono i due nuovi conduttori Giulia Presutti e Daniele Piervincenzi<\/a>La foto<\/p>\n<p>Nella foto pubblicata si vede Presutti in compagnia di almeno un&#8217;altra persona, oscurata per privacy. I due sono a un tavolo dove sono servite alcune specialit\u00e0 di mare e sorridono all&#8217;obiettivo che ha scattato l&#8217;immagine. La fotografia \u00e8 stata fatta trapelare forse per sollevare perplessit\u00e0 anche sulle frequentazioni della nuova conduttrice di Report, selezionata dai vertici Rai.<\/p>\n<p><img decoding=\"async\" src=\"https:\/\/www.europesays.com\/it\/wp-content\/uploads\/2026\/08\/giulia-presutti-bistro-cefalu-lavitola.jpg\" alt=\"giulia-presutti-bistro-cefalu-lavitola\" title=\"Presutti al Cefal\u00f9 (foto Domani)\"\/><\/p>\n<p>L&#8217;interessata ha per\u00f2 voluto precisare che l&#8217;immagine risale al 2024, l&#8217;unica occasione &#8211; secondo la sua versione &#8211; in cui avrebbe cenato al ristorante di Lavitola. Presutti, riporta Repubblica, ha precisato che si sarebbe recata al Cefal\u00f9 su indicazione di Ranucci e per motivi di lavoro.<\/p>\n<p>La smentita<\/p>\n<p>Niente di pi\u00f9 lontano dalla verit\u00e0, secondo l&#8217;ex conduttore di Report. Sigfrido Ranucci la mattina del 30 agosto ha pubblicato un messaggio su Facebook in cui smentisce la ricostruzione fornita da Repubblica. &#8220;Sono costretto a smentire Repubblica in merito a quanto avrebbe affermato Giulia Presutti sulla sua frequentazione del ristorante di Walter Lavitola&#8221;, scrive. &#8220;Non le ho mai detto di andare da lui per motivi di lavoro&#8221;, puntualizza. E poi aggiunge: &#8220;Ho saputo solo in seguito che \u00e8 andata anche altre volte da sola per dei progetti di cui non sono stato mai messo a conoscenza. Fatto verificabile anche attraverso le chat sequestrate sul telefono di Lavitola. Tanto dovevo alla verit\u00e0&#8221;.<\/p>\n<p><img decoding=\"async\" src=\"https:\/\/www.europesays.com\/it\/wp-content\/uploads\/2026\/08\/ranucci-post-facebook-presutti-lavitola.jpg\" alt=\"ranucci-post-facebook-presutti-lavitola\" title=\"Il post di Ranucci (Facebook)\"\/><\/p>\n","protected":false},"excerpt":{"rendered":"Non c&#8217;\u00e8 pace per Sigfrido Ranucci e per la redazione di Report, funestati dal caso Lavitola e dai&hellip;\n","protected":false},"author":3,"featured_media":657165,"comment_status":"","ping_status":"","sticky":false,"template":"","format":"standard","meta":{"footnotes":"","_share_on_mastodon":"0"},"categories":[1451],"tags":[362618,358750,1621,1620,203,204,1537,90,89,4910],"class_list":["post-657164","post","type-post","status-publish","format-standard","has-post-thumbnail","category-celebrita","tag-bomba-auto-sigfrido-ranucci","tag-caso-lavitola","tag-celebrita","tag-celebrities","tag-entertainment","tag-intrattenimento","tag-it","tag-italia","tag-italy","tag-report"],"share_on_mastodon":{"url":"https:\/\/pubeurope.com\/@it\/117186890359867021","error":""},"_links":{"self":[{"href":"https:\/\/www.europesays.com\/it\/wp-json\/wp\/v2\/posts\/657164","targetHints":{"allow":["GET"]}}],"collection":[{"href":"https:\/\/www.europesays.com\/it\/wp-json\/wp\/v2\/posts"}],"about":[{"href":"https:\/\/www.europesays.com\/it\/wp-json\/wp\/v2\/types\/post"}],"author":[{"embeddable":true,"href":"https:\/\/www.europesays.com\/it\/wp-json\/wp\/v2\/users\/3"}],"replies":[{"embeddable":true,"href":"https:\/\/www.europesays.com\/it\/wp-json\/wp\/v2\/comments?post=657164"}],"version-history":[{"count":0,"href":"https:\/\/www.europesays.com\/it\/wp-json\/wp\/v2\/posts\/657164\/revisions"}],"wp:featuredmedia":[{"embeddable":true,"href":"https:\/\/www.europesays.com\/it\/wp-json\/wp\/v2\/media\/657165"}],"wp:attachment":[{"href":"https:\/\/www.europesays.com\/it\/wp-json\/wp\/v2\/media?parent=657164"}],"wp:term":[{"taxonomy":"category","embeddable":true,"href":"https:\/\/www.europesays.com\/it\/wp-json\/wp\/v2\/categories?post=657164"},{"taxonomy":"post_tag","embeddable":true,"href":"https:\/\/www.europesays.com\/it\/wp-json\/wp\/v2\/tags?post=657164"}],"curies":[{"name":"wp","href":"https:\/\/api.w.org\/{rel}","templated":true}]}}