{"id":657168,"date":"2026-08-30T22:49:23","date_gmt":"2026-08-30T22:49:23","guid":{"rendered":"https:\/\/www.europesays.com\/it\/657168\/"},"modified":"2026-08-30T22:49:23","modified_gmt":"2026-08-30T22:49:23","slug":"porta-di-mare-emozioni-senza-tempo-a-nardo-rivivono-le-canzoni-di-battisti-e-mogol-con-gianmarco-carroccia","status":"publish","type":"post","link":"https:\/\/www.europesays.com\/it\/657168\/","title":{"rendered":"Porta di Mare &#8211; \u201cEmozioni\u201d senza tempo: a Nard\u00f2 rivivono le canzoni di Battisti e Mogol con Gianmarco Carroccia"},"content":{"rendered":"<p><strong>NARDO&#8217; &#8211;<\/strong> Ci sono canzoni che non invecchiano mai. Restano l\u00ec, custodite nella memoria, pronte a riaffiorare attraverso una melodia, una parola, un ricordo. \u00c8 da questa forza che nasce \u201cEmozioni \u2013 Viaggio tra le canzoni di Battisti e Mogol\u201d, lo spettacolo che vedr\u00e0 protagonista Gianmarco Carroccia il prossimo 30 agosto a Nard\u00f2.<\/p>\n<p>A partire dalle 21.30, Piazza Salandra si trasformer\u00e0 in un grande palcoscenico a cielo aperto per una serata dedicata a uno dei sodalizi pi\u00f9 importanti della musica italiana: quello tra Lucio Battisti e Mogol.<\/p>\n<p><img decoding=\"async\" src=\"https:\/\/www.europesays.com\/it\/wp-content\/uploads\/2026\/08\/EMOZIONI.jpeg\" alt=\"EMOZIONI\"\/><\/p>\n<p>Anche quest\u2019anno, a quasi 28 anni ( il 9 settembre) dalla sua scomparsa, la Citt\u00e0 di Nard\u00f2 ha voluto fortemente far rivivere il ricordo di Lucio Battisti: lo far\u00e0 attraverso la voce e l\u2019interpretazione di Gianmarco Carroccia, interprete genuino dell\u2019artista di Poggio Bustone.<\/p>\n<p>Sar\u00e0 un viaggio attraverso canzoni entrate nell\u2019immaginario collettivo, capaci di raccontare l\u2019amore, la nostalgia, la libert\u00e0, i sentimenti e quei momenti della vita nei quali \u00e8 facile riconoscersi. Brani che appartengono alla memoria di tanti, ma che continuano a emozionare anche chi li scopre per la prima volta.<\/p>\n<p>Un appuntamento che unisce musica e atmosfera, nella suggestiva cornice di Piazza Salandra, nel cuore della citt\u00e0. Una di quelle serate d\u2019estate in cui lasciarsi trasportare dalle note e cantare insieme canzoni che hanno fatto la storia della musica italiana.<\/p>\n<p>L\u2019iniziativa \u00e8 patrocinata dell\u2019Amministrazione comunale di Nard\u00f2 sindaco Pippi Mellone, dell\u2019assessore al Turismo e Spettacolo Cesare Dell\u2019Angelo Custode, del delegato al Commercio Lele Manieri e del delegato alla Cultura Francesco Plantera.<\/p>\n<p>L\u2019appuntamento \u00e8 per domenica 30 agosto, alle ore 21.30, in Piazza Salandra. L\u2019ingresso \u00e8 libero.<\/p>\n<p>Una notte per ascoltare, ricordare e, soprattutto, lasciarsi emozionare.<\/p>\n<p>\u00a0<\/p>\n","protected":false},"excerpt":{"rendered":"NARDO&#8217; &#8211; Ci sono canzoni che non invecchiano mai. Restano l\u00ec, custodite nella memoria, pronte a riaffiorare attraverso&hellip;\n","protected":false},"author":3,"featured_media":657169,"comment_status":"","ping_status":"","sticky":false,"template":"","format":"standard","meta":{"footnotes":"","_share_on_mastodon":"0"},"categories":[1443],"tags":[203,204,1537,90,89,6296,2050,1538,1539,14880,15,35830,35829,10898,3121],"class_list":["post-657168","post","type-post","status-publish","format-standard","has-post-thumbnail","category-musica","tag-entertainment","tag-intrattenimento","tag-it","tag-italia","tag-italy","tag-lecce","tag-mare","tag-music","tag-musica","tag-nardo","tag-notizie","tag-pdm","tag-porta-di-mare","tag-puglia","tag-salento"],"share_on_mastodon":{"url":"https:\/\/pubeurope.com\/@it\/117186905162557695","error":""},"_links":{"self":[{"href":"https:\/\/www.europesays.com\/it\/wp-json\/wp\/v2\/posts\/657168","targetHints":{"allow":["GET"]}}],"collection":[{"href":"https:\/\/www.europesays.com\/it\/wp-json\/wp\/v2\/posts"}],"about":[{"href":"https:\/\/www.europesays.com\/it\/wp-json\/wp\/v2\/types\/post"}],"author":[{"embeddable":true,"href":"https:\/\/www.europesays.com\/it\/wp-json\/wp\/v2\/users\/3"}],"replies":[{"embeddable":true,"href":"https:\/\/www.europesays.com\/it\/wp-json\/wp\/v2\/comments?post=657168"}],"version-history":[{"count":0,"href":"https:\/\/www.europesays.com\/it\/wp-json\/wp\/v2\/posts\/657168\/revisions"}],"wp:featuredmedia":[{"embeddable":true,"href":"https:\/\/www.europesays.com\/it\/wp-json\/wp\/v2\/media\/657169"}],"wp:attachment":[{"href":"https:\/\/www.europesays.com\/it\/wp-json\/wp\/v2\/media?parent=657168"}],"wp:term":[{"taxonomy":"category","embeddable":true,"href":"https:\/\/www.europesays.com\/it\/wp-json\/wp\/v2\/categories?post=657168"},{"taxonomy":"post_tag","embeddable":true,"href":"https:\/\/www.europesays.com\/it\/wp-json\/wp\/v2\/tags?post=657168"}],"curies":[{"name":"wp","href":"https:\/\/api.w.org\/{rel}","templated":true}]}}