{"id":657192,"date":"2026-08-30T23:12:26","date_gmt":"2026-08-30T23:12:26","guid":{"rendered":"https:\/\/www.europesays.com\/it\/657192\/"},"modified":"2026-08-30T23:12:26","modified_gmt":"2026-08-30T23:12:26","slug":"carole-roth-la-beauty-influencer-del-momento-ed-ha-103-anni","status":"publish","type":"post","link":"https:\/\/www.europesays.com\/it\/657192\/","title":{"rendered":"Carole Roth, la beauty influencer del momento. Ed ha 103 anni"},"content":{"rendered":"<p>Attraverso i profili social della sua famiglia, in particolare sul profilo TikTok del nipote Ryan Roth (anche lui social star), la signora ha conquistato milioni di utenti. Sempre impeccabile, con un make-up perfetto e abiti alla moda, brillante e carismatica Carole <strong>ha una sola filosofia per quanto riguarda la sua skincare routine: pi\u00f9 \u00e8 meglio.<\/strong><\/p>\n<p>Come ha spiegato a <a href=\"https:\/\/www.the-sun.com\/lifestyle\/9236039\/age-defying-skincare\/\" rel=\"nofollow noopener\" target=\"_blank\">The Sun<\/a> nel 2023, la prova che i prodotti Peter Thomas Roth Clinical Skincare funzionano davvero sta nei risultati, ovvero nel suo <a href=\"https:\/\/www.vanityfair.it\/topic\/viso\" isautogenerated=\"true\" rel=\"nofollow noopener\" target=\"_blank\">viso<\/a> dall&#8217;aspetto giovanile: \u00abI prodotti di Peter sono favolosi. Sceglie ingredienti potenti ed estremamente efficaci, e i risultati sono semplicemente straordinari: basta guardare me!\u00bb, ha detto. Intanto <strong>\u00e8 la prima tester dei cosmetici del figlio<\/strong>. Se qualcosa non convince lei non va in produzione.<\/p>\n<p>Carole Roth, skincare a 100 anni<\/p>\n<p>La skincare routine di Carole Roth (di origine ungherese e sopravvissuta all&#8217;Olocausto) si concentra interamente sulla <strong>massima idratazione, sull&#8217;effetto rimpolpante e sul trattamento del contorno <a href=\"https:\/\/www.vanityfair.it\/topic\/occhi\" isautogenerated=\"true\" rel=\"nofollow noopener\" target=\"_blank\">occhi<\/a>.<\/strong> Il suo prodotto preferito in assoluto \u00e8 la crema idratante cult Water Drench Cloud Cream a base di acido ialuronico, fondamentale per contrastare la secchezza cutanea tipica della <a href=\"https:\/\/www.vanityfair.it\/topic\/pelle\" isautogenerated=\"true\" rel=\"nofollow noopener\" target=\"_blank\">pelle<\/a> matura.<\/p>\n<p>Per sgonfiare e idratare la zona perioculare, Carole e suo nipote Ryan utilizzano costantemente i <a href=\"https:\/\/www.vanityfair.it\/gallery\/migliori-patch-occhi\" rel=\"nofollow noopener\" target=\"_blank\">patch occhi<\/a> Cucumber De-Tox\u00ae Hydra-Gel Eye Patches. In pi\u00f9 applica regolarmente le maschere al collagene del brand per mantenere la pelle visibilmente pi\u00f9 liscia, lenita e rimpolpata. Ha poi affermato di usare da anni lo stesso siero notte anti-et\u00e0 per stimolare la rigenerazione cellulare durante il riposo.<\/p>\n<p>Carole Roth, regole d&#8217;oro per una pelle perfetta<\/p>\n<p><strong>Carole evita i detergenti aggressivi<\/strong> e preferisce formule dall&#8217;aspetto lattiginoso che non privano la pelle dei suoi oli naturali. <strong>Consiglia di fare docce tiepide e brevi<\/strong> (massimo 10 minuti) perch\u00e9 l&#8217;<a href=\"https:\/\/www.vanityfair.it\/topic\/acqua\" isautogenerated=\"true\" rel=\"nofollow noopener\" target=\"_blank\">acqua<\/a> troppo calda disidrata fortemente la barriera cutanea. Per massimizzarne l&#8217;assorbimento, <strong>scalda il barattolo della crema idratante nel lavandino con acqua calda<\/strong> mentre fa la doccia. Infine <strong>applica la crema sempre due volte al giorno,<\/strong> subito dopo la doccia e appena prima di andare a dormire, sfruttando l&#8217;aumento della temperatura corporea notturna che fa penetrare meglio i prodotti.<\/p>\n","protected":false},"excerpt":{"rendered":"Attraverso i profili social della sua famiglia, in particolare sul profilo TikTok del nipote Ryan Roth (anche lui&hellip;\n","protected":false},"author":3,"featured_media":657193,"comment_status":"","ping_status":"","sticky":false,"template":"","format":"standard","meta":{"footnotes":"","_share_on_mastodon":"0"},"categories":[1451],"tags":[10721,1621,1620,203,204,1537,90,89,23436,630,5753],"class_list":["post-657192","post","type-post","status-publish","format-standard","has-post-thumbnail","category-celebrita","tag-bellezza","tag-celebrita","tag-celebrities","tag-entertainment","tag-intrattenimento","tag-it","tag-italia","tag-italy","tag-pelle","tag-star","tag-tik-tok"],"share_on_mastodon":{"url":"https:\/\/pubeurope.com\/@it\/117186995503081239","error":""},"_links":{"self":[{"href":"https:\/\/www.europesays.com\/it\/wp-json\/wp\/v2\/posts\/657192","targetHints":{"allow":["GET"]}}],"collection":[{"href":"https:\/\/www.europesays.com\/it\/wp-json\/wp\/v2\/posts"}],"about":[{"href":"https:\/\/www.europesays.com\/it\/wp-json\/wp\/v2\/types\/post"}],"author":[{"embeddable":true,"href":"https:\/\/www.europesays.com\/it\/wp-json\/wp\/v2\/users\/3"}],"replies":[{"embeddable":true,"href":"https:\/\/www.europesays.com\/it\/wp-json\/wp\/v2\/comments?post=657192"}],"version-history":[{"count":0,"href":"https:\/\/www.europesays.com\/it\/wp-json\/wp\/v2\/posts\/657192\/revisions"}],"wp:featuredmedia":[{"embeddable":true,"href":"https:\/\/www.europesays.com\/it\/wp-json\/wp\/v2\/media\/657193"}],"wp:attachment":[{"href":"https:\/\/www.europesays.com\/it\/wp-json\/wp\/v2\/media?parent=657192"}],"wp:term":[{"taxonomy":"category","embeddable":true,"href":"https:\/\/www.europesays.com\/it\/wp-json\/wp\/v2\/categories?post=657192"},{"taxonomy":"post_tag","embeddable":true,"href":"https:\/\/www.europesays.com\/it\/wp-json\/wp\/v2\/tags?post=657192"}],"curies":[{"name":"wp","href":"https:\/\/api.w.org\/{rel}","templated":true}]}}