{"id":657211,"date":"2026-08-30T23:25:17","date_gmt":"2026-08-30T23:25:17","guid":{"rendered":"https:\/\/www.europesays.com\/it\/657211\/"},"modified":"2026-08-30T23:25:17","modified_gmt":"2026-08-30T23:25:17","slug":"allegri-dopo-napoli-como-errore-inaudito-sul-gol-di-douvikas","status":"publish","type":"post","link":"https:\/\/www.europesays.com\/it\/657211\/","title":{"rendered":"Allegri dopo Napoli-Como: &#8220;Errore inaudito sul gol di Douvikas&#8221;"},"content":{"rendered":"<p>                                Il tecnico amaro dopo il ko contro il Como: &#8220;Dobbiamo migliorare la fase difensiva, siamo stati leggerini. E tecnicamente abbiamo sbagliato troppo&#8221;<\/p>\n<p class=\"paragraph\" spellcheck=\"true\">Zero punti nella gara d&#8217;esordio al Maradona. Una prima volta che Massimiliano Allegri avrebbe voluto consegnare alla sua storia personale in modo sicuramente diverso. Di mezzo, per\u00f2, c&#8217;\u00e8 stato il Como, con il suo palleggio continuo, con la qualit\u00e0 dei suoi giocatori migliori, che hanno complicato il pomeriggio. Lariani padroni assoluti del campo per tutta la prima parte della gara e l&#8217;inizio del secondo tempo, con un 58 per cento finale di possesso palla. Un dominio interrotto soltanto dall&#8217;azione del pareggio di Hojlund. &#8220;Bisogna migliorare la fase difensiva, ci vuole maggiore cattiveria. Contro giocatori di qualit\u00e0 abbiano regalato troppo. Quando difendiamo, a volte, siamo troppo leggerini. Abbiamo avuto delle buone occasioni, mentre nel seondo tempo li abbiamo chiusi nella loro met\u00e0 campo, ma non siamo stati concreti. \u00c8 inaudito commettere errori come quello sul secondo gol, soprattutto dopo aver rimesso in piedi il risultato&#8221;.<\/p>\n<p>        troppi errori\u2014 \u00a0<\/p>\n<p class=\"paragraph\" spellcheck=\"true\">Troppi errori hanno condizionato la gara. Allegri spiega: &#8220;Tecnicamente abbiano sbagliato molto. Sul secondo gol non bisognava liberarsi del pallone anche rinviando lungo, siamo stati passivi. Lang sulla fascia? Buona partita, poi ho inserito Neres che non giocava da sei-sette mesi. La verit\u00e0 che quando fai tanti errori alla fine li paghi, perch\u00e9 siamo in una fase dove si \u00e8 meno brillanti&#8221;.<\/p>\n<p>        calendario\u2014 \u00a0<\/p>\n<p class=\"paragraph\" spellcheck=\"true\">Prossimi avversari del Napoli saranno l&#8217;Inter, in campionato, e l&#8217;Arsenal per l&#8217;esordio stagionale in Champions League. &#8220;Non sono partite che indirizzeranno la stagione del Napoli. Dobbiamo lavorare per migliorarci ed essere un tantino pi\u00f9 incisivi nella fase difensiva&#8221;. La prestazione di McTominay \u00e8 stato poco convincente e l&#8217;allenatore napoletano ha spiegato il motivo: &#8220;Ha un problemi di vesciche, non si \u00e8 allenato bene&#8221; ha concluso Allegri.<\/p>\n","protected":false},"excerpt":{"rendered":"Il tecnico amaro dopo il ko contro il Como: &#8220;Dobbiamo migliorare la fase difensiva, siamo stati leggerini. E&hellip;\n","protected":false},"author":3,"featured_media":657212,"comment_status":"","ping_status":"","sticky":false,"template":"","format":"standard","meta":{"footnotes":"","_share_on_mastodon":"0"},"categories":[6],"tags":[3076,5365,921,3705,14,65047,12128,2149,5362,11125,313,40168,629,3412,1976,8,362639,350,1537,90,89,362640,6114,362641,362642,7,15,82,9,83,10,13,11,80,84,12,81,85],"class_list":["post-657211","post","type-post","status-publish","format-standard","has-post-thumbnail","category-ultime-notizie","tag-allegri","tag-arsenal","tag-campo","tag-como","tag-cronaca","tag-difendiamo","tag-difensiva","tag-dobbiamo","tag-errori","tag-esordio","tag-fase","tag-fase-difensiva","tag-gara","tag-giocatori","tag-gol","tag-headlines","tag-inaudito","tag-inter","tag-it","tag-italia","tag-italy","tag-leggerini","tag-migliorare","tag-migliorare-fase","tag-migliorare-fase-difensiva","tag-news","tag-notizie","tag-notizie-di-cronaca","tag-notizie-principali","tag-notiziedicronaca","tag-notizieprincipali","tag-titoli","tag-ultime-notizie","tag-ultime-notizie-di-cronaca","tag-ultime-notizie-e-news-di-oggi","tag-ultimenotizie","tag-ultimenotiziedicronaca","tag-ultimenotizieenewsdioggi"],"share_on_mastodon":{"url":"","error":"Validation failed: Text character limit of 500 exceeded"},"_links":{"self":[{"href":"https:\/\/www.europesays.com\/it\/wp-json\/wp\/v2\/posts\/657211","targetHints":{"allow":["GET"]}}],"collection":[{"href":"https:\/\/www.europesays.com\/it\/wp-json\/wp\/v2\/posts"}],"about":[{"href":"https:\/\/www.europesays.com\/it\/wp-json\/wp\/v2\/types\/post"}],"author":[{"embeddable":true,"href":"https:\/\/www.europesays.com\/it\/wp-json\/wp\/v2\/users\/3"}],"replies":[{"embeddable":true,"href":"https:\/\/www.europesays.com\/it\/wp-json\/wp\/v2\/comments?post=657211"}],"version-history":[{"count":0,"href":"https:\/\/www.europesays.com\/it\/wp-json\/wp\/v2\/posts\/657211\/revisions"}],"wp:featuredmedia":[{"embeddable":true,"href":"https:\/\/www.europesays.com\/it\/wp-json\/wp\/v2\/media\/657212"}],"wp:attachment":[{"href":"https:\/\/www.europesays.com\/it\/wp-json\/wp\/v2\/media?parent=657211"}],"wp:term":[{"taxonomy":"category","embeddable":true,"href":"https:\/\/www.europesays.com\/it\/wp-json\/wp\/v2\/categories?post=657211"},{"taxonomy":"post_tag","embeddable":true,"href":"https:\/\/www.europesays.com\/it\/wp-json\/wp\/v2\/tags?post=657211"}],"curies":[{"name":"wp","href":"https:\/\/api.w.org\/{rel}","templated":true}]}}