{"id":657249,"date":"2026-08-31T00:06:27","date_gmt":"2026-08-31T00:06:27","guid":{"rendered":"https:\/\/www.europesays.com\/it\/657249\/"},"modified":"2026-08-31T00:06:27","modified_gmt":"2026-08-31T00:06:27","slug":"simona-ventura-io-e-lisola-delle-rose-un-vuoto-di-sovranita-al-largo-di-rockisland","status":"publish","type":"post","link":"https:\/\/www.europesays.com\/it\/657249\/","title":{"rendered":"Simona Ventura: io e l\u2019Isola delle rose, un vuoto di sovranit\u00e0 al largo di Rockisland"},"content":{"rendered":"<p>Rimini, 30 agosto\u00a02026 \u2013\u00a0<strong>Simona Ventura,<\/strong> 61 anni, giornalista e conduttrice televisiva, originaria di Bentivoglio (Bologna). <strong>Giovanni Terzi<\/strong>, 62 anni, giornalista e scrittore milanese. Si sono sposati il 6 luglio 2024 al Grand Hotel di Rimini. Dal 2019 la citt\u00e0 malatestiana \u00e8 il loro luogo del cuore per le vacanze di agosto. Ventura e Terzi tornano oggi per raccontarci <strong>un\u2019altra tappa del loro viaggio a Rimini, <\/strong>la citt\u00e0 che li ha uniti. Dall\u2019iniziativa \u201cLa Terrazza della Dolce vita\u201d\u00a0alle vacanze trascorse con figli e genitori. Settimana dopo settimana, sveleranno tutte le bellezze di Rimini fino alla fine dell\u2019estate.\u00a0<\/p>\n<p>Approfondisci:<\/p>\n<p><a href=\"https:\/\/www.ilrestodelcarlino.it\/rimini\/cronaca\/giovanni-terzi-io-e-verucchio-se3o9zji\" class=\"ArticleEmbed_article__embed__content__Jzqnz\" rel=\"nofollow noopener\" target=\"_blank\">Giovanni Terzi e Verucchio, il rifugio in collina custode dei ricordi<img alt=\"Giovanni Terzi e Verucchio, il rifugio in collina custode dei ricordi\" loading=\"lazy\" width=\"140\" height=\"78\" decoding=\"async\" data-nimg=\"1\" style=\"color:transparent\"  src=\"https:\/\/www.europesays.com\/it\/wp-content\/uploads\/2026\/08\/la-cassapanca-con-inciso-il-sigillo-di-isotta-e-sigismondo-malatesta-acquistata-dalla-madre-di-giova.webp\"\/><\/a><br \/>\nSimone Ventura scrive per noi <\/p>\n<p>Sul molo di\u00a0Rimini c\u2019\u00e8 un locale che si chiama Rockisland, e ogni volta che ci vado, guardando il mare da quella palafitta sospesa, penso alla stessa follia: un ingegnere bolognese di nome <strong>Giorgio Rosa<\/strong>, che nel <strong>1968<\/strong> l\u00ec vicino, a undici chilometri da riva, ci proclam\u00f2 uno Stato. Una storia che tanti hanno riscoperto grazie al film<strong> L\u2019Incredibile storia dell\u2019Isola delle rose <\/strong>di Sydney Sibilia, ma che io mi porto dentro da prima. S\u00ec, uno Stato vero, o quasi. Quattrocento metri quadrati d\u2019acciaio, piloni piantati nel fondale, e la faccia tosta di dichiarare l\u2019indipendenza dall\u2019Italia il primo maggio\u00a01968, con tanto di banchetto ufficiale: nasce la Repubblica Indipendente dell\u2019Isola delle Rose. <\/p>\n<p>Approfondisci:<\/p>\n<p><a href=\"https:\/\/www.ilrestodelcarlino.it\/rimini\/cronaca\/giulia-innocenzi-e-laddio-di-5994c1b9\" class=\"ArticleEmbed_article__embed__content__Jzqnz\" rel=\"nofollow noopener\" target=\"_blank\">Giulia Innocenzi e l\u2019addio di Ranucci: &#8220;L\u2019hanno cacciato senza interpellarci. Bugie e fango sui miei compensi&#8221;<img alt=\"Giulia Innocenzi e l\u2019addio di Ranucci: &quot;L\u2019hanno cacciato senza interpellarci. Bugie e fango sui miei compensi&quot;\" loading=\"lazy\" width=\"140\" height=\"78\" decoding=\"async\" data-nimg=\"1\" style=\"color:transparent\"  src=\"https:\/\/www.europesays.com\/it\/wp-content\/uploads\/2026\/08\/giulia-innocenzi-e-laddio-di-ranucci-lhanno-cacciato-senza-interpellarci-bugie-e-fango-sui-miei-comp.webp\"\/><\/a> <\/p>\n<p>Bandiera, francobolli con valuta propria (il Mill), e come lingua ufficiale l\u2019esperanto, scelta apposta per non essere di nessuno. <strong>Vi immaginate<\/strong> la faccia di Roma? Un buco di sovranit\u00e0 in mezzo all\u2019Adriatico, cinquecento metri fuori dalle acque territoriali. Cominciano a girare leggende assurde: un casin\u00f2, una radio pirata, perfino spie sovietiche.<\/p>\n<p>La storia\u00a0dell\u2019Isola delle Rose <\/p>\n<p>Mai provato niente, ma bastano a far salire la tensione. E lo Stato italiano non aspetta: due mesi, il 25 giugno arrivano Capitaneria di Porto e Guardia di Finanza e bloccano tutto. Nessuno entra, nessuno esce. Rosa prova a difendersi in tribunale.  <\/p>\n<p> <img alt=\"Sul molo di\u00a0Rimini c\u2019\u00e8 un locale che si chiama Rockisland\" loading=\"lazy\" width=\"1600\" height=\"900\" decoding=\"async\" data-nimg=\"1\" style=\"color:transparent;max-width:100%;height:auto\"   src=\"https:\/\/www.europesays.com\/it\/wp-content\/uploads\/2026\/08\/sul-molo-di-rimini-ce-un-locale-che-si-chiama-rockisland.webp\"\/><\/p>\n<p>Sul molo di\u00a0Rimini c\u2019\u00e8 un locale che si chiama Rockisland<\/p>\n<p>Perde, ovviamente. A febbraio del \u201869 la Marina Militare fa brillare l\u2019esplosivo sulla piattaforma. \u00c8 qui la parte che mi diverte di pi\u00f9: quella cosa resiste. Resiste al primo carico, resiste al secondo. E alla fine, non \u00e8 la dinamite a piegarla, ma una burrasca, settimane dopo, il 26 febbraio. Il mare, non l\u2019uomo, chiude la storia. <\/p>\n<p> <img alt=\"Simona Ventura: &quot;Io e l\u2019Isola delle rose&quot;\" loading=\"lazy\" width=\"1500\" height=\"1500\" decoding=\"async\" data-nimg=\"1\" style=\"color:transparent;max-width:100%;height:auto\"   src=\"https:\/\/www.europesays.com\/it\/wp-content\/uploads\/2026\/08\/simona-ventura-io-e-lisola-delle-rose.webp\"\/><\/p>\n<p>Simona Ventura: &#8220;Io e l\u2019Isola delle rose&#8221;<\/p>\n<p><strong>Ci penso<\/strong> spesso: due mesi, un\u2019idea sola, e mezzo mondo a parlarne ancora oggi. Ed \u00e8 bello che questa storia continui ancora a girare tra chi non la conosceva. Magari qualcuno viene apposta a Rimini per questo. E allora quando passo l\u00ec, al Rockisland, con la musica che sale dal molo e il sole che scende sull\u2019acqua, penso sempre alla stessa cosa: che la vera follia romagnola non \u00e8 mai stata arrendersi prima di provarci. Nemmeno quando, alla fine, a vincere \u00e8 il mare. <\/p>\n","protected":false},"excerpt":{"rendered":"Rimini, 30 agosto\u00a02026 \u2013\u00a0Simona Ventura, 61 anni, giornalista e conduttrice televisiva, originaria di Bentivoglio (Bologna). Giovanni Terzi, 62&hellip;\n","protected":false},"author":3,"featured_media":657250,"comment_status":"","ping_status":"","sticky":false,"template":"","format":"standard","meta":{"footnotes":"","_share_on_mastodon":"0"},"categories":[1451],"tags":[1621,1620,203,204,10714,1537,90,89,7810,362660,1441,18865,26822,43614,2107],"class_list":["post-657249","post","type-post","status-publish","format-standard","has-post-thumbnail","category-celebrita","tag-celebrita","tag-celebrities","tag-entertainment","tag-intrattenimento","tag-isola","tag-it","tag-italia","tag-italy","tag-largo","tag-rockisland","tag-rose","tag-simona","tag-sovranita","tag-ventura","tag-vuoto"],"share_on_mastodon":{"url":"https:\/\/pubeurope.com\/@it\/117187208658328327","error":""},"_links":{"self":[{"href":"https:\/\/www.europesays.com\/it\/wp-json\/wp\/v2\/posts\/657249","targetHints":{"allow":["GET"]}}],"collection":[{"href":"https:\/\/www.europesays.com\/it\/wp-json\/wp\/v2\/posts"}],"about":[{"href":"https:\/\/www.europesays.com\/it\/wp-json\/wp\/v2\/types\/post"}],"author":[{"embeddable":true,"href":"https:\/\/www.europesays.com\/it\/wp-json\/wp\/v2\/users\/3"}],"replies":[{"embeddable":true,"href":"https:\/\/www.europesays.com\/it\/wp-json\/wp\/v2\/comments?post=657249"}],"version-history":[{"count":0,"href":"https:\/\/www.europesays.com\/it\/wp-json\/wp\/v2\/posts\/657249\/revisions"}],"wp:featuredmedia":[{"embeddable":true,"href":"https:\/\/www.europesays.com\/it\/wp-json\/wp\/v2\/media\/657250"}],"wp:attachment":[{"href":"https:\/\/www.europesays.com\/it\/wp-json\/wp\/v2\/media?parent=657249"}],"wp:term":[{"taxonomy":"category","embeddable":true,"href":"https:\/\/www.europesays.com\/it\/wp-json\/wp\/v2\/categories?post=657249"},{"taxonomy":"post_tag","embeddable":true,"href":"https:\/\/www.europesays.com\/it\/wp-json\/wp\/v2\/tags?post=657249"}],"curies":[{"name":"wp","href":"https:\/\/api.w.org\/{rel}","templated":true}]}}