{"id":657252,"date":"2026-08-31T00:12:18","date_gmt":"2026-08-31T00:12:18","guid":{"rendered":"https:\/\/www.europesays.com\/it\/657252\/"},"modified":"2026-08-31T00:12:18","modified_gmt":"2026-08-31T00:12:18","slug":"napoli-como-allegri-bisogna-essere-piu-cattivi-in-difesa","status":"publish","type":"post","link":"https:\/\/www.europesays.com\/it\/657252\/","title":{"rendered":"Napoli Como, Allegri: &#8216;Bisogna essere pi\u00f9 cattivi in difesa&#8217;"},"content":{"rendered":"<p>Al Napoli non \u00e8 bastato un buon secondo tempo per rimontare il Como. &#8220;La squadra ha creato occasioni, ma dobbiamo imparare a essere meno leggeri in difesa. Su entrambi i gol potevamo far meglio&#8221;, ammette Massimiliano Allegri. &#8220;Bisogna capire che, quando non si riesce a giocare, si pu\u00f2 benissimo non farlo e rischiare meno. A inizio stagione poi, con le gambe imballate \u00e8 pi\u00f9 difficile recuperare&#8221;<\/p>\n<p><a data-intcmp=\"skysport_foglia articolo_interlink_text\" rel=\"follow nofollow noopener\" href=\"https:\/\/sport.sky.it\/video\/highlights\" target=\"_blank\">GLI HIGHLIGHTS DI SKY SPORT<\/a><\/p>\n<p>Un primo tempo difficile e una ripresa pi\u00f9 brillante, lo stesso copione visto a Genova nella prima giornata. Stavolta per\u00f2 non \u00e8 bastato a vincere. <strong>Allegri<\/strong> spiega cos\u00ec a Dazn la sconfitta interna contro il Como: &#8220;<strong>Su entrambi i gol potevamo fare meglio, li abbiamo quasi regalati. <\/strong>I ragazzi sanno che bisogna essere pi\u00f9 cattivi e attenti in certe situazioni. Sia nel primo che nel secondo tempo abbiamo creato occasioni, ma <strong>le partite sono lunghe e bisogna capire che quando non si pu\u00f2 giocare, non si deve farlo. Non \u00e8 una vergogna,<\/strong> anche prima dell&#8217;intervallo abbiamo concesso due occasioni in 20 secondi, siamo stati troppo passivi&#8221;. Gli errori soprattutto in questa fase della stagione possono essere letali: &#8220;A inizio campionato, con le gambe imballate, e pi\u00f9 difficile rimontare. <strong>Ma la nostra stagione non si decider\u00e0 contro Inter e Arsenal<\/strong>&#8220;, ha detto l&#8217;allenatore toscano commentando i prossimi impegni del calendario.\u00a0<\/p>\n<p>\t\t\t<a class=\"c-inline-card j-inline-card c-inline-card--with-image\" href=\"https:\/\/sport.sky.it\/calcio\/serie-a\/2026\/08\/30\/napoli-como-pagelle\" rel=\"follow nofollow noopener\" data-intcmp=\"skysport_articolo_approfondimenti_inline\" target=\"_blank\"><\/p>\n<p>\t\t\t         <img decoding=\"async\" crossorigin=\"anonymous\" alt=\"\"  loading=\"lazy\"  src=\"https:\/\/www.europesays.com\/it\/wp-content\/uploads\/2026\/08\/ipa_baturina_como_napoli.jpg\"\/><\/p>\n<p>\n\t\t\t         Leggi anche<br \/>\n\t\t\t         Le pagelle di Napoli-Como 1-2\n\t\t\t      <\/p>\n<p>\t\t\t<\/a><\/p>\n<p>\t\t\t&#8220;McTominay ha problemi di vesciche, De Bruyne sta meglio&#8221;<\/p>\n<p>Allegri analizza anche la condizione dei isngoli giocatori, a partire da McTominay, uscito prima dell&#8217;ora di gioco dopo un match deludente: &#8220;<strong>Purtroppo ha dei problemi alle vesciche, sta facendo degli allenamenti ridotti<\/strong>&#8220;. Chi migliora invece \u00e8 Kevin De Bruyne, ancora entrato dalla panchina: &#8220;Sta meglio. Quando sar\u00e0 titolare? Vedremo pi\u00f9 avanti&#8221;. Oggi ci sono stati anche la scelta di schierare Lang dall&#8217;inizio e il ritorno in campo di Neres: &#8220;Non giocava da 6\/8 mesi, Lang invece ha fatto una buona partita. Nel complesso sono soddisfatto di quello che questi ragazzi hanno messo in campo&#8221;.<\/p>\n<p>    Segui tutti gli aggiornamenti di Sky Sport<\/p>\n<p><a href=\"https:\/\/profile.google.com\/cp\/CgovbS8wNGZfbTN4\" rel=\"nofollow noopener\" target=\"_blank\">&#8211; Segui Sky Sport su Google Discover-<\/a>\u00a0Non perderti live, news e video<\/p>\n<p><a href=\"https:\/\/www.whatsapp.com\/channel\/0029Va3UU8oFi8xatgf6sJ3V\" rel=\"nofollow noopener\" target=\"_blank\">&#8211; WhatsApp &#8211;<\/a>\u00a0Le notizie che devi sapere? Le trovi sul canale di Sky Sport<\/p>\n<p><a href=\"https:\/\/sport.sky.it\/video\/highlights?intcmp=skysport_social-connection_inline_skylights\" rel=\"nofollow noopener\" target=\"_blank\">&#8211; Guarda tutti gli Highlights &#8211;<\/a>\u00a0Entra in SkyLightsRoom<\/p>\n<p><a href=\"https:\/\/www.sky.it\/offerte?intcmp=skysport_social-connection_inline_offerte\" rel=\"nofollow noopener\" target=\"_blank\">&#8211; Offerte Sky &#8211;<\/a>\u00a0Scopri le promozioni disponibili e attivale subito<\/p>\n<p>\u00a0<\/p>\n<p>\t            TAG:<\/p>\n","protected":false},"excerpt":{"rendered":"Al Napoli non \u00e8 bastato un buon secondo tempo per rimontare il Como. &#8220;La squadra ha creato occasioni,&hellip;\n","protected":false},"author":3,"featured_media":657253,"comment_status":"","ping_status":"","sticky":false,"template":"","format":"standard","meta":{"footnotes":"","_share_on_mastodon":"0"},"categories":[176],"tags":[3705,1537,90,89,13531,248,245,244],"class_list":["post-657252","post","type-post","status-publish","format-standard","has-post-thumbnail","category-sport","tag-como","tag-it","tag-italia","tag-italy","tag-massimiliano-allegri","tag-napoli","tag-sport","tag-sports"],"share_on_mastodon":{"url":"https:\/\/pubeurope.com\/@it\/117187232415561654","error":""},"_links":{"self":[{"href":"https:\/\/www.europesays.com\/it\/wp-json\/wp\/v2\/posts\/657252","targetHints":{"allow":["GET"]}}],"collection":[{"href":"https:\/\/www.europesays.com\/it\/wp-json\/wp\/v2\/posts"}],"about":[{"href":"https:\/\/www.europesays.com\/it\/wp-json\/wp\/v2\/types\/post"}],"author":[{"embeddable":true,"href":"https:\/\/www.europesays.com\/it\/wp-json\/wp\/v2\/users\/3"}],"replies":[{"embeddable":true,"href":"https:\/\/www.europesays.com\/it\/wp-json\/wp\/v2\/comments?post=657252"}],"version-history":[{"count":0,"href":"https:\/\/www.europesays.com\/it\/wp-json\/wp\/v2\/posts\/657252\/revisions"}],"wp:featuredmedia":[{"embeddable":true,"href":"https:\/\/www.europesays.com\/it\/wp-json\/wp\/v2\/media\/657253"}],"wp:attachment":[{"href":"https:\/\/www.europesays.com\/it\/wp-json\/wp\/v2\/media?parent=657252"}],"wp:term":[{"taxonomy":"category","embeddable":true,"href":"https:\/\/www.europesays.com\/it\/wp-json\/wp\/v2\/categories?post=657252"},{"taxonomy":"post_tag","embeddable":true,"href":"https:\/\/www.europesays.com\/it\/wp-json\/wp\/v2\/tags?post=657252"}],"curies":[{"name":"wp","href":"https:\/\/api.w.org\/{rel}","templated":true}]}}