{"id":657266,"date":"2026-08-31T00:19:18","date_gmt":"2026-08-31T00:19:18","guid":{"rendered":"https:\/\/www.europesays.com\/it\/657266\/"},"modified":"2026-08-31T00:19:18","modified_gmt":"2026-08-31T00:19:18","slug":"ufficiale-la-fiorentina-ha-preso-njie-dal-torino-cifre-dettagli-e-comunicato","status":"publish","type":"post","link":"https:\/\/www.europesays.com\/it\/657266\/","title":{"rendered":"Ufficiale, la Fiorentina ha preso Njie dal Torino: cifre, dettagli e comunicato"},"content":{"rendered":"<p>&#8220;Sono molto felice e davvero entusiasta di iniziare a giocare per questa squadra, \u00e8 emozionante. Non ho mai visto un centro sportivo cos\u00ec bello, quindi sono solo felice e onorato di essere qui. Voglio migliorare ogni giorno sempre di pi\u00f9 e speriamo di fare una bella stagione. Mi ha convinto la storia della Fiorentina, ci ho giocato contro molte volte e vedo la passione che hanno, e naturalmente per il centro sportivo. Come dicevo prima \u00e8 un bel progetto quello che mi hanno presentato e perci\u00f2 non potevo dire di no, ho accettato e speriamo che sia una buona stagione. Le mie qualit\u00e0 principali? Il dribbling, quello che in Italia si chiama il saltare l&#8217;uomo. Posso aiutare la squadra a fare la differenza in campo ed essere pericoloso per i nostri avversari in fase offensiva. Le cose su cui devo migliorare sono le scelte e magari segnare pi\u00f9 gol e assist. E&#8217; la cosa su cui penso di dover migliorare. Non mi sono prefissato un obiettivo, sono qui solo per aiutare e se i numeri poi arrivano aiutando la squadra in campo allora sar\u00f2 molto contento. Non ho ancora parlato con i compagni attuali ma con alcuni che hanno giocato qui in passato e mi hanno detto che \u00e8 una grande opportunit\u00e0 per me per dimostrare il mio valore. Ho detto loro che quindi non potevo non venire a Firenze. Ho parlato con Fortini, Comuzzo e Biraghi, mi hanno detto un sacco di cose positive. Sono davvero emozionato ed entusiasta, voglio avere un grande impatto per mostrare ai tifosi le mie qualit\u00e0 e la mia passione, quindi voglio solo scendere in campo e aiutare la squadra con le mie capacit\u00e0&#8221;.<\/p>\n","protected":false},"excerpt":{"rendered":"&#8220;Sono molto felice e davvero entusiasta di iniziare a giocare per questa squadra, \u00e8 emozionante. Non ho mai&hellip;\n","protected":false},"author":3,"featured_media":654092,"comment_status":"","ping_status":"","sticky":false,"template":"","format":"standard","meta":{"footnotes":"","_share_on_mastodon":"0"},"categories":[6],"tags":[360840,353,14,2263,8,1537,90,89,7,15,82,9,83,10,13,1641,355,11,80,84,12,81,85],"class_list":["post-657266","post","type-post","status-publish","format-standard","has-post-thumbnail","category-ultime-notizie","tag-a-njie","tag-calciomercato","tag-cronaca","tag-fiorentina","tag-headlines","tag-it","tag-italia","tag-italy","tag-news","tag-notizie","tag-notizie-di-cronaca","tag-notizie-principali","tag-notiziedicronaca","tag-notizieprincipali","tag-titoli","tag-torino","tag-transfers","tag-ultime-notizie","tag-ultime-notizie-di-cronaca","tag-ultime-notizie-e-news-di-oggi","tag-ultimenotizie","tag-ultimenotiziedicronaca","tag-ultimenotizieenewsdioggi"],"share_on_mastodon":{"url":"https:\/\/pubeurope.com\/@it\/117187258818243579","error":""},"_links":{"self":[{"href":"https:\/\/www.europesays.com\/it\/wp-json\/wp\/v2\/posts\/657266","targetHints":{"allow":["GET"]}}],"collection":[{"href":"https:\/\/www.europesays.com\/it\/wp-json\/wp\/v2\/posts"}],"about":[{"href":"https:\/\/www.europesays.com\/it\/wp-json\/wp\/v2\/types\/post"}],"author":[{"embeddable":true,"href":"https:\/\/www.europesays.com\/it\/wp-json\/wp\/v2\/users\/3"}],"replies":[{"embeddable":true,"href":"https:\/\/www.europesays.com\/it\/wp-json\/wp\/v2\/comments?post=657266"}],"version-history":[{"count":0,"href":"https:\/\/www.europesays.com\/it\/wp-json\/wp\/v2\/posts\/657266\/revisions"}],"wp:featuredmedia":[{"embeddable":true,"href":"https:\/\/www.europesays.com\/it\/wp-json\/wp\/v2\/media\/654092"}],"wp:attachment":[{"href":"https:\/\/www.europesays.com\/it\/wp-json\/wp\/v2\/media?parent=657266"}],"wp:term":[{"taxonomy":"category","embeddable":true,"href":"https:\/\/www.europesays.com\/it\/wp-json\/wp\/v2\/categories?post=657266"},{"taxonomy":"post_tag","embeddable":true,"href":"https:\/\/www.europesays.com\/it\/wp-json\/wp\/v2\/tags?post=657266"}],"curies":[{"name":"wp","href":"https:\/\/api.w.org\/{rel}","templated":true}]}}