{"id":657274,"date":"2026-08-31T00:39:13","date_gmt":"2026-08-31T00:39:13","guid":{"rendered":"https:\/\/www.europesays.com\/it\/657274\/"},"modified":"2026-08-31T00:39:13","modified_gmt":"2026-08-31T00:39:13","slug":"cagliari-inter-0-1-decide-il-gol-di-calhanoglu-anche-i-nerazzurri-a-punteggio-pieno","status":"publish","type":"post","link":"https:\/\/www.europesays.com\/it\/657274\/","title":{"rendered":"Cagliari-Inter 0-1, decide il gol di Calhanoglu. Anche i nerazzurri a punteggio pieno"},"content":{"rendered":"<p>    di<br \/>\n    Paolo Tomaselli, inviato a Cagliari<\/p>\n<p class=\"summary-art is-line-h-12\">La squadra di Chivu la sblocca subito con un tiro da fuori del turco, ancora in gol. Tante le occasioni sprecate, qualche rischio nel finale<\/p>\n<p class=\"chapter-paragraph\">Anche una antica legge del calcio (gol sbagliato-gol preso) si piega <b>all\u2019Inter<\/b>: una litania di errori dei nerazzurri dopo il vantaggio iniziale di <b>Calhanoglu <\/b>non cambia il risultato. E pur rischiando grosso nel finale, con un salvataggio di testa di <b>Bisseck <\/b>su <b>Adopo<\/b>, <b>Chivu <\/b>si mette alla guida del treno delle prime, con la sfida al <b>Napoli <\/b>di sabato gi\u00e0 dietro alla prossima curva.<br \/>Stessa spiaggia, stesso mare, quindi. Nonostante una prestazione rivedibile in area avversaria: l\u2019Inter ha l\u2019abbonamento ai tre punti contro il Cagliari (10 vittorie nelle ultime 11 sfide) e tra una topica sottoporta e una parata di Caprile <b>imbastisce a lungo le prime prove tecniche di dominio, lo stesso che ha avuto nella scorsa stagione contro le medio-piccole<\/b>.\u00a0<\/p>\n<p class=\"chapter-paragraph\">Come al debutto con il Monza i nerazzurri segnano subito, ancora con il regista turco, ancora con un tiro da fuori: stavolta quella di Calha \u00e8 una raffinatezza, un colpo da biliardo che manda fuori tempo il portiere, forse coperto da <b>Deiola<\/b>. Sembra una serata tutta in discesa, ma l\u2019Inter che crea tanto \u00e8 vittima di una certa leziosit\u00e0 nell\u2019ultimo tocco, oltre che del caldo intenso. I campioni d\u2019Italia fanno sempre sentire il pericolo nell\u2019aria all\u2019avversario, ma finiscono un po\u2019 in apnea, perch\u00e9 i sardi prendono coraggio con i cambi: <b>l\u2019eventuale pareggio non avrebbe fotografato l\u2019andamento della partita, ma l\u2019Inter deve essere pi\u00f9 concreta<\/b>.    &#13;<br \/>\n&#13;<br \/>\n&#13;<br \/>\n&#13;<br \/>\n&#13;<br \/>\n&#13;<br \/>\n&#13;<br \/>\n&#13;<br \/>\n&#13;<br \/>\n&#13;<br \/>\n&#13;<br \/>\n&#13;<br \/>\n&#13;<br \/>\n&#13;<br \/>\n&#13;<br \/>\n&#13;<br \/>\n&#13;<br \/>\n&#13;<br \/>\n&#13;<br \/>\n&#13;<br \/>\n&#13;<br \/>\n&#13;<br \/>\n&#13;<br \/>\n&#13;<br \/>\n&#13;<br \/>\n&#13;<br \/>\n&#13;<br \/>\n&#13;<br \/>\n&#13;<br \/>\n&#13;<br \/>\n&#13;<br \/>\n&#13;<br \/>\n&#13;<br \/>\n&#13;<br \/>\n&#13;<br \/>\n&#13;<br \/>\n&#13;<br \/>\n&#13;<br \/>\n&#13;<br \/>\n&#13;<br \/>\n&#13;<br \/>\n&#13;<br \/>\n&#13;<br \/>\n&#13;<br \/>\n&#13;<br \/>\n&#13;<br \/>\n&#13;<br \/>\n&#13;<br \/>\n&#13;<br \/>\n&#13;<br \/>\n&#13;<br \/>\n&#13;<br \/>\n&#13;\n<\/p>\n<p class=\"chapter-paragraph\"><b>Pisacane <\/b>si conferma un allenatore tosto, forse anche sottovalutato: ha vinto all\u2019esordio in casa del Parma, \u00e8 senza Mina al centro della difesa, ha cambiato mezza squadra e aspetta altri rinforzi in attacco, dove schiera il 19enne Mendy. L\u2019italo-svizzero Romano, che di anni ne ha 20 e ha segnato il gol decisivo al debutto, si conferma la novit\u00e0 pi\u00f9 interessante. Il Cagliari poi nella parte destra della classifica ha un vantaggio fondamentale, ovvero un portiere fuori scala: le parate su <b>Dimarco <\/b>ed <b>Esposito <\/b>e anche i loro errori di precisione sotto porta, uniti a quelli di <b>Lautaro, Luis Henrique e Bastoni<\/b> tengono i sardi dentro alla partita contro ogni regola della statistica.<\/p>\n<p class=\"chapter-paragraph\">E comunque dopo l\u2019uscita di <b>Mendy <\/b>e <b>Fazzini<\/b>, anche <b>Martinez <\/b>prima deve fare una parata non semplice su <b>Fadera <\/b>e poi uscire di piede fuori area per evitare guai su Kevin Carlos. Poco pi\u00f9 che normale amministrazione,<b> ma non riuscire a chiudere una gara a lungo a senso unico \u00e8 un lusso che l\u2019Inter rischia di pagare caro.<\/b> Anche perch\u00e9 gli errori non sono tutti frutto di sfortuna: la condizione non pu\u00f2 essere ancora la migliore, specie per i reduci dal Mondiale, a partire da Lautaro, in crescita ma ancora a secco. E contro le previsioni, Chivu all\u2019inizio sceglie Luis Henrique sulla fascia destra al posto di Diouf: il brasiliano se possibile appare ancora pi\u00f9 involuto rispetto all\u2019anno scorso, tanto che quando lui esce e Pavard si sposta sulla fascia, il francese va immediatamente al cross, un\u2019arte nel quale LH ormai non si cimenta nemmeno, lasciando che sia Barella ad andare sul fondo.<\/p>\n<p class=\"chapter-paragraph\">La stella di casa \u00e8 fischiatissima, ma l\u2019azzurro \u00e8 il pi\u00f9 ispirato non solo per la palla che serve a Calhanoglu per il gol. Ed \u00e8 il segno che la grande concorrenza a centrocampo alza il livello. Nel finale si vedono Thuram, ancora indietro  e Jones,  gi\u00e0 in discreta condizione. L\u2019Inter \u00e8 bella e abbondante, ma non deve compiacersi troppo:<a href=\"https:\/\/www.corriere.it\/sport\/calcio\/serie-a\/26_agosto_30\/napoli-como-risultato-4d29e93b-9000-4e47-86a1-746396dcexlk.shtml\" title=\"Napoli-Como 1-2, gol di Baturina e Douvikas. Fabregas fa lo sgambetto ad Allegri\" target=\"_blank\" rel=\"nofollow noopener\"> il <b>Napoli <\/b>ferito<\/a> arriva al momento giusto per smussare certi difetti.<\/p>\n<p class=\"is-last-update\" datetime=\"2026-08-30T23:08:45+02:00\">30 agosto 2026 ( modifica il 30 agosto 2026 | 23:08)<\/p>\n<p class=\"is-copyright\">\n            \u00a9 RIPRODUZIONE RISERVATA\n        <\/p>\n","protected":false},"excerpt":{"rendered":"di Paolo Tomaselli, inviato a Cagliari La squadra di Chivu la sblocca subito con un tiro da fuori&hellip;\n","protected":false},"author":3,"featured_media":657275,"comment_status":"","ping_status":"","sticky":false,"template":"","format":"standard","meta":{"footnotes":"","_share_on_mastodon":"0"},"categories":[176],"tags":[12367,362676,362677,9680,362678,362679,57032,362680,841,6300,563,2839,2490,4385,10607,3177,5362,3074,1426,1976,12831,350,1537,90,89,5826,21518,21519,53714,248,609,15592,1290,2855,4425,5793,245,244,1857,3209,5268,3481],"class_list":["post-657274","post","type-post","status-publish","format-standard","has-post-thumbnail","category-sport","tag-abbonamento","tag-abbonamento-punti","tag-abbonamento-punti-cagliari","tag-abbondante","tag-abbondante-compiacersi","tag-abbondante-compiacersi-napoli","tag-adopo","tag-adopo-chivu","tag-area","tag-cagliari","tag-calhanoglu","tag-chivu","tag-condizione","tag-conferma","tag-debutto","tag-destra","tag-errori","tag-fascia","tag-finale","tag-gol","tag-henrique","tag-inter","tag-it","tag-italia","tag-italy","tag-lautaro","tag-luis","tag-luis-henrique","tag-mendy","tag-napoli","tag-nerazzurri","tag-parata","tag-partita","tag-portiere","tag-prime","tag-sardi","tag-sport","tag-sports","tag-squadra","tag-tiro","tag-turco","tag-vantaggio"],"share_on_mastodon":{"url":"","error":"Validation failed: Text character limit of 500 exceeded"},"_links":{"self":[{"href":"https:\/\/www.europesays.com\/it\/wp-json\/wp\/v2\/posts\/657274","targetHints":{"allow":["GET"]}}],"collection":[{"href":"https:\/\/www.europesays.com\/it\/wp-json\/wp\/v2\/posts"}],"about":[{"href":"https:\/\/www.europesays.com\/it\/wp-json\/wp\/v2\/types\/post"}],"author":[{"embeddable":true,"href":"https:\/\/www.europesays.com\/it\/wp-json\/wp\/v2\/users\/3"}],"replies":[{"embeddable":true,"href":"https:\/\/www.europesays.com\/it\/wp-json\/wp\/v2\/comments?post=657274"}],"version-history":[{"count":0,"href":"https:\/\/www.europesays.com\/it\/wp-json\/wp\/v2\/posts\/657274\/revisions"}],"wp:featuredmedia":[{"embeddable":true,"href":"https:\/\/www.europesays.com\/it\/wp-json\/wp\/v2\/media\/657275"}],"wp:attachment":[{"href":"https:\/\/www.europesays.com\/it\/wp-json\/wp\/v2\/media?parent=657274"}],"wp:term":[{"taxonomy":"category","embeddable":true,"href":"https:\/\/www.europesays.com\/it\/wp-json\/wp\/v2\/categories?post=657274"},{"taxonomy":"post_tag","embeddable":true,"href":"https:\/\/www.europesays.com\/it\/wp-json\/wp\/v2\/tags?post=657274"}],"curies":[{"name":"wp","href":"https:\/\/api.w.org\/{rel}","templated":true}]}}