{"id":657278,"date":"2026-08-31T00:41:24","date_gmt":"2026-08-31T00:41:24","guid":{"rendered":"https:\/\/www.europesays.com\/it\/657278\/"},"modified":"2026-08-31T00:41:24","modified_gmt":"2026-08-31T00:41:24","slug":"tutto-per-la-mia-famiglia-anticipazioni-dal-30-agosto-al-5-settembre","status":"publish","type":"post","link":"https:\/\/www.europesays.com\/it\/657278\/","title":{"rendered":"Tutto per la mia famiglia, anticipazioni dal 30 agosto al 5 settembre"},"content":{"rendered":"<p class=\"paragraph\" spellcheck=\"true\">Domenica 30 agosto 2026 proseguir\u00e0 la programmazione di <b>Tutto per la mia famiglia<\/b>, in onda tutti i giorni su Canale 5, sabato e domenica alle 17,45 e dal luned\u00ec al venerd\u00ec alle 15.45, con le puntate sempre disponibili in streaming su Mediaset Infinity. La serie tv, con il titolo di Karde\u015flerim, \u00e8 gi\u00e0 andata interamente in onda in Turchia tra il 2021 e il 2024 ha 4 stagioni con 132 puntate da 130 minuti circa, qualcuna anche da 150, in Italia \u00e8 arrivata nel formato da 45 minuti.\u00a0<\/p>\n<p class=\"paragraph\" spellcheck=\"true\">Prima di scoprire quello che succeder\u00e0 nelle puntate della settimana <b>dal 30 agosto al 5 settembre,<\/b> vediamo dove eravamo rimasti. Dopo esser stato cacciato di casa, Kaan ha trascorso la notte in casa dovendo fare i conti con il rifiuto di Akif di accettarlo come figlio. Nebahat \u00e8 sconvolta per aver avuto la certezza del tradimento di Akif che ha avuto un figlio con un&#8217;altra donna, vorrebbe chiedere subito il divorzio e andare via di casa, ma i figli, tra cui Doruk che \u00e8 tornato a casa, sono riusciti a farle cambiare idea. Omer ha saputo che Berk era presente quando Tolga aveva rubato i telefoni dal negozio in cui lui lavorava e quando aveva aggredito Kadir, cos\u00ec lo aggredisce e gli dice di non fidarsi. Kadir porta Emel in biblioteca e le racconta una storia, il suo modo premuroso spingono Feridun a proporgli di lavorare come rappresentante di libri.<\/p>\n","protected":false},"excerpt":{"rendered":"Domenica 30 agosto 2026 proseguir\u00e0 la programmazione di Tutto per la mia famiglia, in onda tutti i giorni&hellip;\n","protected":false},"author":3,"featured_media":657279,"comment_status":"","ping_status":"","sticky":false,"template":"","format":"standard","meta":{"footnotes":"","_share_on_mastodon":"0"},"categories":[174],"tags":[2699,356339,303825,32,1518,11536,83275,33,304315,362682,2765,310038,2773,51519,362683,344863,269146,475,1278,310358,1112,304319,203,1909,310040,332733,332734,322,298,8956,204,1537,90,89,160698,304314,2735,304320,310032,27554,9167,16282,3608,531,8202,8835,20617,2061,310034,407,362681,1886,344864,7068,4981,104990,2529],"class_list":["post-657278","post","type-post","status-publish","format-standard","has-post-thumbnail","category-intrattenimento","tag-agosto","tag-agosto-famiglia","tag-akif","tag-andare","tag-anticipazioni","tag-anticipazioni-puntata","tag-anticipazioni-puntata-settembre","tag-appuntamento","tag-asiye","tag-asiye-emel","tag-auto","tag-berk","tag-canale","tag-canale-vediamo","tag-canale-vediamo-kadir","tag-cemile","tag-chiavetta","tag-chiede","tag-davvero","tag-denunciarlo","tag-domenica","tag-emel","tag-entertainment","tag-famiglia","tag-famiglia-onda","tag-famiglia-onda-canale","tag-famiglia-scoprire","tag-fratelli","tag-incidente","tag-inizia","tag-intrattenimento","tag-it","tag-italia","tag-italy","tag-kaan","tag-kadir","tag-lascia","tag-melisa","tag-nebahat","tag-omer","tag-onda","tag-onda-canale","tag-padre","tag-polizia","tag-puntata","tag-puntate","tag-scoprire","tag-scuola","tag-sengul","tag-settembre","tag-settembre-famiglia","tag-successo","tag-susen","tag-vede","tag-vediamo","tag-veli","tag-viene"],"share_on_mastodon":{"url":"","error":"Validation failed: Text character limit of 500 exceeded"},"_links":{"self":[{"href":"https:\/\/www.europesays.com\/it\/wp-json\/wp\/v2\/posts\/657278","targetHints":{"allow":["GET"]}}],"collection":[{"href":"https:\/\/www.europesays.com\/it\/wp-json\/wp\/v2\/posts"}],"about":[{"href":"https:\/\/www.europesays.com\/it\/wp-json\/wp\/v2\/types\/post"}],"author":[{"embeddable":true,"href":"https:\/\/www.europesays.com\/it\/wp-json\/wp\/v2\/users\/3"}],"replies":[{"embeddable":true,"href":"https:\/\/www.europesays.com\/it\/wp-json\/wp\/v2\/comments?post=657278"}],"version-history":[{"count":0,"href":"https:\/\/www.europesays.com\/it\/wp-json\/wp\/v2\/posts\/657278\/revisions"}],"wp:featuredmedia":[{"embeddable":true,"href":"https:\/\/www.europesays.com\/it\/wp-json\/wp\/v2\/media\/657279"}],"wp:attachment":[{"href":"https:\/\/www.europesays.com\/it\/wp-json\/wp\/v2\/media?parent=657278"}],"wp:term":[{"taxonomy":"category","embeddable":true,"href":"https:\/\/www.europesays.com\/it\/wp-json\/wp\/v2\/categories?post=657278"},{"taxonomy":"post_tag","embeddable":true,"href":"https:\/\/www.europesays.com\/it\/wp-json\/wp\/v2\/tags?post=657278"}],"curies":[{"name":"wp","href":"https:\/\/api.w.org\/{rel}","templated":true}]}}