{"id":657365,"date":"2026-08-31T02:28:15","date_gmt":"2026-08-31T02:28:15","guid":{"rendered":"https:\/\/www.europesays.com\/it\/657365\/"},"modified":"2026-08-31T02:28:15","modified_gmt":"2026-08-31T02:28:15","slug":"covid-focolaio-nellospedale-di-eboli-il-reparto-chiude-le-nuove-varianti-possono-riaprire-una-fase-epidemica","status":"publish","type":"post","link":"https:\/\/www.europesays.com\/it\/657365\/","title":{"rendered":"Covid, focolaio nell\u2019ospedale di Eboli: il reparto chiude. Le nuove varianti possono riaprire una fase epidemica?"},"content":{"rendered":"<p><strong>Diversi pazienti della Medicina generale<\/strong> sono risultati positivi nel giro di pochi giorni. <strong>Sospesi gli accessi di familiari e visitatori<\/strong> e <strong>ripristinate le misure di contenimento<\/strong>. In Italia, tuttavia, <strong>incidenza e ricoveri restano molto bassi<\/strong>. <strong>L\u2019Oms sorveglia quattro varianti, compresa la nuova PQ.16.1.1<\/strong>: <strong>nessuna \u00e8 stata finora associata a una maggiore gravit\u00e0<\/strong><\/p>\n<p><strong>Il Covid torna a chiudere le porte di un reparto ospedaliero.<\/strong> Accade al <strong>Maria Santissima Addolorata di Eboli<\/strong>, dove diversi pazienti ricoverati in <strong>Medicina generale<\/strong> sono risultati positivi al <strong>SARS-CoV-2<\/strong> nell\u2019arco di pochi giorni.<\/p>\n<p>Secondo le notizie diffuse dalla stampa locale, il <strong>primo contagio<\/strong> sarebbe stato individuato in una stanza del reparto. Poco dopo sarebbe emersa una <strong>seconda positivit\u00e0<\/strong>, seguita da <strong>altri casi tra i degenti<\/strong>.<\/p>\n<p>La diffusione dell\u2019infezione ha spinto il primario <strong>Giuseppe Toriello<\/strong> a <strong>sospendere gli accessi di familiari e visitatori<\/strong> e a richiamare medici e infermieri all\u2019uso delle <strong>mascherine<\/strong> e delle <strong>misure di protezione<\/strong>.<\/p>\n<p>Alcune cronache parlano della <strong>positivit\u00e0 di tutti i pazienti presenti nel reparto<\/strong>. \u00c8 un\u2019informazione che, in assenza di un bollettino ufficiale dell\u2019<strong>Asl Salerno<\/strong> con il numero dei contagi, va per\u00f2 considerata ancora <strong>provvisoria<\/strong>. <strong>Non risultano al momento indicazioni di un interessamento degli altri reparti<\/strong> n\u00e9 di una <strong>diffusione dell\u2019infezione nella popolazione di Eboli<\/strong>.<\/p>\n<p>Il punto essenziale \u00e8 proprio questo: un <strong>focolaio ospedaliero<\/strong>, per quanto rilevante, <strong>non equivale all\u2019inizio di una nuova epidemia nella comunit\u00e0<\/strong>. La parola <strong>\u201cepidemia\u201d<\/strong> comparsa in alcuni titoli descrive la <strong>trasmissione interna al reparto<\/strong>, non un\u2019emergenza paragonabile alle ondate degli anni della pandemia.<\/p>\n<p><strong>Perch\u00e9 il virus pu\u00f2 diffondersi rapidamente in un reparto<\/strong><\/p>\n<p>La <strong>Medicina generale<\/strong> ospita prevalentemente persone <strong>anziane, fragili e affette da pi\u00f9 patologie<\/strong>. I pazienti <strong>condividono stanze, servizi e spazi comuni<\/strong>, ricevono visite e necessitano di <strong>frequenti contatti con medici, infermieri e operatori sociosanitari<\/strong>.<\/p>\n<p><strong>SARS-CoV-2<\/strong> si trasmette soprattutto attraverso <strong>particelle respiratorie<\/strong> che possono accumularsi negli <strong>ambienti chiusi e poco ventilati<\/strong>. Una persona pu\u00f2 inoltre essere <strong>contagiosa prima della comparsa dei sintomi<\/strong> o presentare disturbi tanto <strong>lievi da non essere riconosciuti immediatamente<\/strong>.<\/p>\n<p>Il virus pu\u00f2 quindi entrare in ospedale attraverso <strong>un paziente, un visitatore o un operatore inconsapevolmente infetto<\/strong>. Una volta introdotto in un reparto con <strong>degenti particolarmente vulnerabili<\/strong>, pu\u00f2 <strong>propagarsi pi\u00f9 velocemente<\/strong> che nella popolazione generale.<\/p>\n<p>Per questo la <strong>chiusura temporanea agli accessi esterni<\/strong>, l\u2019<strong>isolamento dei positivi<\/strong>, i <strong>tamponi ai contatti<\/strong>, l\u2019<strong>impiego delle mascherine<\/strong> e la <strong>ventilazione degli ambienti<\/strong> costituiscono <strong>interventi proporzionati<\/strong>. Servono a <strong>spezzare le catene di trasmissione<\/strong> e a <strong>proteggere soprattutto chi rischia una polmonite o lo scompenso di patologie preesistenti<\/strong>.<\/p>\n<p><strong>I dati nazionali non indicano una nuova ondata<\/strong><\/p>\n<p><strong>Il focolaio di Eboli<\/strong> arriva mentre la <strong>circolazione rilevata del virus in Italia rimane molto contenuta<\/strong>. Nel monitoraggio relativo al periodo compreso tra il 20 e il 26 agosto 2026, l\u2019<strong>Istituto superiore di sanit\u00e0<\/strong> registra un\u2019<strong>incidenza inferiore a 0,5 casi diagnosticati ogni 100 mila abitanti<\/strong>, sostanzialmente stabile rispetto alla settimana precedente.<\/p>\n<p><strong>Anche la pressione sugli ospedali resta bassa<\/strong>: nei rilevamenti di agosto l\u2019<strong>occupazione dei letti ordinari<\/strong> da parte di pazienti positivi si \u00e8 mantenuta <strong>intorno allo 0,5 per cento<\/strong>, mentre quella delle <strong>terapie intensive<\/strong> \u00e8 rimasta su valori ancora pi\u00f9 contenuti.<\/p>\n<p><strong>Questi numeri non descrivono, dunque, l\u2019avvio di una nuova ondata nazionale<\/strong>. Vanno per\u00f2 letti con cautela perch\u00e9 oggi molte persone con febbre, tosse o mal di gola <strong>non eseguono pi\u00f9 il tampone<\/strong> oppure ricorrono a <strong>test domestici<\/strong> il cui risultato non entra nei sistemi di sorveglianza. <strong>I casi ufficiali rappresentano quindi soltanto una parte delle infezioni reali<\/strong>.<\/p>\n<p><strong>Pi\u00f9 affidabili, per valutare l\u2019impatto sanitario, sono l\u2019andamento dei ricoveri, gli accessi ospedalieri per sindromi respiratorie, le terapie intensive e i decessi<\/strong>. Al momento <strong>nessuno di questi indicatori segnala una pressione paragonabile a quella delle grandi ondate pandemiche<\/strong>. ISS, monitoraggio del 28 agosto 2026<\/p>\n<p><strong>Quali varianti stanno circolando<\/strong><\/p>\n<p>Il virus non \u00e8 rimasto fermo. L\u2019<strong>Organizzazione mondiale della sanit\u00e0<\/strong> continua a classificare <strong>JN.1<\/strong> come variante di interesse e tiene sotto osservazione quattro discendenti o linee emergenti: <strong>XFG, NB.1.8.1, BA.3.2<\/strong> e, dal 27 luglio 2026, <strong>PQ.16.1.1<\/strong>.<\/p>\n<p><strong>XFG<\/strong> e <strong>NB.1.8.1<\/strong> appartengono alla grande famiglia evolutiva derivata da <strong>JN.1<\/strong>. <strong>Hanno accumulato mutazioni nella proteina Spike<\/strong> che possono favorire la capacit\u00e0 di <strong>eludere almeno in parte gli anticorpi<\/strong> e <strong>infettare anche persone vaccinate o gi\u00e0 contagiate<\/strong>. Una maggiore capacit\u00e0 di trasmissione, per\u00f2, <strong>non significa automaticamente maggiore aggressivit\u00e0<\/strong>.<\/p>\n<p><strong>PQ.16.1.1<\/strong> \u00e8 una discendente di <strong>NB.1.8.1<\/strong> e presenta ulteriori modificazioni della Spike. La sua classificazione come <strong>\u201cvariante sotto monitoraggio\u201d<\/strong> significa che <strong>merita una sorveglianza rafforzata<\/strong>, non che sia gi\u00e0 considerata pericolosa o destinata a provocare una nuova ondata.<\/p>\n<p><strong>BA.3.2<\/strong> \u00e8 invece geneticamente e antigenicamente <strong>pi\u00f9 distante dalle linee JN.1<\/strong>. Ha mostrato una certa <strong>capacit\u00e0 di sottrarsi agli anticorpi in laboratorio<\/strong>, ma finora sembra possedere una <strong>competitivit\u00e0 biologica inferiore<\/strong> e <strong>non \u00e8 stata collegata a un aumento sostanziale della malattia grave<\/strong>.<\/p>\n<p><strong>L\u2019Oms non classifica attualmente nessuna di queste linee come nuova variante di preoccupazione<\/strong>. OMS, varianti in circolazione<\/p>\n<p><strong>Esiste il rischio di una nuova epidemia?<\/strong><\/p>\n<p>La risposta pi\u00f9 corretta \u00e8: <strong>non nell\u2019immediato<\/strong>, sulla base dei dati disponibili, ma <strong>il rischio di nuove risalite stagionali non pu\u00f2 essere escluso<\/strong>.<\/p>\n<p><strong>SARS-CoV-2 continua a circolare durante tutto l\u2019anno<\/strong>. <strong>I viaggi, gli incontri familiari, gli ambienti con aria condizionata e le manifestazioni al chiuso<\/strong> possono favorire aumenti anche in estate. Con l\u2019autunno si aggiungeranno la <strong>riapertura delle scuole, la maggiore permanenza negli spazi chiusi<\/strong> e la contemporanea circolazione di <strong>influenza e virus respiratorio sinciziale<\/strong>.<\/p>\n<p>Una futura variante potrebbe inoltre <strong>diffondersi pi\u00f9 rapidamente o superare meglio le difese<\/strong> maturate con vaccinazioni e infezioni precedenti. Al momento, tuttavia, <strong>non ci sono prove che le varianti sorvegliate provochino forme cliniche pi\u00f9 gravi<\/strong>.<\/p>\n<p><strong>L\u2019Oms sottolinea<\/strong> che nel 2026 il virus continua a causare <strong>ricoveri, decessi e Long Covid<\/strong>, ma il suo impatto sui sistemi sanitari \u00e8 <strong>nettamente inferiore rispetto al 2020-2021<\/strong>. A ridurlo contribuiscono <strong>l\u2019immunit\u00e0 accumulata nella popolazione, i vaccini, gli antivirali e una migliore gestione clinica<\/strong>. OMS, valutazione vaccini e varianti<\/p>\n<p><strong>Chi rischia ancora le conseguenze pi\u00f9 serie<\/strong><\/p>\n<p>Per la maggior parte delle persone giovani e in buona salute l\u2019infezione tende oggi a presentarsi con <strong>febbre, mal di gola, tosse, stanchezza, dolori muscolari, congestione nasale<\/strong> e talvolta disturbi gastrointestinali. I nomi informali attribuiti alle varianti non identificano sindromi cliniche completamente diverse.<\/p>\n<p>Il rischio di polmonite, insufficienza respiratoria e scompenso rimane invece <strong>pi\u00f9 elevato<\/strong> per:<\/p>\n<p><strong>persone molto anziane;<\/strong><\/p>\n<p><strong>immunodepressi;<\/strong><\/p>\n<p><strong>pazienti oncologici;<\/strong><\/p>\n<p><strong>persone con malattie cardiovascolari o respiratorie;<\/strong><\/p>\n<p><strong>diabetici e grandi obesi;<\/strong><\/p>\n<p><strong>malati renali cronici;<\/strong><\/p>\n<p><strong>ospiti delle residenze sanitarie.<\/strong><\/p>\n<p>In queste categorie un\u2019infezione definita \u201clieve\u201d nella popolazione generale pu\u00f2 precipitare un equilibrio gi\u00e0 fragile. \u00c8 la ragione per cui <strong>un focolaio ospedaliero come quello di Eboli richiede una risposta immediata<\/strong> anche se, fuori dall\u2019ospedale, l\u2019incidenza \u00e8 bassa.<\/p>\n<p><strong>Mascherine, test e antivirali: cosa fare<\/strong><\/p>\n<p>Chi presenta febbre, tosse o sintomi respiratori dovrebbe <strong>evitare di visitare persone ricoverate, anziani e immunodepressi<\/strong>. Se deve condividere ambienti chiusi con soggetti fragili, <strong>una mascherina Ffp2 ben aderente<\/strong> riduce concretamente il rischio di trasmissione.<\/p>\n<p><strong>Il tampone conserva un\u2019utilit\u00e0<\/strong> soprattutto quando il risultato pu\u00f2 modificare un comportamento o consentire l\u2019accesso tempestivo alle cure. Per una persona fragile, infatti, <strong>la diagnosi precoce permette al medico di valutare gli antivirali<\/strong>, che devono essere <strong>iniziati entro pochi giorni dalla comparsa dei sintomi<\/strong> e richiedono una <strong>verifica delle possibili interazioni con gli altri farmaci<\/strong>.<\/p>\n<p><strong>Antibiotici e cortisonici non devono essere assunti autonomamente<\/strong>: gli antibiotici non agiscono contro il coronavirus e i corticosteroidi non sono indicati nelle forme iniziali prive di insufficienza respiratoria.<\/p>\n<p><strong>Il segnale proveniente da Eboli, dunque, non giustifica allarmismi n\u00e9 il ritorno a restrizioni generalizzate<\/strong>. Ricorda per\u00f2 che <strong>il virus non \u00e8 scomparso<\/strong> e che negli ospedali, nelle Rsa e accanto alle persone fragili <strong>bastano pochi casi per creare un problema assistenziale serio<\/strong>. <strong>La risposta efficace non \u00e8 la paura, ma una sorveglianza capace di riconoscere rapidamente i focolai, sequenziare le varianti e proteggere chi pu\u00f2 ancora ammalarsi gravemente<\/strong>.<\/p>\n","protected":false},"excerpt":{"rendered":"Diversi pazienti della Medicina generale sono risultati positivi nel giro di pochi giorni. Sospesi gli accessi di familiari&hellip;\n","protected":false},"author":3,"featured_media":657366,"comment_status":"","ping_status":"","sticky":false,"template":"","format":"standard","meta":{"footnotes":"","_share_on_mastodon":"0"},"categories":[175],"tags":[335829,70082,362745,239,10238,1537,90,89,362747,362746,362749,810,362750,240,362748],"class_list":["post-657365","post","type-post","status-publish","format-standard","has-post-thumbnail","category-salute","tag-asl-salerno","tag-eboli","tag-giuseppe-toriello","tag-health","tag-istituto-superiore-di-sanita","tag-it","tag-italia","tag-italy","tag-jn-1","tag-maria-santissima-addolorata-di-eboli","tag-nb-1-8-1","tag-oms","tag-pq-16-1-1","tag-salute","tag-xfg"],"share_on_mastodon":{"url":"https:\/\/pubeurope.com\/@it\/117187766029486382","error":""},"_links":{"self":[{"href":"https:\/\/www.europesays.com\/it\/wp-json\/wp\/v2\/posts\/657365","targetHints":{"allow":["GET"]}}],"collection":[{"href":"https:\/\/www.europesays.com\/it\/wp-json\/wp\/v2\/posts"}],"about":[{"href":"https:\/\/www.europesays.com\/it\/wp-json\/wp\/v2\/types\/post"}],"author":[{"embeddable":true,"href":"https:\/\/www.europesays.com\/it\/wp-json\/wp\/v2\/users\/3"}],"replies":[{"embeddable":true,"href":"https:\/\/www.europesays.com\/it\/wp-json\/wp\/v2\/comments?post=657365"}],"version-history":[{"count":0,"href":"https:\/\/www.europesays.com\/it\/wp-json\/wp\/v2\/posts\/657365\/revisions"}],"wp:featuredmedia":[{"embeddable":true,"href":"https:\/\/www.europesays.com\/it\/wp-json\/wp\/v2\/media\/657366"}],"wp:attachment":[{"href":"https:\/\/www.europesays.com\/it\/wp-json\/wp\/v2\/media?parent=657365"}],"wp:term":[{"taxonomy":"category","embeddable":true,"href":"https:\/\/www.europesays.com\/it\/wp-json\/wp\/v2\/categories?post=657365"},{"taxonomy":"post_tag","embeddable":true,"href":"https:\/\/www.europesays.com\/it\/wp-json\/wp\/v2\/tags?post=657365"}],"curies":[{"name":"wp","href":"https:\/\/api.w.org\/{rel}","templated":true}]}}