{"id":657367,"date":"2026-08-31T02:29:21","date_gmt":"2026-08-31T02:29:21","guid":{"rendered":"https:\/\/www.europesays.com\/it\/657367\/"},"modified":"2026-08-31T02:29:21","modified_gmt":"2026-08-31T02:29:21","slug":"moda-il-ritorno-in-ufficio-e-allinsegna-del-less-is-more-la-nuova-eleganza-riparte-dalla-semplicita","status":"publish","type":"post","link":"https:\/\/www.europesays.com\/it\/657367\/","title":{"rendered":"Moda, il ritorno in ufficio \u00e8 all\u2019insegna del &#8220;less is more&#8221;: la nuova eleganza riparte dalla semplicit\u00e0"},"content":{"rendered":"<p>    di<br \/>\n    Federica Bandirali<\/p>\n<p class=\"summary-art is-line-h-12\">Con il ritorno alla routine e alle scrivanie, anche il guardaroba cambia passo: pochi capi, linee pulite e dettagli essenziali per affrontare il back to work con stile<\/p>\n<p class=\"chapter-paragraph\">Settembre, per molti, significa ritorno alla scrivania, agenda piena e guardaroba da ripensare. Dopo settimane di look pi\u00f9 liberi e informali, il rientro al lavoro si traduce anche in una domanda: cosa indossare? La risposta della moda per questa stagione \u00e8 semplice e sempre pi\u00f9 condivisa: less is more.  Via gli eccessi, spazio a capi essenziali, linee pulite e colori facili da abbinare. Un blazer ben tagliato, una camicia bianca, pantaloni morbidi, una gonna midi o un abito minimal diventano la base di un guardaroba da ufficio che punta sulla qualit\u00e0 pi\u00f9 che sulla quantit\u00e0.<\/p>\n<p>        <img decoding=\"async\" class=\"is_full_image\" loading=\"lazy\" alt=\"Moda, il ritorno in ufficio \u00e8 all\u2019insegna del \" less=\"\" is=\"\" more=\"\" la=\"\" nuova=\"\" eleganza=\"\" riparte=\"\" dalla=\"\" semplicit=\"\" src=\"https:\/\/www.europesays.com\/it\/wp-content\/uploads\/2026\/08\/6a8ed6ffe3635.jpeg\" data-full-src=\"https:\/\/www.europesays.com\/it\/wp-content\/uploads\/2026\/08\/6a8ed6ffe3635.jpeg\"\/><\/p>\n<p>        <img decoding=\"async\" class=\"is_full_image\" loading=\"lazy\" alt=\"Moda, il ritorno in ufficio \u00e8 all\u2019insegna del \" less=\"\" is=\"\" more=\"\" la=\"\" nuova=\"\" eleganza=\"\" riparte=\"\" dalla=\"\" semplicit=\"\" src=\"https:\/\/www.europesays.com\/it\/wp-content\/uploads\/2026\/08\/6a8ed71787722.jpeg\" data-full-src=\"https:\/\/www.europesays.com\/it\/wp-content\/uploads\/2026\/08\/6a8ed71787722.jpeg\"\/><\/p>\n<p>        <img decoding=\"async\" class=\"is_full_image\" loading=\"lazy\" alt=\"Moda, il ritorno in ufficio \u00e8 all\u2019insegna del \" less=\"\" is=\"\" more=\"\" la=\"\" nuova=\"\" eleganza=\"\" riparte=\"\" dalla=\"\" semplicit=\"\" src=\"https:\/\/www.europesays.com\/it\/wp-content\/uploads\/2026\/08\/6a8ed73c45f59.jpeg\" data-full-src=\"https:\/\/www.europesays.com\/it\/wp-content\/uploads\/2026\/08\/6a8ed73c45f59.jpeg\"\/><\/p>\n<p class=\"chapter-paragraph\">L\u2019idea \u00e8 costruire look capaci di funzionare dalla prima riunione della mattina fino all\u2019aperitivo di fine giornata, cambiando magari solo un accessorio. Anche il ritorno in citt\u00e0, insomma, segue la regola della sottrazione. Pochi pezzi, scelti bene, e una palette neutra fatta di nero, bianco, beige, grigio e blu, con qualche dettaglio pi\u00f9 personale per evitare l\u2019effetto uniforme. Il vero lusso del back to work? Non avere l\u2019armadio pieno, ma sapere esattamente cosa mettere.    &#13;<br \/>\n&#13;<br \/>\n&#13;<br \/>\n&#13;<br \/>\n&#13;<br \/>\n&#13;<br \/>\n&#13;<br \/>\n&#13;<br \/>\n&#13;<br \/>\n&#13;<br \/>\n&#13;<br \/>\n&#13;<br \/>\n&#13;<br \/>\n&#13;<br \/>\n&#13;<br \/>\n&#13;<br \/>\n&#13;<br \/>\n&#13;<br \/>\n&#13;<br \/>\n&#13;<br \/>\n&#13;<br \/>\n&#13;<br \/>\n&#13;<br \/>\n&#13;<br \/>\n&#13;<br \/>\n&#13;<br \/>\n&#13;<br \/>\n&#13;<br \/>\n&#13;<br \/>\n&#13;<br \/>\n&#13;<br \/>\n&#13;<br \/>\n&#13;<br \/>\n&#13;<br \/>\n&#13;<br \/>\n&#13;<br \/>\n&#13;<br \/>\n&#13;<br \/>\n&#13;<br \/>\n&#13;<br \/>\n&#13;<br \/>\n&#13;<br \/>\n&#13;<br \/>\n&#13;<br \/>\n&#13;<br \/>\n&#13;<br \/>\n&#13;<br \/>\n&#13;<br \/>\n&#13;<br \/>\n&#13;<br \/>\n&#13;<br \/>\n&#13;<br \/>\n&#13;\n<\/p>\n<p class=\"is-last-update\" datetime=\"2026-08-30T17:16:41+02:00\">30 agosto 2026 ( modifica il 30 agosto 2026 | 17:16)<\/p>\n<p class=\"is-copyright\">\n            \u00a9 RIPRODUZIONE RISERVATA\n        <\/p>\n","protected":false},"excerpt":{"rendered":"di Federica Bandirali Con il ritorno alla routine e alle scrivanie, anche il guardaroba cambia passo: pochi capi,&hellip;\n","protected":false},"author":3,"featured_media":657368,"comment_status":"","ping_status":"","sticky":false,"template":"","format":"standard","meta":{"footnotes":"","_share_on_mastodon":"0"},"categories":[174],"tags":[24562,55500,362751,10823,203,31823,115567,204,1571,164124,1537,90,89,164125,164126,362752,18327,362753,467,3112,3675],"class_list":["post-657367","post","type-post","status-publish","format-standard","has-post-thumbnail","category-intrattenimento","tag-back","tag-back-to","tag-back-to-work","tag-capi","tag-entertainment","tag-essenziali","tag-guardaroba","tag-intrattenimento","tag-is","tag-is-more","tag-it","tag-italia","tag-italy","tag-less","tag-less-is","tag-less-is-more","tag-linee","tag-linee-pulite","tag-look","tag-moda","tag-ritorno"],"share_on_mastodon":{"url":"https:\/\/pubeurope.com\/@it\/117187771325528375","error":""},"_links":{"self":[{"href":"https:\/\/www.europesays.com\/it\/wp-json\/wp\/v2\/posts\/657367","targetHints":{"allow":["GET"]}}],"collection":[{"href":"https:\/\/www.europesays.com\/it\/wp-json\/wp\/v2\/posts"}],"about":[{"href":"https:\/\/www.europesays.com\/it\/wp-json\/wp\/v2\/types\/post"}],"author":[{"embeddable":true,"href":"https:\/\/www.europesays.com\/it\/wp-json\/wp\/v2\/users\/3"}],"replies":[{"embeddable":true,"href":"https:\/\/www.europesays.com\/it\/wp-json\/wp\/v2\/comments?post=657367"}],"version-history":[{"count":0,"href":"https:\/\/www.europesays.com\/it\/wp-json\/wp\/v2\/posts\/657367\/revisions"}],"wp:featuredmedia":[{"embeddable":true,"href":"https:\/\/www.europesays.com\/it\/wp-json\/wp\/v2\/media\/657368"}],"wp:attachment":[{"href":"https:\/\/www.europesays.com\/it\/wp-json\/wp\/v2\/media?parent=657367"}],"wp:term":[{"taxonomy":"category","embeddable":true,"href":"https:\/\/www.europesays.com\/it\/wp-json\/wp\/v2\/categories?post=657367"},{"taxonomy":"post_tag","embeddable":true,"href":"https:\/\/www.europesays.com\/it\/wp-json\/wp\/v2\/tags?post=657367"}],"curies":[{"name":"wp","href":"https:\/\/api.w.org\/{rel}","templated":true}]}}