{"id":657375,"date":"2026-08-31T02:33:14","date_gmt":"2026-08-31T02:33:14","guid":{"rendered":"https:\/\/www.europesays.com\/it\/657375\/"},"modified":"2026-08-31T02:33:14","modified_gmt":"2026-08-31T02:33:14","slug":"comacchio-il-pescatore-e-la-moria-delle-cozze-abbiamo-perso-tutto-per-colpa-del-mare-caldo-la-mia-cooperativa-ha-gia-messo-in-vendita-alcune-barche","status":"publish","type":"post","link":"https:\/\/www.europesays.com\/it\/657375\/","title":{"rendered":"Comacchio, il pescatore e la moria delle cozze: \u00abAbbiamo perso tutto per colpa del mare caldo. La mia cooperativa ha gi\u00e0 messo in vendita alcune barche\u00bb"},"content":{"rendered":"<p>    di<br \/>\n    Davide Soattin<\/p>\n<p class=\"summary-art is-line-h-12\">Sandro Felletti, 64enne mitilicoltore della cooperativa Gente di Mare: \u00abOltre alle estreme temperature anche il prodotto proveniente dalla Grecia, che viene poi commercializzato come italiano\u00bb<\/p>\n<p class=\"chapter-paragraph\">Il mare bollente mette ko la produzione di cozze in Alto Adriatico. Epicentro della strage di mitili \u00e8 la zona tra Goro e Porto Garibaldi, in provincia di Ferrara, dove si concentra il 60% del polo produttivo regionale di allevamento in mare. A vivere sulla propria pelle la crisi c&#8217;\u00e8 Sandro Felletti, 64enne mitilicoltore della cooperativa Gente di Mare di Comacchio, che racconta il momento di grave difficolt\u00e0 del settore tra clima che non aiuta, caro carburante e concorrenza.<\/p>\n<p class=\"chapter-paragraph\"><b>Felletti, da quanti anni lavora nel settore della mitilicoltura?<\/b><br \/>\u00abHo cominciato nel 2003. Sono pi\u00f9 di 20 anni che lavoro in questo settore, ma gli ultimi anni non hanno portato grandi vantaggi\u00bb.    &#13;<br \/>\n&#13;<br \/>\n&#13;<br \/>\n&#13;<br \/>\n&#13;<br \/>\n&#13;<br \/>\n&#13;<br \/>\n&#13;<br \/>\n&#13;<br \/>\n&#13;<br \/>\n&#13;<br \/>\n&#13;<br \/>\n&#13;<br \/>\n&#13;<br \/>\n&#13;<br \/>\n&#13;<br \/>\n&#13;<br \/>\n&#13;<br \/>\n&#13;<br \/>\n&#13;<br \/>\n&#13;<br \/>\n&#13;<br \/>\n&#13;<br \/>\n&#13;<br \/>\n&#13;<br \/>\n&#13;<br \/>\n&#13;<br \/>\n&#13;<br \/>\n&#13;<br \/>\n&#13;<br \/>\n&#13;<br \/>\n&#13;<br \/>\n&#13;<br \/>\n&#13;<br \/>\n&#13;<br \/>\n&#13;<br \/>\n&#13;<br \/>\n&#13;<br \/>\n&#13;<br \/>\n&#13;<br \/>\n&#13;<br \/>\n&#13;<br \/>\n&#13;<br \/>\n&#13;<br \/>\n&#13;<br \/>\n&#13;<br \/>\n&#13;<br \/>\n&#13;<br \/>\n&#13;<br \/>\n&#13;<br \/>\n&#13;<br \/>\n&#13;<br \/>\n&#13;\n<\/p>\n<p class=\"chapter-paragraph\"><b>Ci racconti.<\/b><br \/>\u00abIl mio impianto va dai 3.700 ai 4.000 quintali, anche se non riusciamo a riempirlo tutti gli anni. I primi anni, quando il settore andava bene, riuscivamo a produrre circa 3.500 quintali. Si portava a casa da vivere, anche se voleva dire fatica. A quel tempo riuscivamo anche a vendere il seme, oltre ad avere i nostri impianti completamente pieni. Insomma, ci sono stati anni in cui abbiamo prodotto, ma anche venduto\u00bb.<\/p>\n<p class=\"chapter-paragraph\"><b>Un settore che dava soddisfazioni.<\/b><br \/>\u00abS\u00ec. Basti pensare che con la mor\u00eca di vongole dovuta al granchio blu, negli ultimi periodi, la cozza aveva preso prezzo per rimpiazzare la vongola e il mestiere prometteva reddito. Tanti giovani, che prima raccoglievano le vongole, hanno preso coraggio e hanno deciso di entrare in attivit\u00e0, investendo nella cozza\u00bb.<\/p>\n<p class=\"chapter-paragraph\"><b>Poi cos&#8217;\u00e8 successo?<\/b><br \/>\u00abNegli ultimi tre anni, la temperatura del mare \u00e8 aumentata di 4 gradi. Nel 2024 \u00e8 morto il 90% del prodotto, quindi non abbiamo fatturato niente. Nel 2025 per\u00f2 abbiamo riseminato, riempiendo gli impianti e vendendo anche la semina. In un certo senso, con le mareggiate che mescolavano l&#8217;acqua ogni settimana e mantenevano la temperatura, eravamo tornati alla normalit\u00e0\u00bb.<\/p>\n<p class=\"chapter-paragraph\"><b>Arriviamo all&#8217;estate 2026, una delle pi\u00f9 calde.<\/b><br \/>\u00abQuest&#8217;anno ci sono state cinque ondate di caldo, e forse non sono finite qui. Abbiamo perso tutto, riuscendo a salvare solamente una minima parte a maggio, quando gi\u00e0 faceva molto caldo. Oggi per\u00f2 non c&#8217;\u00e8 niente. Niente\u00bb.<\/p>\n<p class=\"chapter-paragraph\"><b>In che modo il caldo danneggia le coltivazioni?<\/b><br \/>\u00abIl caldo fa mancare ossigeno in acqua e si forma la mucillagine, che poi si attacca alle calze in cui vengono coltivate le cozze e le soffoca. Ma non \u00e8 solamente questione di caldo e temperature elevate\u2026\u00bb.<\/p>\n<p class=\"chapter-paragraph\"><b>Ci spieghi.<\/b><br \/>\u00abNello stesso periodo in cui iniziamo la raccolta, entra sul mercato anche il prodotto proveniente dalla Grecia, che arriva in Italia non sempre in maniera regolare e viene poi commercializzato come prodotto italiano. Per noi questo rappresenta un danno significativo. Quel poco prodotto che siamo riusciti a salvare lo scorso maggio, in un periodo in cui le temperature erano gi\u00e0 elevate e la qualit\u00e0 non era al top, avremmo potuto valorizzarlo e venderlo meglio se non avessimo dovuto confrontarci con la concorrenza del prodotto greco. Dobbiamo quindi fare i conti non solo con le difficolt\u00e0 legate alla natura e all&#8217;andamento climatico, ma anche con fenomeni di commercio sleale che penalizzano fortemente il nostro lavoro\u00bb.<\/p>\n<p class=\"chapter-paragraph\"><b>Qual \u00e8 il rischio?<\/b><br \/>\u00abIl rischio \u00e8 che prenda forza la Grecia con un prodotto di qualit\u00e0 inferiore che finisce per trascinarci in una lotta al ribasso, necessaria per farci sopravvivere, che non fa bene a nessuno e danneggia il mercato\u00bb.<\/p>\n<p class=\"chapter-paragraph\"><b>E poi c&#8217;\u00e8 il caro carburanti, immagino.<\/b><br \/>\u00abIl prezzo del gasolio \u00e8 raddoppiato rispetto ai primi anni. Prima di uscire con le barche ci guardiamo, ragioniamo. Prima spendevamo 50 euro, oggi 100. Quando spendi e investi e poi, nei mesi successivi perdi tutto, \u00e8 ovvio che finisci per rimanerci male\u00bb.<\/p>\n<p class=\"chapter-paragraph\"><b>Qual \u00e8 la conseguenza di questa serie di fattori negativi?<\/b><br \/>\u00abNella mia cooperativa, cinque barche sono gi\u00e0 state messe in vendita. Parliamo di circa 15 famiglie che ci mangiano con questo lavoro. Sono principalmente ragazzi tra i 30 e i 40 anni che purtroppo non ci credono pi\u00f9 e scelgono di fare altro. Nel 2024, tre di queste barche hanno investito passando dalla pesca delle vongole alla coltivazione di cozze per via del granchio blu. Ci hanno messo soldi per gli impianti e la semina, ma quest&#8217;anno hanno venduto un terzo del raccolto e inevitabilmente bisogna fare delle considerazioni\u00bb.<\/p>\n<p class=\"chapter-paragraph\"><b>E lei?<\/b><br \/>\u00abVediamo, ma ho 64 anni e dove vado? Lo stesso vale per un altro mio collega. Ci tocca stare qui, pagare i contributi per arrivare in pensione, ma non c&#8217;\u00e8 nessun tipo di interesse a farlo\u00bb.<\/p>\n<p class=\"chapter-paragraph\"><b>Quali possono essere i rimedi da attuare per salvare il settore?<\/b><br \/>\u00abSe stiamo a guardare la natura e il clima, come facciamo a evitare che venga caldo e le temperature elevate? Dovremmo pi\u00f9 che altro avere metratura in pi\u00f9 che ci permetta di andare pi\u00f9 in profondit\u00e0 con gli allevamenti, dove l&#8217;acqua \u00e8 meno calda e le cozze sopravvivono\u00bb.<\/p>\n<p class=\"chapter-paragraph\"><b>A chi lanciate l&#8217;appello?<\/b><br \/>\u00abAl mondo della politica, ma non ci ascoltano. Anzi, chiudono gli occhi. Ci stiamo muovendo come pescatori per chiedere aiuto. \u00c8 necessario che vengano fatte delle prove sulla questione della profondit\u00e0. Oggi coltiviamo a 10-11 metri di acqua, ma le probabilit\u00e0 di mor\u00eca calano se ce ne sono di pi\u00f9. Bisogna chiedere di fare degli impianti demaniali pi\u00f9 a largo, di spostarli rispetto a quelli attuali. Ma se solo in questo ultimo anno mollano cinque barche, come possiamo salvare il settore?\u00bb.<\/p>\n<p class=\"is-mr-t-20 is-mr-b-20\"><b><br \/>\n                    <a href=\"https:\/\/corrieredibologna.corriere.it\/?intcmp=Notizielocali_nd_010623_corriere_ss_bologna\" target=\"_blank\" rel=\"nofollow noopener\">Vai a tutte le notizie di Bologna<\/a><br \/>\n            <\/b><\/p>\n<p class=\"chapter-paragraph\"><b><a href=\"https:\/\/www.corriere.it\/newsletter\/?theme=38&amp;intcmp=NL-artic_nd_050624_corriere_ss_bologna\" target=\"_blank\" rel=\"nofollow noopener\">Iscriviti alla newsletter del Corriere di Bologna<\/a><\/b><\/p>\n<p class=\"is-last-update\" datetime=\"2026-08-30T17:10:47+02:00\">30 agosto 2026 ( modifica il 30 agosto 2026 | 17:10)<\/p>\n<p class=\"is-copyright\">\n            \u00a9 RIPRODUZIONE RISERVATA\n        <\/p>\n","protected":false},"excerpt":{"rendered":"di Davide Soattin Sandro Felletti, 64enne mitilicoltore della cooperativa Gente di Mare: \u00abOltre alle estreme temperature anche il&hellip;\n","protected":false},"author":3,"featured_media":657376,"comment_status":"","ping_status":"","sticky":false,"template":"","format":"standard","meta":{"footnotes":"","_share_on_mastodon":"0"},"categories":[79],"tags":[412,22780,3439,14807,1534,329365,362755,4723,6913,631,362756,8840,2659,57380,678,34676,362757,362758,77717,77710,14,93,94,79586,5376,22124,362754,362759,362760,4965,362761,155163,190968,6064,883,1537,90,1599,89,707,2050,1412,9476,362762,362763,362764,337537,17796,7,15,1667,3386,8559,4734,3338,12619,362765,8200,861,102,305508,11,84,91,12,85,92,338,158079],"class_list":["post-657375","post","type-post","status-publish","format-standard","has-post-thumbnail","category-italia","tag-acqua","tag-barche","tag-bisogna","tag-blu","tag-caldo","tag-caldo-temperature","tag-caldo-temperature-elevate","tag-caro","tag-chiedere","tag-cinque","tag-cinque-barche","tag-clima","tag-comacchio","tag-commercializzato","tag-concorrenza","tag-cooperativa","tag-cooperativa-gente","tag-cooperativa-gente-mare","tag-cozza","tag-cozze","tag-cronaca","tag-cronaca-italiana","tag-cronacaitaliana","tag-danneggia","tag-difficolta","tag-elevate","tag-felletti","tag-felletti-mitilicoltore","tag-felletti-mitilicoltore-cooperativa","tag-gente","tag-gente-mare","tag-granchio","tag-granchio-blu","tag-grecia","tag-impianti","tag-it","tag-italia","tag-italiano","tag-italy","tag-maggio","tag-mare","tag-mercato","tag-messo","tag-mitilicoltore","tag-mitilicoltore-cooperativa","tag-mitilicoltore-cooperativa-gente","tag-moria","tag-natura","tag-news","tag-notizie","tag-periodo","tag-perso","tag-preso","tag-prezzo","tag-primi","tag-prodotto","tag-prodotto-proveniente","tag-salvare","tag-settore","tag-temperature","tag-temperature-elevate","tag-ultime-notizie","tag-ultime-notizie-e-news-di-oggi","tag-ultime-notizie-italia","tag-ultimenotizie","tag-ultimenotizieenewsdioggi","tag-ultimenotizieitalia","tag-ultimi","tag-vongole"],"share_on_mastodon":{"url":"","error":"Validation failed: Text character limit of 500 exceeded"},"_links":{"self":[{"href":"https:\/\/www.europesays.com\/it\/wp-json\/wp\/v2\/posts\/657375","targetHints":{"allow":["GET"]}}],"collection":[{"href":"https:\/\/www.europesays.com\/it\/wp-json\/wp\/v2\/posts"}],"about":[{"href":"https:\/\/www.europesays.com\/it\/wp-json\/wp\/v2\/types\/post"}],"author":[{"embeddable":true,"href":"https:\/\/www.europesays.com\/it\/wp-json\/wp\/v2\/users\/3"}],"replies":[{"embeddable":true,"href":"https:\/\/www.europesays.com\/it\/wp-json\/wp\/v2\/comments?post=657375"}],"version-history":[{"count":0,"href":"https:\/\/www.europesays.com\/it\/wp-json\/wp\/v2\/posts\/657375\/revisions"}],"wp:featuredmedia":[{"embeddable":true,"href":"https:\/\/www.europesays.com\/it\/wp-json\/wp\/v2\/media\/657376"}],"wp:attachment":[{"href":"https:\/\/www.europesays.com\/it\/wp-json\/wp\/v2\/media?parent=657375"}],"wp:term":[{"taxonomy":"category","embeddable":true,"href":"https:\/\/www.europesays.com\/it\/wp-json\/wp\/v2\/categories?post=657375"},{"taxonomy":"post_tag","embeddable":true,"href":"https:\/\/www.europesays.com\/it\/wp-json\/wp\/v2\/tags?post=657375"}],"curies":[{"name":"wp","href":"https:\/\/api.w.org\/{rel}","templated":true}]}}