{"id":657379,"date":"2026-08-31T02:43:32","date_gmt":"2026-08-31T02:43:32","guid":{"rendered":"https:\/\/www.europesays.com\/it\/657379\/"},"modified":"2026-08-31T02:43:32","modified_gmt":"2026-08-31T02:43:32","slug":"van-anrooij-sceglie-canyon-sram-per-cross-e-strada-kastelijn-alla-human-powered-e-georgi-alla-uae","status":"publish","type":"post","link":"https:\/\/www.europesays.com\/it\/657379\/","title":{"rendered":"VAN ANROOIJ SCEGLIE CANYON SRAM PER CROSS E STRADA. KASTELIJN ALLA HUMAN POWERED E GEORGI ALLA UAE"},"content":{"rendered":"<p>            <a class=\"category\" href=\"https:\/\/www.tuttobiciweb.it\/articles\/category\/MERCATO\" itemprop=\"about\" rel=\"nofollow noopener\" target=\"_blank\">MERCATO<\/a> | 30\/08\/2026 | 08:00<br \/>\n            <a class=\"author\" href=\"https:\/\/www.tuttobiciweb.it\/articles\/author\/Luca%20Galimberti\" rel=\"nofollow noopener\" target=\"_blank\">di Luca Galimberti<\/a><\/p>\n<p class=\"MsoNormal\" style=\"text-align: justify;\">Era uno dei movimenti di cui si vociferava da tempo ed ora \u00e8 ufficiale: <b>Shirin van Anrooij<\/b>, dopo sette anni, lascer\u00e0 la Lidl-Trek, team con il quale \u00e8 passata professionista nel 2020, e si accaser\u00e0 alla <b>Canyon Sram<\/b>. La 24enne neerlandese ha firmato un accordo triennale e vestir\u00e0 la nuova maglia dal 1\u00b0 di novembre affiancando Zoe B\u00e4ckstedt <b>nelle gare di ciclocross<\/b>.\n            <\/p>\n<p class=\"MsoNormal\" style=\"text-align: justify;\">Atleta versatile, Shirin nel proprio palmares su strada pu\u00f2 vantare il successo al Trofeo Binda 2023, il podio conquistato alla Ronde van Vlaanderen e quello alla Amstel Gold Race ma anche i piazzamenti ottenuti alla Strade Bianche; una dozzina le affermazioni nel ciclocross e tra queste spicca il titolo iridato nel team relay a Hulst lo scorso gennaio quando con la nazionale \u201corange\u201d batt\u00e9 gli Azzurri.\n            <\/p>\n<p class=\"MsoNormal\" style=\"text-align: justify;\">Cambio maglia in vista anche per un\u2019altra stradista e ciclocrossista dei Paesi Bassi: <b>Yara Kastelijn<\/b>. Vincitrice della tappa di Rodez al Tour de France Femmes 2023 e della Vuelta Burgos di quest\u2019anno, l\u2019atleta 29enne \u00e8 in uscita dalla Fenix Premier Tech ed andr\u00e0 a rafforzare <b>Human Powered Health<\/b> che nei prossimi due anni punter\u00e0 su di lei per essere competitiva nelle corse a tappe.<\/p>\n<p class=\"MsoNormal\" style=\"text-align: justify;\">Continuando a seguire il \u201cfilone\u201d olandese, \u00e8 ufficiale il passaggio di <b>Eline Jansen dalla VolkerWessels alla SD Worx Protime:<\/b> contratto biennale. La ciclista 24enne si \u00e8 messa particolarmente in luce vincendo quest\u2019anno il Grand Prix du Morbihan e la terza tappa del Tour F\u00e9minin des Pyr\u00e9n\u00e9es davanti a Curinier e Quagliotto.<\/p>\n<p class=\"MsoNormal\" style=\"text-align: justify;\">Un&#8217;altra squadra Olandese, la<strong> Picnic PostNL, si prepara a salutare Pfeiffer Georgi.<\/strong> La tre volte campionessa nazionale britannica, terza alla\u00a0Paris-Roubaix Femmes 2024, ha trovato un accordo con la\u00a0UAE Team L&#8217;IMAD e a partire dal prossimo gennaio, e fino alla fine del 2029, vestir\u00e0 la maglia della formazione emiratina.<\/p>\n<p class=\"MsoNormal\" style=\"text-align: justify;\">Chiudiamo questa carrellata di movimenti di ciclomercato con <b>Sandra Alonso<\/b>. La 28enne iberica, attualmente impegnata al Giro di Toscana con la formazione di club Eneicat &#8211; Be Call, nel 2027 sar\u00e0 un\u2019atleta della Laboral <b>Kutxa &#8211; Fundaci\u00f3n Euskadi<\/b> che ne ha ufficializzato l\u2019ingaggio per una stagione.<\/p>\n<p>\n    <a href=\"https:\/\/www.tuttobiciweb.it\/article\/2026\/08\/30\/1787992117\/cycling-transfer-market-van-anrooij-canyon-sram-cyclocross?lang=en\" rel=\"nofollow noopener\" target=\"_blank\"><img decoding=\"async\" src=\"https:\/\/www.europesays.com\/it\/wp-content\/uploads\/2025\/12\/enver.png\"\/><\/a><\/p>\n<p>Copyright &amp;copy TBW<\/p>\n","protected":false},"excerpt":{"rendered":"MERCATO | 30\/08\/2026 | 08:00 di Luca Galimberti Era uno dei movimenti di cui si vociferava da tempo&hellip;\n","protected":false},"author":3,"featured_media":657380,"comment_status":"","ping_status":"","sticky":false,"template":"","format":"standard","meta":{"footnotes":"","_share_on_mastodon":"0"},"categories":[1456],"tags":[40933,1824,21184,18904,1825,1537,90,89,245,244,362766],"class_list":["post-657379","post","type-post","status-publish","format-standard","has-post-thumbnail","category-ciclismo","tag-canyon-sram","tag-ciclismo","tag-ciclocross","tag-ciclomercato","tag-cycling","tag-it","tag-italia","tag-italy","tag-sport","tag-sports","tag-van-anrooij"],"share_on_mastodon":{"url":"https:\/\/pubeurope.com\/@it\/117187825843035413","error":""},"_links":{"self":[{"href":"https:\/\/www.europesays.com\/it\/wp-json\/wp\/v2\/posts\/657379","targetHints":{"allow":["GET"]}}],"collection":[{"href":"https:\/\/www.europesays.com\/it\/wp-json\/wp\/v2\/posts"}],"about":[{"href":"https:\/\/www.europesays.com\/it\/wp-json\/wp\/v2\/types\/post"}],"author":[{"embeddable":true,"href":"https:\/\/www.europesays.com\/it\/wp-json\/wp\/v2\/users\/3"}],"replies":[{"embeddable":true,"href":"https:\/\/www.europesays.com\/it\/wp-json\/wp\/v2\/comments?post=657379"}],"version-history":[{"count":0,"href":"https:\/\/www.europesays.com\/it\/wp-json\/wp\/v2\/posts\/657379\/revisions"}],"wp:featuredmedia":[{"embeddable":true,"href":"https:\/\/www.europesays.com\/it\/wp-json\/wp\/v2\/media\/657380"}],"wp:attachment":[{"href":"https:\/\/www.europesays.com\/it\/wp-json\/wp\/v2\/media?parent=657379"}],"wp:term":[{"taxonomy":"category","embeddable":true,"href":"https:\/\/www.europesays.com\/it\/wp-json\/wp\/v2\/categories?post=657379"},{"taxonomy":"post_tag","embeddable":true,"href":"https:\/\/www.europesays.com\/it\/wp-json\/wp\/v2\/tags?post=657379"}],"curies":[{"name":"wp","href":"https:\/\/api.w.org\/{rel}","templated":true}]}}