{"id":657406,"date":"2026-08-31T03:14:25","date_gmt":"2026-08-31T03:14:25","guid":{"rendered":"https:\/\/www.europesays.com\/it\/657406\/"},"modified":"2026-08-31T03:14:25","modified_gmt":"2026-08-31T03:14:25","slug":"a-time-out-il-25-delle-quote-di-treviso-basket-passaggio-storico-per-il-futuro-della-societa","status":"publish","type":"post","link":"https:\/\/www.europesays.com\/it\/657406\/","title":{"rendered":"A Time Out il 25% delle quote di Treviso basket: \u00abPassaggio storico per il futuro della societ\u00e0\u00bb"},"content":{"rendered":"<p>Si apre ufficialmente una nuova fase della propria storia per Treviso basket. Ieri, 10 giugno, l\u2019assemblea dei soci di Universo Treviso Basket ha approvato l\u2019ingresso di Time Out S.r.l., societ\u00e0 costituita da un gruppo di imprenditori del territorio con l\u2019obiettivo di affiancare il Consorzio UniVerso Treviso nel percorso di crescita e consolidamento del club biancoazzurro. L\u2019operazione rappresenta un passaggio strategico per il futuro della societ\u00e0: da un lato consente di rafforzarne la struttura patrimoniale e organizzativa, dall\u2019altro preserva il ruolo centrale del Consorzio UniVerso Treviso e del territorio all\u2019interno del progetto sportivo.<\/p>\n<p>A seguito dell\u2019operazione deliberata dall\u2019assemblea, Time Out entra da subito nella<br \/>societ\u00e0 con una quota del 25%, mentre il 75% resta di propriet\u00e0 del Consorzio UniVerso Treviso, che continua a rappresentare il socio di riferimento del club. \u00abL\u2019ingresso di Time Out rappresenta un passaggio importante per il futuro della<br \/>societ\u00e0\u00bb commenta Tazio Mazzoccato, presidente del Consorzio UniVerso Treviso.<br \/>\u00abAbbiamo lavorato per costruire un modello che permetta a Treviso Basket di crescere, attrarre nuove risorse e rafforzarsi, senza rinunciare ai valori che ne hanno<br \/>guidato la rinascita. \u00c8 un progetto nato sul territorio e per il territorio. L\u2019ingresso di<br \/>nuovi imprenditori non modifica questa identit\u00e0, ma la rafforza. La dimostrazione<br \/>concreta \u00e8 che il Consorzio mantiene un ruolo centrale nella societ\u00e0 e che sono state introdotte specifiche tutele a garanzia del legame tra Treviso Basket e la comunit\u00e0 trevigiana\u00bb.<\/p>\n<p>Parallelamente all\u2019ingresso del nuovo socio, l\u2019assemblea ha infatti approvato una<br \/>serie di modifiche statutarie che rafforzano ulteriormente il legame tra Treviso<br \/>Basket e il territorio. Tra le principali novit\u00e0, \u00e8 stato stabilito che eventuali decisioni riguardanti il trasferimento della sede legale o del diritto sportivo al di fuori della provincia di Treviso dovranno necessariamente ottenere il voto favorevole del Consorzio a prescindere dall\u2019ammontare della sua partecipazione al capitale sociale di Treviso Basket. Inoltre il Consorzio, anche qualora divenisse in futuro socio di minoranza, avr\u00e0 diritto alla nomina di un suo amministratore.<\/p>\n<p>\u00abVogliamo costruire il futuro di Treviso Basket partendo da basi solide\u00bb sottolinea<br \/>Matteo Contento, presidente di Universo Treviso Basket. \u00abQuesta operazione porta nuove energie, nuove competenze e nuove risorse. Allo stesso tempo abbiamo voluto inserire nello statuto strumenti concreti che garantiscano nel tempo il legame indissolubile tra la societ\u00e0, la citt\u00e0 e il territorio che l\u2019ha fatta nascere e crescere\u00bb. \u00abAbbiamo scelto di entrare in questo progetto perch\u00e9 crediamo nelle sue potenzialit\u00e0 e nel valore che Treviso Basket rappresenta per l\u2019intero territorio\u00bb afferma Stefano De Bettin, amministratore unico di Time Out S.r.l. \u00abL\u2019obiettivo \u00e8 contribuire alla crescita della societ\u00e0 mettendo a disposizione risorse, competenze e relazioni, in una logica di collaborazione e sviluppo di lungo periodo\u00bb.<\/p>\n<p>Nel corso dell\u2019assemblea \u00e8 stata inoltre confermata la nomina di Rodolfo Bigolin nel<br \/>Consiglio di Amministrazione della societ\u00e0: l&#8217;imprenditore, patron di Innovo group, aveva manifestato a fine maggio 2025 la volont\u00e0 di acquisire la maggioranza di Treviso basket. \u201cCon questa operazione&#8221; chiude la nota diramata dalla societ\u00e0&#8221;prende forma un nuovo assetto societario che punta a coniugare crescita, stabilit\u00e0 e visione imprenditoriale, mantenendo al centro il Sistema Treviso e i valori che hanno accompagnato la rinascita e lo sviluppo di Treviso Basket negli ultimi quindici anni\u201d.<\/p>\n","protected":false},"excerpt":{"rendered":"Si apre ufficialmente una nuova fase della propria storia per Treviso basket. Ieri, 10 giugno, l\u2019assemblea dei soci&hellip;\n","protected":false},"author":3,"featured_media":657407,"comment_status":"","ping_status":"","sticky":false,"template":"","format":"standard","meta":{"footnotes":"","_share_on_mastodon":"0"},"categories":[1453],"tags":[1756,1757,1537,90,89,245,244,86750,442],"class_list":["post-657406","post","type-post","status-publish","format-standard","has-post-thumbnail","category-basket","tag-basket","tag-basketball","tag-it","tag-italia","tag-italy","tag-sport","tag-sports","tag-time-out","tag-treviso"],"share_on_mastodon":{"url":"https:\/\/pubeurope.com\/@it\/117187947267694342","error":""},"_links":{"self":[{"href":"https:\/\/www.europesays.com\/it\/wp-json\/wp\/v2\/posts\/657406","targetHints":{"allow":["GET"]}}],"collection":[{"href":"https:\/\/www.europesays.com\/it\/wp-json\/wp\/v2\/posts"}],"about":[{"href":"https:\/\/www.europesays.com\/it\/wp-json\/wp\/v2\/types\/post"}],"author":[{"embeddable":true,"href":"https:\/\/www.europesays.com\/it\/wp-json\/wp\/v2\/users\/3"}],"replies":[{"embeddable":true,"href":"https:\/\/www.europesays.com\/it\/wp-json\/wp\/v2\/comments?post=657406"}],"version-history":[{"count":0,"href":"https:\/\/www.europesays.com\/it\/wp-json\/wp\/v2\/posts\/657406\/revisions"}],"wp:featuredmedia":[{"embeddable":true,"href":"https:\/\/www.europesays.com\/it\/wp-json\/wp\/v2\/media\/657407"}],"wp:attachment":[{"href":"https:\/\/www.europesays.com\/it\/wp-json\/wp\/v2\/media?parent=657406"}],"wp:term":[{"taxonomy":"category","embeddable":true,"href":"https:\/\/www.europesays.com\/it\/wp-json\/wp\/v2\/categories?post=657406"},{"taxonomy":"post_tag","embeddable":true,"href":"https:\/\/www.europesays.com\/it\/wp-json\/wp\/v2\/tags?post=657406"}],"curies":[{"name":"wp","href":"https:\/\/api.w.org\/{rel}","templated":true}]}}