{"id":657425,"date":"2026-08-31T03:28:17","date_gmt":"2026-08-31T03:28:17","guid":{"rendered":"https:\/\/www.europesays.com\/it\/657425\/"},"modified":"2026-08-31T03:28:17","modified_gmt":"2026-08-31T03:28:17","slug":"caldo-torrido-e-malori-sulle-spiagge-muoiono-due-turisti-sul-litorale-jonico-possibile-lo-sbalzo-termico-per-uno-di-loro","status":"publish","type":"post","link":"https:\/\/www.europesays.com\/it\/657425\/","title":{"rendered":"Caldo torrido e malori sulle spiagge: muoiono due turisti sul litorale jonico. Possibile lo sbalzo termico per uno di loro"},"content":{"rendered":"<p>    di<br \/>\n    Lorenzo Giliberti<\/p>\n<p class=\"summary-art is-line-h-12\">Il primo episodio si \u00e8 verificato a Terzo Cavone dove un 56enne si trovava sulla battigia e improvvisamente si \u00e8 accasciato. Il secondo, di 79 anni, aveva bevuto una bibita ghiacciata al bar del lido e subito dopo era entrato in acqua. Poco dopo  il malore<\/p>\n<p class=\"chapter-paragraph\">Due morti in poche ore sulle spiagge del Metapontino. \u00c8 accaduto nella giornata di ieri, sabato 29 agosto, lungo la costa jonica lucana, <b>dove un turista di 56 anni e uno francese di 79 sono stati stroncati da un malore a pochi chilometri di distanza. <\/b>Per entrambi i decessi sono state disposte le autopsie, che dovranno chiarire le cause della morte.<br \/>Il primo episodio si \u00e8 verificato a Terzo Cavone, nel territorio di Scanzano Jonico.<b> Il 56enne si trovava al mare con la famiglia quando, mentre era sulla battigia, si \u00e8 improvvisamente accasciato<\/b>. Immediata la richiesta di soccorso, ma all\u2019arrivo del personale sanitario ogni tentativo di rianimazione si \u00e8 rivelato inutile. I soccorritori non hanno potuto fare altro che constatarne il decesso.<\/p>\n<p class=\"chapter-paragraph\">Poche ore pi\u00f9 tardi, attorno alle 18, un secondo allarme \u00e8 scattato sulla spiaggia di Marina di Pisticci. <b>A perdere la vita \u00e8 stato un turista francese di 79 anni, ospite di uno stabilimento balneare della zona.<\/b> Secondo la ricostruzione confermata dagli accertamenti, l\u2019uomo aveva bevuto una bibita ghiacciata al bar del lido e subito dopo era entrato in acqua. Poco dopo ha accusato il malore.<br \/>Un medico presente sulla spiaggia ha avviato i primi tentativi di rianimazione, proseguiti poi dal personale sanitario intervenuto con ambulanza ed elisoccorso. <b>Anche in questo caso, per\u00f2, non \u00e8 stato possibile salvare l\u2019uomo<\/b>. Stando a quanto appreso dalle forze dell&#8217;ordine, il malore \u00e8 probabilmente correlato a uno choc termico, con arresto cardiocircolatorio.<br \/>Gli accertamenti medico-legali disposti sui due corpi serviranno ora a stabilire le cause esatte dei decessi. Due tragedie avvenute nella stessa giornata e a breve distanza l\u2019una dall\u2019altra, nell\u2019ultimo fine settimana di agosto.    &#13;<br \/>\n&#13;<br \/>\n&#13;<br \/>\n&#13;<br \/>\n&#13;<br \/>\n&#13;<br \/>\n&#13;<br \/>\n&#13;<br \/>\n&#13;<br \/>\n&#13;<br \/>\n&#13;<br \/>\n&#13;<br \/>\n&#13;<br \/>\n&#13;<br \/>\n&#13;<br \/>\n&#13;<br \/>\n&#13;<br \/>\n&#13;<br \/>\n&#13;<br \/>\n&#13;<br \/>\n&#13;<br \/>\n&#13;<br \/>\n&#13;<br \/>\n&#13;<br \/>\n&#13;<br \/>\n&#13;<br \/>\n&#13;<br \/>\n&#13;<br \/>\n&#13;<br \/>\n&#13;<br \/>\n&#13;<br \/>\n&#13;<br \/>\n&#13;<br \/>\n&#13;<br \/>\n&#13;<br \/>\n&#13;<br \/>\n&#13;<br \/>\n&#13;<br \/>\n&#13;<br \/>\n&#13;<br \/>\n&#13;<br \/>\n&#13;<br \/>\n&#13;<br \/>\n&#13;<br \/>\n&#13;<br \/>\n&#13;<br \/>\n&#13;<br \/>\n&#13;<br \/>\n&#13;<br \/>\n&#13;<br \/>\n&#13;<br \/>\n&#13;<br \/>\n&#13;\n<\/p>\n<p class=\"is-mr-t-20 is-mr-b-20\"><b><br \/>\n                    <a href=\"https:\/\/bari.corriere.it\/?intcmp=Notizielocali_nd_010623_corriere_ss_bari\" target=\"_blank\" rel=\"nofollow noopener\">Vai a tutte le notizie di Bari<\/a><br \/>\n            <\/b><\/p>\n<p class=\"chapter-paragraph\"><b><a href=\"https:\/\/www.corriere.it\/newsletter\/?theme=49&amp;intcmp=NL-artic_nd_050624_corriere_ss_mezzogior\" target=\"_blank\" rel=\"nofollow noopener\">Iscriviti alla newsletter del Corriere del Mezzogiorno Puglia<\/a><\/b><\/p>\n<p class=\"is-last-update\" datetime=\"2026-08-30T16:07:20+02:00\">30 agosto 2026<\/p>\n<p class=\"is-copyright\">\n            \u00a9 RIPRODUZIONE RISERVATA\n        <\/p>\n","protected":false},"excerpt":{"rendered":"di Lorenzo Giliberti Il primo episodio si \u00e8 verificato a Terzo Cavone dove un 56enne si trovava sulla&hellip;\n","protected":false},"author":3,"featured_media":657426,"comment_status":"","ping_status":"","sticky":false,"template":"","format":"standard","meta":{"footnotes":"","_share_on_mastodon":"0"},"categories":[79],"tags":[37007,2801,412,2699,12384,362767,362768,33380,362769,362770,23410,362771,362772,356427,362773,362774,8936,362775,14,93,94,1537,90,89,10715,7,15,11,84,91,12,85,92],"class_list":["post-657425","post","type-post","status-publish","format-standard","has-post-thumbnail","category-italia","tag-accasciato","tag-accertamenti","tag-acqua","tag-agosto","tag-bar","tag-bar-lido","tag-bar-lido-entrato","tag-battigia","tag-battigia-improvvisamente","tag-battigia-improvvisamente-accasciato","tag-bevuto","tag-bevuto-bibita","tag-bevuto-bibita-ghiacciata","tag-bibita","tag-bibita-ghiacciata","tag-bibita-ghiacciata-bar","tag-cause","tag-cavone","tag-cronaca","tag-cronaca-italiana","tag-cronacaitaliana","tag-it","tag-italia","tag-italy","tag-malore","tag-news","tag-notizie","tag-ultime-notizie","tag-ultime-notizie-e-news-di-oggi","tag-ultime-notizie-italia","tag-ultimenotizie","tag-ultimenotizieenewsdioggi","tag-ultimenotizieitalia"],"share_on_mastodon":{"url":"","error":"Validation failed: Text character limit of 500 exceeded"},"_links":{"self":[{"href":"https:\/\/www.europesays.com\/it\/wp-json\/wp\/v2\/posts\/657425","targetHints":{"allow":["GET"]}}],"collection":[{"href":"https:\/\/www.europesays.com\/it\/wp-json\/wp\/v2\/posts"}],"about":[{"href":"https:\/\/www.europesays.com\/it\/wp-json\/wp\/v2\/types\/post"}],"author":[{"embeddable":true,"href":"https:\/\/www.europesays.com\/it\/wp-json\/wp\/v2\/users\/3"}],"replies":[{"embeddable":true,"href":"https:\/\/www.europesays.com\/it\/wp-json\/wp\/v2\/comments?post=657425"}],"version-history":[{"count":0,"href":"https:\/\/www.europesays.com\/it\/wp-json\/wp\/v2\/posts\/657425\/revisions"}],"wp:featuredmedia":[{"embeddable":true,"href":"https:\/\/www.europesays.com\/it\/wp-json\/wp\/v2\/media\/657426"}],"wp:attachment":[{"href":"https:\/\/www.europesays.com\/it\/wp-json\/wp\/v2\/media?parent=657425"}],"wp:term":[{"taxonomy":"category","embeddable":true,"href":"https:\/\/www.europesays.com\/it\/wp-json\/wp\/v2\/categories?post=657425"},{"taxonomy":"post_tag","embeddable":true,"href":"https:\/\/www.europesays.com\/it\/wp-json\/wp\/v2\/tags?post=657425"}],"curies":[{"name":"wp","href":"https:\/\/api.w.org\/{rel}","templated":true}]}}