{"id":657438,"date":"2026-08-31T03:49:16","date_gmt":"2026-08-31T03:49:16","guid":{"rendered":"https:\/\/www.europesays.com\/it\/657438\/"},"modified":"2026-08-31T03:49:16","modified_gmt":"2026-08-31T03:49:16","slug":"milan-non-solo-hutchinson-amorim-chiede-gli-ultimi-colpi-chi-puo-arrivare-e-chi-puo-ancora-andare-via","status":"publish","type":"post","link":"https:\/\/www.europesays.com\/it\/657438\/","title":{"rendered":"Milan, non solo Hutchinson: Amorim chiede gli ultimi colpi, chi pu\u00f2 arrivare e chi pu\u00f2 ancora andare via"},"content":{"rendered":"<p>Dunque, a meno di grandi soprese, il prossimo colpo (l&#8217;ultimo?) del <b><strong>Milan<\/strong><\/b> potrebbe arrivare in difesa. Ma chi potrebbe essere?<\/p>\n<p>Definiti i ruoli da puntellare, il <b><strong>Milan<\/strong><\/b> sta dialogando con il super-agente Jorge <b><strong>Mendes<\/strong><\/b> per capire se ci sono i presupposti per un colpo sul gong: da Alejandro <b><strong>Balde<\/strong><\/b> &#8211; terzino del <b><strong>Barcellona<\/strong><\/b> &#8211; a Leny <b><strong>Yoro<\/strong><\/b> &#8211; centrale difensivo del <b><strong>Manchester United<\/strong><\/b> -, passando per <b><strong>Morato<\/strong><\/b> del <b><strong>Nottingham Forest<\/strong><\/b> (\u00e8 stato proposto nelle ultime ore) e per quello che \u00e8 stato definito, a pi\u00f9 riprese, l&#8217;obiettivo prioritario da <b><strong>Amorim<\/strong><\/b>, ovvero Goncalo <b><strong>Inacio<\/strong><\/b> dello <b><strong>Sporting Lisbona<\/strong><\/b>.<\/p>\n<p>Il primo nodo da sciogliere, per\u00f2, riguarda l&#8217;alta valutazione che ognuno dei club ha dei cartellini dei propri calciatori: servirebbe una cifra compresa fra i <b><strong>40<\/strong><\/b> e i <b><strong>50 milioni di euro<\/strong><\/b> per andare all&#8217;assalto di uno questi profili.<\/p>\n<p>Disponibilit\u00e0 economiche che il <b><strong>Milan<\/strong><\/b> possiede, specialmente dopo la cessione ufficiale di Rafael <b><strong>Leao<\/strong><\/b> al <b><strong>Galatasaray<\/strong><\/b>. Non sono trattative semplici da ipotizzare e concretizzare nel giro di 48 ore e poco pi\u00f9, ma il club rossonero \u00e8 perfettamente cosciente delle esigenze tecniche richieste dal proprio allenatore e di quelle che possono essere le dinamiche nel finale di mercato, con un&#8217;occasione che pu\u00f2 davvero nascere da un momento all&#8217;altro.<\/p>\n<p>Il <b><strong>Milan<\/strong><\/b> si far\u00e0 trovare pronto.<\/p>\n","protected":false},"excerpt":{"rendered":"Dunque, a meno di grandi soprese, il prossimo colpo (l&#8217;ultimo?) del Milan potrebbe arrivare in difesa. Ma chi&hellip;\n","protected":false},"author":3,"featured_media":655914,"comment_status":"","ping_status":"","sticky":false,"template":"","format":"standard","meta":{"footnotes":"","_share_on_mastodon":"0"},"categories":[176],"tags":[1744,353,1537,90,89,553,245,244,355],"class_list":["post-657438","post","type-post","status-publish","format-standard","has-post-thumbnail","category-sport","tag-ac-milan","tag-calciomercato","tag-it","tag-italia","tag-italy","tag-milan","tag-sport","tag-sports","tag-transfers"],"share_on_mastodon":{"url":"https:\/\/pubeurope.com\/@it\/117188084789844056","error":""},"_links":{"self":[{"href":"https:\/\/www.europesays.com\/it\/wp-json\/wp\/v2\/posts\/657438","targetHints":{"allow":["GET"]}}],"collection":[{"href":"https:\/\/www.europesays.com\/it\/wp-json\/wp\/v2\/posts"}],"about":[{"href":"https:\/\/www.europesays.com\/it\/wp-json\/wp\/v2\/types\/post"}],"author":[{"embeddable":true,"href":"https:\/\/www.europesays.com\/it\/wp-json\/wp\/v2\/users\/3"}],"replies":[{"embeddable":true,"href":"https:\/\/www.europesays.com\/it\/wp-json\/wp\/v2\/comments?post=657438"}],"version-history":[{"count":0,"href":"https:\/\/www.europesays.com\/it\/wp-json\/wp\/v2\/posts\/657438\/revisions"}],"wp:featuredmedia":[{"embeddable":true,"href":"https:\/\/www.europesays.com\/it\/wp-json\/wp\/v2\/media\/655914"}],"wp:attachment":[{"href":"https:\/\/www.europesays.com\/it\/wp-json\/wp\/v2\/media?parent=657438"}],"wp:term":[{"taxonomy":"category","embeddable":true,"href":"https:\/\/www.europesays.com\/it\/wp-json\/wp\/v2\/categories?post=657438"},{"taxonomy":"post_tag","embeddable":true,"href":"https:\/\/www.europesays.com\/it\/wp-json\/wp\/v2\/tags?post=657438"}],"curies":[{"name":"wp","href":"https:\/\/api.w.org\/{rel}","templated":true}]}}