{"id":657475,"date":"2026-08-31T04:23:21","date_gmt":"2026-08-31T04:23:21","guid":{"rendered":"https:\/\/www.europesays.com\/it\/657475\/"},"modified":"2026-08-31T04:23:21","modified_gmt":"2026-08-31T04:23:21","slug":"bezzecchi-a-aragon-e-il-portabandiera-dellaprilia","status":"publish","type":"post","link":"https:\/\/www.europesays.com\/it\/657475\/","title":{"rendered":"Bezzecchi a Aragon \u00e8 il portabandiera dell&#8217;Aprilia"},"content":{"rendered":"<p>                                Il pilota romagnolo \u00e8 soddisfatto dopo i due terzi posti totalizzati ad Aragon: &#8220;Sono contento, credo che Marquez avrebbe comunque avuto la meglio in ogni caso\u201d<\/p>\n<p>            <a class=\"image is-50x50\" href=\"https:\/\/www.gazzetta.it\/collaboratori\/giorgio-burreddu\/\" rel=\"nofollow noopener\" target=\"_blank\"><br \/>\n                <img decoding=\"async\" class=\"is-rounded\" src=\"https:\/\/www.europesays.com\/it\/wp-content\/uploads\/2025\/12\/giorgio-burreddu_avatar.png\" alt=\"Giorgio Burreddu\"\/><br \/>\n            <\/a><\/p>\n<p>Collaboratore<\/p>\n<p>                    30 agosto &#8211; 16:40  &#8211; MILANO<\/p>\n<p class=\"paragraph\" spellcheck=\"true\">Marco Bezzecchi \u00e8 un duro. E un puro di cuore. Glielo leggi tra le pieghe di quella faccia accaldata e felice, che poi sar\u00e0 felice finch\u00e8 \u00e8 lecito che lo sia. Lui dice s\u00ec: \u201cSono contento. E\u2019 stato un weekend fantastico\u201d. Ma c\u2019\u00e8 anche qualche fastidio con cui fare i conti, non bisogna nascondersi. Era partito in pole position. Nella Sprint Marc Marquez lo aveva superato alla prima curva, e ciao. In gara ci \u00e8 voluto un pelo di pi\u00f9, ma alla fine lo spagnolo (in un testa a testa ai trecento orari: wow) gli \u00e8 andato via e non c\u2019\u00e8 stato nulla da fare. Un sorpasso che al riminese dell\u2019Aprilia \u00e8 costato anche il secondo posto in gara, finito nelle mani di Pedro Acosta (Ktm). Tant\u2019\u00e8 che alla fine (onestissimo) Bez ammette: \u201cQuando mi sono trovato di fianco a Marc era come se facessimo una molla, io volevo allontanarmi, venivo tirato dentro, nel gorgo, come quando coi roller fai cos\u00ec con le gambe, avanti e indietro, presente?\u201d. Pi\u00f9 o meno. Comunque: \u201cE\u2019 stata come una fisarmonica. Mi avvicinavo e mi allontanavo senza volerlo del tutto\u201d, dice ancora Bez. Per le leggi della fisica e della sicurezza la sua moto \u00e8 stata costretta a rallentare per affrontare meglio la curva. E l\u00ec, Bez, si \u00e8 giocato la gara: \u201cMi sono trovato troppo sulla sinistra, non sono riuscito a staccare come avrei voluto. Ecco, Acosta mi ha fregato l\u00ec. Ma Pedro era leggermente pi\u00f9 veloce di me e giro dopo giro lo vedevo andare via. Mi sarebbe piaciuto battagliare di pi\u00f9, rendergliela pi\u00f9 dura, ma credo avrebbe avuto la meglio in ogni caso\u201d.<\/p>\n<p>        ancora in ripresa\u2014 \u00a0<\/p>\n<p class=\"paragraph\" spellcheck=\"true\">Anche se Bezzecchi esce da Aragon con buone sensazioni, qualche rimpianto rimane. Adesso il pilota dell\u2019Aprilia \u00e8 scivolato anche al 3\u00b0 posto nella classifica piloti. Lo ha superato proprio quel Marquez che, per tutto il fine settimana, ha ribattuto i colpi di Bez. Il riminese aveva fatto il giro record a MotorLand, e Marquez lo ha battuto nella Sprint. Bez si era preso la pole, e Marquez lo ha tenuto dietro anche in gara. Quel che resta, per\u00f2, \u00e8 la tenacia di Bezzecchi. I dolori al ginocchio si sono fatti sentire. Anche se lui, stoico, non si \u00e8 mai lamentato. Anzi, ha fatto sapere che niente pu\u00f2 aver inciso sulla sua prestazione. \u201cSicuramente fisicamente sto un po\u2019 soffrendo, ma non penso sia la causa primaria del mio piazzamento in questa gara\u201d. E aggiunge: \u201cNel pomeriggio sono stato pi\u00f9 lento sia ieri sia oggi. Dobbiamo capire cosa \u00e8 successo. E capire come tenere lo stesso passo che abbiamo avuto nelle prove\u201d.<\/p>\n<p><a class=\"is-partner-link\" href=\"https:\/\/ad.doubleclick.net\/ddm\/trackclk\/N1792338.340088CAIRORCSMEDIAS.P.\/B35025367.439955329;dc_trk_aid=633638278;dc_trk_cid=249314339;dc_dbm_token=%24%7bDC_DBM_TOKEN%7d;dc_lat=;dc_rdid=;tag_for_child_directed_treatment=;tfua=;gdpr=%24%7bGDPR%7d;gdpr_consent=%24%7bGDPR_CONSENT_755%7d;ltd=;dc_tdv=1\" rel=\"nofollow noopener\" target=\"_blank\">Non perderti tutti i Gran Premi di Formula 1\u00ae e MotoGP\u2122 in esclusiva streaming su NOW! Attiva il Pass Sport da 19,99\u20ac al mese.<\/a><\/p>\n<p>        bez, podio n. 26\u2014 \u00a0<\/p>\n<p class=\"paragraph\" spellcheck=\"true\">Per Bezzecchi, quello conquistato in Spagna, \u00e8 comunque il 26\u00b0 podio della carriera in MotoGP (50 in tutte le classi). Niente male. E con i suoi bellissimi 27 anni, ne ha ancora di strada da fare. Qui, dice ancora Marco, \u201cl\u2019anno scorso abbiamo faticato tantissimo, sapevo che sarebbe stata una pista ostica. E invece ho lavorato da dio con i miei ragazzi e siamo riusciti a essere sempre veloci. E\u2019 vero che con il fresco nelle prove sono sempre andato un pelo meglio rispetto alle gare con il caldo, ma va bene cos\u00ec. Sono due gare in cui ho dato tutto, ho portato a casa il massimo, anche la pole. Bel weekend. Andiamo avanti\u201d. Davanti a lui c\u2019\u00e8 Misano, terra di motori, di passione e di colori. Soprattutto: il gran premio di casa sua. Bezzecchi se l\u2019\u00e8 segnato sul bloc notes, ma quando se lo scorda? Infatti, dice, \u201cnon c\u2019\u00e8 bisogno, il team me lo ricorda: mi hanno riempito di cose da fare\u201d. Di sicuro, Misano lo rende \u201cfelicissimo\u201d, perch\u00e9 \u201csar\u00e0 un bel weekend: vi aspetto numerosi, ci vediamo a casa\u201d.<\/p>\n<p class=\"is-copyright\">\u00a9 RIPRODUZIONE RISERVATA<\/p>\n","protected":false},"excerpt":{"rendered":"Il pilota romagnolo \u00e8 soddisfatto dopo i due terzi posti totalizzati ad Aragon: &#8220;Sono contento, credo che Marquez&hellip;\n","protected":false},"author":3,"featured_media":657476,"comment_status":"","ping_status":"","sticky":false,"template":"","format":"standard","meta":{"footnotes":"","_share_on_mastodon":"0"},"categories":[6],"tags":[362784,362785,3656,362781,2940,3437,44813,3666,362782,93852,3655,6880,4972,1367,14,11507,31681,2245,57908,629,1837,3369,8,1537,90,89,3266,1914,3657,4047,3442,16140,7,15,82,9,83,10,4695,211390,3333,3351,16590,5810,88510,6228,16512,1928,13,11,80,84,12,81,85,27425,106,362783],"class_list":["post-657475","post","type-post","status-publish","format-standard","has-post-thumbnail","category-ultime-notizie","tag-accaldata","tag-accaldata-felice","tag-acosta","tag-acosta-fregato","tag-andato","tag-aprilia","tag-aragon","tag-bel","tag-bel-weekend","tag-bez","tag-bezzecchi","tag-capire","tag-contento","tag-credo","tag-cronaca","tag-curva","tag-fantastico","tag-felice","tag-fregato","tag-gara","tag-gare","tag-giro","tag-headlines","tag-it","tag-italia","tag-italy","tag-leggi","tag-li","tag-marc","tag-marco","tag-marquez","tag-misano","tag-news","tag-notizie","tag-notizie-di-cronaca","tag-notizie-principali","tag-notiziedicronaca","tag-notizieprincipali","tag-pedro","tag-pelo","tag-pilota","tag-podio","tag-pole","tag-prove","tag-riminese","tag-sprint","tag-superato","tag-testa","tag-titoli","tag-ultime-notizie","tag-ultime-notizie-di-cronaca","tag-ultime-notizie-e-news-di-oggi","tag-ultimenotizie","tag-ultimenotiziedicronaca","tag-ultimenotizieenewsdioggi","tag-voluto","tag-weekend","tag-weekend-fantastico"],"share_on_mastodon":{"url":"","error":"Validation failed: Text character limit of 500 exceeded"},"_links":{"self":[{"href":"https:\/\/www.europesays.com\/it\/wp-json\/wp\/v2\/posts\/657475","targetHints":{"allow":["GET"]}}],"collection":[{"href":"https:\/\/www.europesays.com\/it\/wp-json\/wp\/v2\/posts"}],"about":[{"href":"https:\/\/www.europesays.com\/it\/wp-json\/wp\/v2\/types\/post"}],"author":[{"embeddable":true,"href":"https:\/\/www.europesays.com\/it\/wp-json\/wp\/v2\/users\/3"}],"replies":[{"embeddable":true,"href":"https:\/\/www.europesays.com\/it\/wp-json\/wp\/v2\/comments?post=657475"}],"version-history":[{"count":0,"href":"https:\/\/www.europesays.com\/it\/wp-json\/wp\/v2\/posts\/657475\/revisions"}],"wp:featuredmedia":[{"embeddable":true,"href":"https:\/\/www.europesays.com\/it\/wp-json\/wp\/v2\/media\/657476"}],"wp:attachment":[{"href":"https:\/\/www.europesays.com\/it\/wp-json\/wp\/v2\/media?parent=657475"}],"wp:term":[{"taxonomy":"category","embeddable":true,"href":"https:\/\/www.europesays.com\/it\/wp-json\/wp\/v2\/categories?post=657475"},{"taxonomy":"post_tag","embeddable":true,"href":"https:\/\/www.europesays.com\/it\/wp-json\/wp\/v2\/tags?post=657475"}],"curies":[{"name":"wp","href":"https:\/\/api.w.org\/{rel}","templated":true}]}}