{"id":657490,"date":"2026-08-31T04:46:34","date_gmt":"2026-08-31T04:46:34","guid":{"rendered":"https:\/\/www.europesays.com\/it\/657490\/"},"modified":"2026-08-31T04:46:34","modified_gmt":"2026-08-31T04:46:34","slug":"dolomiti-leclissi-lunare-che-chiude-un-agosto-di-meraviglia","status":"publish","type":"post","link":"https:\/\/www.europesays.com\/it\/657490\/","title":{"rendered":"Dolomiti, l&#8217;eclissi lunare che chiude un agosto di meraviglia"},"content":{"rendered":"<p>                                        <a href=\"https:\/\/www.montagna.tv\/wp-content\/uploads\/2026\/08\/The-Eclipsed-Queen-of-the-Night-Meets-the-Queen-of-the-Dolomites.jpg\" data-fancybox-index-2=\"1\" data-fancybox=\"gallery-2\" data-caption=\"La Regina della Notte eclissata incontra la Regina delle Dolomiti - Foto Alessandra Masi\" class=\"fullscreen\" rel=\"nofollow noopener\" target=\"_blank\"><\/a><img loading=\"lazy\" decoding=\"async\" width=\"708\" height=\"547\" src=\"https:\/\/www.europesays.com\/it\/wp-content\/uploads\/2026\/08\/The-Eclipsed-Queen-of-the-Night-Meets-the-Queen-of-the-Dolomites-1024x791.jpg\" class=\"attachment-large size-large\" alt=\"La Regina della Notte eclissata incontra la Regina delle Dolomiti - Foto Alessandra Masi\"  \/><\/p>\n<p>\n\t\tLa Regina della Notte eclissata incontra la Regina delle Dolomiti \u2013 Foto Alessandra Masi\n\t\t<\/p>\n<p><a href=\"https:\/\/www.montagna.tv\/wp-content\/uploads\/2026\/08\/Eclissi-Rite.-4950-bis-firma-picc.jpg\" data-fancybox-index-2=\"2\" data-fancybox=\"gallery-2\" data-caption=\"Eclissi di Luna del 28 agosto 2026 su Monte Rite - Foto Giorgia Hofer\" class=\"fullscreen\" rel=\"nofollow noopener\" target=\"_blank\"><\/a><img decoding=\"async\" class=\"owl-lazy\" src=\"https:\/\/www.europesays.com\/it\/wp-content\/uploads\/2026\/08\/Eclissi-Rite.-4950-bis-firma-picc-1024x680.jpg\" alt=\"Eclissi di Luna del 28 agosto 2026 su Monte Rite - Foto Giorgia Hofer\"\/><\/p>\n<p>\n\t\tEclissi di Luna del 28 agosto 2026 su Monte Rite \u2013 Foto Giorgia Hofer\n\t\t<\/p>\n<p><a href=\"https:\/\/www.montagna.tv\/wp-content\/uploads\/2026\/08\/Luna-eclissi-65596517-firma.jpg\" data-fancybox-index-2=\"3\" data-fancybox=\"gallery-2\" data-caption=\"Eclissi di Luna del 28 agosto 2026 - Foto Giorgia Hofer\" class=\"fullscreen\" rel=\"nofollow noopener\" target=\"_blank\"><\/a><img decoding=\"async\" class=\"owl-lazy\" src=\"https:\/\/www.europesays.com\/it\/wp-content\/uploads\/2026\/08\/Luna-eclissi-65596517-firma-1024x635.jpg\" alt=\"Eclissi di Luna del 28 agosto 2026 - Foto Giorgia Hofer\"\/><\/p>\n<p>\n\t\tEclissi di Luna del 28 agosto 2026 \u2013 Foto Giorgia Hofer\n\t\t<\/p>\n<p><a href=\"https:\/\/www.montagna.tv\/wp-content\/uploads\/2026\/08\/Masi-eclissi-lunare.-1-1.jpg\" data-fancybox-index-2=\"4\" data-fancybox=\"gallery-2\" data-caption=\"Eclissi di Luna del 28 agosto 2026 - Foto Alessandra Masi\" class=\"fullscreen\" rel=\"nofollow noopener\" target=\"_blank\"><\/a><img decoding=\"async\" class=\"owl-lazy\" src=\"https:\/\/www.europesays.com\/it\/wp-content\/uploads\/2026\/08\/Masi-eclissi-lunare.-1-1-682x1024.jpg\" alt=\"Eclissi di Luna del 28 agosto 2026 - Foto Alessandra Masi\"\/><\/p>\n<p>\n\t\tEclissi di Luna del 28 agosto 2026 \u2013 Foto Alessandra Masi\n\t\t<\/p>\n<p><a data-fancybox=\"gallery-2\" data-fancybox-index-=\"\" href=\"#adv_0_wrap\"\/><\/p>\n<p>                <a href=\"https:\/\/www.montagna.tv\/wp-content\/uploads\/2026\/08\/Masi-eclissi-lunare.-1-2.jpg\" data-fancybox-index-2=\"5\" data-fancybox=\"gallery-2\" data-caption=\"Eclissi di Luna del 28 agosto 2026 - Foto Alessandra Masi\" class=\"fullscreen\" rel=\"nofollow noopener\" target=\"_blank\"><\/a><img decoding=\"async\" class=\"owl-lazy\" src=\"https:\/\/www.europesays.com\/it\/wp-content\/uploads\/2026\/08\/Masi-eclissi-lunare.-1-2-682x1024.jpg\" alt=\"Eclissi di Luna del 28 agosto 2026 - Foto Alessandra Masi\"\/><\/p>\n<p>\n\t\tEclissi di Luna del 28 agosto 2026 \u2013 Foto Alessandra Masi\n\t\t<\/p>\n<p><a href=\"https:\/\/www.montagna.tv\/wp-content\/uploads\/2026\/08\/Masi-eclissi-lunare.-1-3.jpg\" data-fancybox-index-2=\"6\" data-fancybox=\"gallery-2\" data-caption=\"Eclissi di Luna del 28 agosto 2026 - Foto Alessandra Masi\" class=\"fullscreen\" rel=\"nofollow noopener\" target=\"_blank\"><\/a><img decoding=\"async\" class=\"owl-lazy\" src=\"https:\/\/www.europesays.com\/it\/wp-content\/uploads\/2026\/08\/Masi-eclissi-lunare.-1-3-682x1024.jpg\" alt=\"Eclissi di Luna del 28 agosto 2026 - Foto Alessandra Masi\"\/><\/p>\n<p>\n\t\tEclissi di Luna del 28 agosto 2026 \u2013 Foto Alessandra Masi\n\t\t<\/p>\n<p><a href=\"https:\/\/www.montagna.tv\/wp-content\/uploads\/2026\/08\/Masi-eclissi-lunare.-.jpg\" data-fancybox-index-2=\"7\" data-fancybox=\"gallery-2\" data-caption=\"Eclissi di Luna del 28 agosto 2026 - Foto Alessandra Masi\" class=\"fullscreen\" rel=\"nofollow noopener\" target=\"_blank\"><\/a><img decoding=\"async\" class=\"owl-lazy\" src=\"https:\/\/www.europesays.com\/it\/wp-content\/uploads\/2026\/08\/Masi-eclissi-lunare.--1024x682.jpg\" alt=\"Eclissi di Luna del 28 agosto 2026 - Foto Alessandra Masi\"\/><\/p>\n<p>\n\t\tEclissi di Luna del 28 agosto 2026 \u2013 Foto Alessandra Masi\n\t\t<\/p>\n<p><a data-fancybox=\"gallery-2\" data-fancybox-index-=\"\" href=\"#adv_1_wrap\"\/><\/p>\n<p>                <a href=\"https:\/\/www.montagna.tv\/wp-content\/uploads\/2026\/08\/Senza-titolo2aw.jpg\" data-fancybox-index-2=\"8\" data-fancybox=\"gallery-2\" data-caption=\"La Luna eclissata, nella fase di uscita dalla totalit\u00e0, ripresa mentre tramonta vicino alla Rocchetta di Prendera, del 21 gennaio 2019, \u00e9 stata premiata come vincitrice della categoria \" total=\"\" lunar=\"\" eclipse=\"\" del=\"\" concorso=\"\" fotografico=\"\" indetto=\"\" dall=\"\" astronomical=\"\" union=\"\" foto=\"\" alessandra=\"\" masi=\"\" class=\"fullscreen\" rel=\"nofollow noopener\" target=\"_blank\"><\/a><img decoding=\"async\" class=\"owl-lazy\" src=\"https:\/\/www.europesays.com\/it\/wp-content\/uploads\/2026\/08\/Senza-titolo2aw-1024x683.jpg\" alt=\"La Luna eclissata, nella fase di uscita dalla totalit\u00e0, ripresa mentre tramonta vicino alla Rocchetta di Prendera, del 21 gennaio 2019, \u00e9 stata premiata come vincitrice della categoria \" total=\"\" lunar=\"\" eclipse=\"\" del=\"\" concorso=\"\" fotografico=\"\" indetto=\"\" dall=\"\" astronomical=\"\" union=\"\" foto=\"\" alessandra=\"\" masi=\"\"\/><\/p>\n<p>\n\t\tLa Luna eclissata, nella fase di uscita dalla totalit\u00e0, ripresa mentre tramonta vicino alla Rocchetta di Prendera, del 21 gennaio 2019, \u00e9 stata premiata come vincitrice della categoria \u201cTotal lunar eclipse\u201d del concorso fotografico indetto dall\u2019International Astronomical Union \u2013 Foto Alessandra Masi\n\t\t<\/p>\n<p data-path-to-node=\"2\">Il <b data-path-to-node=\"2\" data-index-in-node=\"3\">12 agosto<\/b> l\u2019attenzione di milioni di persone, dal vivo e attraverso gli schermi, si \u00e8 posata sul cielo per cogliere lo spettacolo raro, effimero e sorprendente dell\u2019<a href=\"https:\/\/www.montagna.tv\/278770\/eclissi-di-sole-in-arrivo-dove-vederla-in-montagna\/\" rel=\"nofollow noopener\" target=\"_blank\"><b data-path-to-node=\"2\" data-index-in-node=\"168\">eclissi totale di sole<\/b><\/a>. E mentre le emozioni di quel giorno in cui la nostra stella <b data-path-to-node=\"2\" data-index-in-node=\"252\">\u201csi \u00e8 spenta\u201d<\/b> poco prima del tramonto ancora restano vive nel cuore di un\u2019estate ricca di eventi astronomici, il cielo ha voluto regalare un nuovo spettacolo, un nuovo capitolo di questa <b data-path-to-node=\"2\" data-index-in-node=\"445\">\u201cstagione delle eclissi\u201d<\/b>: un\u2019<b data-path-to-node=\"2\" data-index-in-node=\"474\">eclissi parziale di Luna<\/b>.<\/p>\n<p data-path-to-node=\"3\"><strong>Nella notte tra il 27 e il 28 agosto<\/strong>, in prossimit\u00e0 dell\u2019alba, il nostro satellite si \u00e8 reso protagonista di un appuntamento pi\u00f9 discreto rispetto a quello concesso dal Sole, vissuto senza la frenetica corsa agli occhiali con filtro certificato ma non per questo meno affascinante. Dove il cielo lo ha consentito, la Luna ha regalato attimi di rara suggestione. Testimonianze preziose di questo spettacolo non facile da cogliere, soprattutto per la concomitante presenza nell\u2019atmosfera di abbondante <b data-path-to-node=\"3\" data-index-in-node=\"450\">polvere del Sahara<\/b>, arrivano dalle <b data-path-to-node=\"3\" data-index-in-node=\"485\">Dolomiti<\/b>, grazie allo sguardo e alle mani abili delle fotografe <b data-path-to-node=\"3\" data-index-in-node=\"549\">Alessandra Masi<\/b> e <b data-path-to-node=\"3\" data-index-in-node=\"567\">Giorgia Hofer<\/b>.<\/p>\n<p>La scienza dietro l\u2019eclissi lunare<\/p>\n<p data-path-to-node=\"3\">Dietro la magia di questo evento c\u2019\u00e8 un preciso gioco di incastri geometrici. L\u2019eclissi lunare si verifica quando la Terra scivola esattamente tra il Sole e la Luna piena; intercettando la luce solare, il nostro pianeta proietta nello spazio un\u2019ombra suddivisa in due zone ben distinte \u2014 una <b data-path-to-node=\"3\" data-index-in-node=\"292\">penombra<\/b> esterna pi\u00f9 tenue e un <b data-path-to-node=\"3\" data-index-in-node=\"324\">cono d\u2019ombra<\/b> pi\u00f9 interno e cupo, detto <b data-path-to-node=\"3\" data-index-in-node=\"363\">umbra<\/b>. Perch\u00e9 l\u2019allineamento funzioni a dovere, la Luna deve trovarsi nei pressi di un <b data-path-to-node=\"3\" data-index-in-node=\"450\">nodo orbitale<\/b>, cio\u00e8 il punto in cui la sua traiettoria incontra il piano su cui viaggia la Terra.<\/p>\n<p data-path-to-node=\"4\">A seconda di quanto il satellite s\u2019immerge in queste due fasce d\u2019ombra, il grado di oscuramento varia. L\u2019appuntamento del 28 agosto ha regalato un\u2019eclissi parziale particolarmente <b data-path-to-node=\"4\" data-index-in-node=\"180\">intensa e perfettamente visibile anche dall\u2019Italia<\/b>: nella sua fase clou, poco dopo le 6:00 del mattino, la Luna ha raggiunto una copertura eccezionale \u2014 superiore al 90% del disco \u2014, arrivando a un passo dalla totalit\u00e0.<\/p>\n<p data-path-to-node=\"5\">Tuttavia, assistere al momento culmine dalle nostre latitudini ha richiesto una pianificazione attenta: il picco dell\u2019oscuramento \u00e8 coinciso infatti con la <strong>fase di tramonto del satellite<\/strong>. La Luna si trovava ormai bassa sull\u2019orizzonte, costringendo chi osservava il cielo a cercare punti panoramici con la visuale completamente sgombra a ovest, prima che la luce dell\u2019alba, sommata alla foschia e al pulviscolo sahariano in sospensione, rendesse ancora pi\u00f9 difficile scorgere il fenomeno.<\/p>\n<p>La Luna tra le cime delle Dolomiti<\/p>\n<p data-path-to-node=\"17\">Sulle Alpi orientali, a queste insidie si sono aggiunte le difficolt\u00e0 del meteo montano, trasformando l\u2019osservazione in una prova di pazienza e tenacia. Dalla cornice panoramica del <b data-path-to-node=\"17\" data-index-in-node=\"182\">Passo Giau<\/b>, nel cuore delle Dolomiti bellunesi, <b data-path-to-node=\"17\" data-index-in-node=\"230\">Alessandra Masi<\/b> ha colto l\u2019incontro evocativo tra astronomia e paesaggio: \u201cLo spettacolo si \u00e8 concluso all\u2019alba. L\u2019eclissi avrebbe dovuto raggiungere una copertura massima di circa il 93% del disco lunare, ma alle 05:43 la Luna \u00e8 scomparsa dietro le nuvole, dopo essere stata progressivamente avvolta dalla foschia e dalla polvere desertica.\u201d<\/p>\n<p data-path-to-node=\"18\">Nonostante la chiusura anticipata del sipario, il pulviscolo sahariano e le velature hanno contribuito a rendere gli scatti estremamente artistici: \u201cQueste condizioni hanno contribuito a creare l\u2019atmosfera particolare della fotografia: la Luna eclissata, con la sua tonalit\u00e0 calda e attenuata, appare<strong> sospesa sopra il profilo della Marmolada<\/strong>, mentre le montagne emergono dalla foschia. La \u2018Regina della Notte\u2019 eclissata incontra cos\u00ec la \u2018Regina delle Dolomiti\u2019.\u201d<\/p>\n<p data-path-to-node=\"19\">Un\u2019immagine che diventa spunto di riflessione ambientale: la Marmolada, con il suo ghiacciaio, \u00e8 il pi\u00f9 esteso complesso glaciale della catena dolomitica, ma anche uno dei luoghi pi\u00f9 vulnerabili al cambiamento climatico. Secondo il Comitato Glaciologico Italiano,<strong> nell\u2019ultimo secolo il ghiacciaio ha perso oltre il 90% del proprio volume<\/strong>. \u201cInquadrare l\u2019ombra della Terra sul disco lunare mentre la Luna scende verso le montagne \u2013 commenta la fotografa cadorina \u2013 , attraverso la foschia e la polvere sospesa nell\u2019atmosfera, rende visibile in una singola immagine il contrasto tra la ciclicit\u00e0 dei fenomeni celesti e la profonda trasformazione di un ambiente glaciale.\u201d<\/p>\n<p data-path-to-node=\"9\">Una sfida contro il tempo e le incertezze meteo che non ha colto impreparata Alessandra, autrice di scatti realizzati in passato alla Luna in eclissi, tra cui una fotografia del satellite nella fase di uscita dalla totalit\u00e0 sopra la Rocchetta di Prendera (21 gennaio 2019), vincitrice della categoria \u201cTotal lunar eclipse\u201d del concorso fotografico dell\u2019<b data-path-to-node=\"9\" data-index-in-node=\"336\">International Astronomical Union<\/b>.<\/p>\n<p data-path-to-node=\"10\">Poco distante, sul versante della <b data-path-to-node=\"5\" data-index-in-node=\"55\">Val di Zoldo<\/b>, anche <b data-path-to-node=\"5\" data-index-in-node=\"75\">Giorgia Hofer<\/b> ha vissuto la medesima attesa trepidante dalla cornice di <b data-path-to-node=\"5\" data-index-in-node=\"147\">Baita Deona<\/b>, al <b data-path-to-node=\"5\" data-index-in-node=\"163\">Passo Cibiana<\/b>, alle falde del Monte Rite e del suo celebre <b data-path-to-node=\"5\" data-index-in-node=\"222\">Museo nelle Nuvole<\/b> (il Messner Mountain Museum): \u201cIl cielo degli ultimi due giorni non dava molta speranza per la ripresa di questa eclissi di Luna, ma ho voluto tentare comunque. Sono riuscita ad osservare il fenomeno fino alle 5.35, poi la Luna \u00e8 scomparsa nella foschia.\u201d<\/p>\n<p data-path-to-node=\"11\">Tra scienza e meraviglia, la notte del 28 agosto ha ricordato, ancora una volta, che la bellezza del cielo risiede talvolta in <b data-path-to-node=\"11\" data-index-in-node=\"127\">istanti fugaci e ricchi di imprevedibilit\u00e0<\/b>.<\/p>\n","protected":false},"excerpt":{"rendered":"La Regina della Notte eclissata incontra la Regina delle Dolomiti \u2013 Foto Alessandra Masi Eclissi di Luna del&hellip;\n","protected":false},"author":3,"featured_media":657491,"comment_status":"","ping_status":"","sticky":false,"template":"","format":"standard","meta":{"footnotes":"","_share_on_mastodon":"0"},"categories":[173],"tags":[1537,90,89,195,198,199,197,200,201,194,196],"class_list":["post-657490","post","type-post","status-publish","format-standard","has-post-thumbnail","category-scienza-e-tecnologia","tag-it","tag-italia","tag-italy","tag-science","tag-science-and-technology","tag-scienceandtechnology","tag-scienza","tag-scienza-e-tecnologia","tag-scienzaetecnologia","tag-technology","tag-tecnologia"],"share_on_mastodon":{"url":"https:\/\/pubeurope.com\/@it\/117188310390622732","error":""},"_links":{"self":[{"href":"https:\/\/www.europesays.com\/it\/wp-json\/wp\/v2\/posts\/657490","targetHints":{"allow":["GET"]}}],"collection":[{"href":"https:\/\/www.europesays.com\/it\/wp-json\/wp\/v2\/posts"}],"about":[{"href":"https:\/\/www.europesays.com\/it\/wp-json\/wp\/v2\/types\/post"}],"author":[{"embeddable":true,"href":"https:\/\/www.europesays.com\/it\/wp-json\/wp\/v2\/users\/3"}],"replies":[{"embeddable":true,"href":"https:\/\/www.europesays.com\/it\/wp-json\/wp\/v2\/comments?post=657490"}],"version-history":[{"count":0,"href":"https:\/\/www.europesays.com\/it\/wp-json\/wp\/v2\/posts\/657490\/revisions"}],"wp:featuredmedia":[{"embeddable":true,"href":"https:\/\/www.europesays.com\/it\/wp-json\/wp\/v2\/media\/657491"}],"wp:attachment":[{"href":"https:\/\/www.europesays.com\/it\/wp-json\/wp\/v2\/media?parent=657490"}],"wp:term":[{"taxonomy":"category","embeddable":true,"href":"https:\/\/www.europesays.com\/it\/wp-json\/wp\/v2\/categories?post=657490"},{"taxonomy":"post_tag","embeddable":true,"href":"https:\/\/www.europesays.com\/it\/wp-json\/wp\/v2\/tags?post=657490"}],"curies":[{"name":"wp","href":"https:\/\/api.w.org\/{rel}","templated":true}]}}