{"id":657498,"date":"2026-08-31T04:50:22","date_gmt":"2026-08-31T04:50:22","guid":{"rendered":"https:\/\/www.europesays.com\/it\/657498\/"},"modified":"2026-08-31T04:50:22","modified_gmt":"2026-08-31T04:50:22","slug":"omicidio-castellanza-41enne-ucciso-a-colpi-di-pistola-trovato-agonizzante-in-un-parcheggio-poco-distante-dai-boschi-della-droga","status":"publish","type":"post","link":"https:\/\/www.europesays.com\/it\/657498\/","title":{"rendered":"Omicidio Castellanza, 41enne ucciso a colpi di pistola: trovato agonizzante in un parcheggio poco distante dai \u00abboschi della droga\u00bb"},"content":{"rendered":"<p>    di<br \/>\n    Andrea Camurani<\/p>\n<p class=\"summary-art is-line-h-12\">L&#8217;allarme \u00e8 scattato poco dopo la mezzanotte tra sabato e domenica, ma per il ferito non c&#8217;era pi\u00f9 nulla da fare. Indagano i carabinieri. La vittima \u00e8 un cittadino marocchino<\/p>\n<p class=\"chapter-paragraph\"><b>Un uomo di 41 anni, di origini marocchine, \u00e8 stato trovato morto <\/b>in un parcheggio di via Piemonte, a Castellanza, in provincia di Varese. L&#8217;uomo sarebbe stato raggiunto da<b> diversi colpi d&#8217;arma da fuoco<\/b>. Si indaga per omicidio. L&#8217;allarme \u00e8 scattato poco prima di mezzanotte. Sul posto sono intervenuti un&#8217;ambulanza e un&#8217;automedica, ma per il 41enne non c&#8217;\u00e8 stato nulla da fare.<\/p>\n<p class=\"chapter-paragraph\">\u00a0Sul luogo dell&#8217;omicidio sono arrivati i carabinieri, che hanno avviato i rilievi e le indagini per ricostruire la dinamica dell&#8217;accaduto. Non \u00e8 ancora chiaro <b>se la vittima sia stata uccisa sul posto o trasportata <\/b>in un secondo momento nel parcheggio, di fronte a un a clinica privata. Al vaglio dei carabinieri le telecamere di sicurezza della zona.\u00a0    &#13;<br \/>\n&#13;<br \/>\n&#13;<br \/>\n&#13;<br \/>\n&#13;<br \/>\n&#13;<br \/>\n&#13;<br \/>\n&#13;<br \/>\n&#13;<br \/>\n&#13;<br \/>\n&#13;<br \/>\n&#13;<br \/>\n&#13;<br \/>\n&#13;<br \/>\n&#13;<br \/>\n&#13;<br \/>\n&#13;<br \/>\n&#13;<br \/>\n&#13;<br \/>\n&#13;<br \/>\n&#13;<br \/>\n&#13;<br \/>\n&#13;<br \/>\n&#13;<br \/>\n&#13;<br \/>\n&#13;<br \/>\n&#13;<br \/>\n&#13;<br \/>\n&#13;<br \/>\n&#13;<br \/>\n&#13;<br \/>\n&#13;<br \/>\n&#13;<br \/>\n&#13;<br \/>\n&#13;<br \/>\n&#13;<br \/>\n&#13;<br \/>\n&#13;<br \/>\n&#13;<br \/>\n&#13;<br \/>\n&#13;<br \/>\n&#13;<br \/>\n&#13;<br \/>\n&#13;<br \/>\n&#13;<br \/>\n&#13;<br \/>\n&#13;<br \/>\n&#13;<br \/>\n&#13;<br \/>\n&#13;<br \/>\n&#13;<br \/>\n&#13;<br \/>\n&#13;\n<\/p>\n<p class=\"chapter-paragraph\">La zona del ritrovamento, al confine tra le province di Varese e di Milano,\u00a0\u00e8 poco distante dai boschi dello spaccio, dove ci sono gi\u00e0 stati altri omicidi. Una delle ipotesi \u00e8 che il 41enne possa essere stato vittima di un regolamento di conti legato al controllo del business della droga.<\/p>\n<p class=\"chapter-paragraph\">La vittima \u00e8 stata <b>identificata <\/b>in tarda mattinata dai carabinieri della Compagnia di Busto Arsizio e dai colleghi del Nucleo investigativo di Varese. Secondo quanto ricostruito, <b>gli operatori del 118 hanno trovato l\u2019uomo in stato di incoscienza.\u00a0\u00c8 deceduto dopo pochi minuti <\/b>nonostante le manovre rianimatorie praticate dai soccorritori. Sono \u00abancora al vaglio degli inquirenti le cause della morte\u00bb, fanno sapere dal comando provinciale dell\u2019Arma. La salma \u00e8 stata messa a disposizione della magistratura per il successivo<b> esame autoptico<\/b> e \u00abnon viene esclusa, allo stato, alcuna ipotesi\u00bb. Le indagini sono coordinate dalla Procura della Repubblica di Busto Arsizio.<\/p>\n<p class=\"is-mr-t-20 is-mr-b-20\"><b><br \/>\n                    <a href=\"https:\/\/milano.corriere.it\/?intcmp=Notizielocali_nd_010623_corriere_ss_milano\" target=\"_blank\" rel=\"nofollow noopener\">Vai a tutte le notizie di Milano<\/a><br \/>\n            <\/b><\/p>\n<p class=\"chapter-paragraph\"><b><a href=\"https:\/\/www.corriere.it\/newsletter\/?theme=41&amp;intcmp=IIIcolonna_NL_CorMilano\" target=\"_blank\" rel=\"nofollow noopener\">Iscriviti alla newsletter di Corriere Milano<\/a><\/b><\/p>\n<p class=\"is-last-update\" datetime=\"2026-08-30T16:29:36+02:00\">30 agosto 2026 ( modifica il 30 agosto 2026 | 16:29)<\/p>\n<p class=\"is-copyright\">\n            \u00a9 RIPRODUZIONE RISERVATA\n        <\/p>\n","protected":false},"excerpt":{"rendered":"di Andrea Camurani L&#8217;allarme \u00e8 scattato poco dopo la mezzanotte tra sabato e domenica, ma per il ferito&hellip;\n","protected":false},"author":3,"featured_media":657499,"comment_status":"","ping_status":"","sticky":false,"template":"","format":"standard","meta":{"footnotes":"","_share_on_mastodon":"0"},"categories":[6],"tags":[2271,41411,362788,14006,537,26160,538,539,3905,258315,2023,14,24646,362789,8,1537,90,89,7,15,82,9,83,10,1728,8509,13,11,80,84,12,81,85,4103,548],"class_list":["post-657498","post","type-post","status-publish","format-standard","has-post-thumbnail","category-ultime-notizie","tag-allarme","tag-allarme-scattato","tag-allarme-scattato-mezzanotte","tag-arma","tag-arsizio","tag-boschi","tag-busto","tag-busto-arsizio","tag-carabinieri","tag-castellanza","tag-colpi","tag-cronaca","tag-distante","tag-distante-boschi","tag-headlines","tag-it","tag-italia","tag-italy","tag-news","tag-notizie","tag-notizie-di-cronaca","tag-notizie-principali","tag-notiziedicronaca","tag-notizieprincipali","tag-omicidio","tag-parcheggio","tag-titoli","tag-ultime-notizie","tag-ultime-notizie-di-cronaca","tag-ultime-notizie-e-news-di-oggi","tag-ultimenotizie","tag-ultimenotiziedicronaca","tag-ultimenotizieenewsdioggi","tag-varese","tag-vittima"],"share_on_mastodon":{"url":"","error":"Validation failed: Text character limit of 500 exceeded"},"_links":{"self":[{"href":"https:\/\/www.europesays.com\/it\/wp-json\/wp\/v2\/posts\/657498","targetHints":{"allow":["GET"]}}],"collection":[{"href":"https:\/\/www.europesays.com\/it\/wp-json\/wp\/v2\/posts"}],"about":[{"href":"https:\/\/www.europesays.com\/it\/wp-json\/wp\/v2\/types\/post"}],"author":[{"embeddable":true,"href":"https:\/\/www.europesays.com\/it\/wp-json\/wp\/v2\/users\/3"}],"replies":[{"embeddable":true,"href":"https:\/\/www.europesays.com\/it\/wp-json\/wp\/v2\/comments?post=657498"}],"version-history":[{"count":0,"href":"https:\/\/www.europesays.com\/it\/wp-json\/wp\/v2\/posts\/657498\/revisions"}],"wp:featuredmedia":[{"embeddable":true,"href":"https:\/\/www.europesays.com\/it\/wp-json\/wp\/v2\/media\/657499"}],"wp:attachment":[{"href":"https:\/\/www.europesays.com\/it\/wp-json\/wp\/v2\/media?parent=657498"}],"wp:term":[{"taxonomy":"category","embeddable":true,"href":"https:\/\/www.europesays.com\/it\/wp-json\/wp\/v2\/categories?post=657498"},{"taxonomy":"post_tag","embeddable":true,"href":"https:\/\/www.europesays.com\/it\/wp-json\/wp\/v2\/tags?post=657498"}],"curies":[{"name":"wp","href":"https:\/\/api.w.org\/{rel}","templated":true}]}}