{"id":657500,"date":"2026-08-31T04:58:26","date_gmt":"2026-08-31T04:58:26","guid":{"rendered":"https:\/\/www.europesays.com\/it\/657500\/"},"modified":"2026-08-31T04:58:26","modified_gmt":"2026-08-31T04:58:26","slug":"us-open-da-zverev-ad-alcaraz-ma-ce-anche-cobolli-chi-sono-i-pretendenti-allultimo-slam-di-stagione","status":"publish","type":"post","link":"https:\/\/www.europesays.com\/it\/657500\/","title":{"rendered":"Us Open, da Zverev ad Alcaraz (ma c&#8217;\u00e8 anche Cobolli): chi sono i pretendenti all&#8217;ultimo Slam di stagione"},"content":{"rendered":"<p>    di<br \/>\n    Gaia Piccardi<\/p>\n<p class=\"summary-art is-line-h-12\">Lo Slam americano  offre occasioni a tutti: Zverev respinge la pressione, Cobolli ci crede. I dubbi di  Alcaraz: \u00abVoglio solo uscire sano\u00bb<\/p>\n<p class=\"chapter-paragraph\">Il tennis ricomincia a seimila chilometri dal grande malato costretto a trascorrere l\u2019estate a Torino. <b>Jannik Sinner al J Medical<\/b> tra terapie al ginocchio e <a href=\"https:\/\/www.corriere.it\/sport\/tennis\/26_agosto_27\/sinner-juventus-spalletti-09f7de91-6025-42c5-84e3-2e9dba490xlk.shtml\" target=\"_blank\" rel=\"nofollow noreferrer noopener\">discorsetti motivazionali<\/a> ai calciatori della Juve (il percorso di guarigione prosegue bene, conferma il suo ufficio stampa) e tutti gli altri a New York, dove oggi scatta un torneo cos\u00ec aperto da autorizzare l\u2019idea pi\u00f9 pazza degli ultimi dodici anni: <b>quattro vincitori diversi per i quattro Major stagionali<\/b>. Al maschile non accade dal 2014 e certo al rimescolamento delle gerarchie contribuisce la caducit\u00e0 dei predestinati. Con Sinner e Alcaraz a pieno regime, la finale di Flushing tra il migliore e il pi\u00f9 bravo non avrebbe avuto quota. E invece per rivederli contro in uno Slam toccher\u00e0 aspettare l\u2019Australia a gennaio 2027, che pare lontanissima ma \u00e8 dietro l\u2019angolo.<\/p>\n<p class=\"chapter-paragraph\">Il favorito secondo il seeding \u00e8 <a href=\"https:\/\/www.corriere.it\/argomenti\/alexander-zverev\/\" target=\"_blank\" rel=\"nofollow noreferrer noopener\">Sascha Zverev<\/a>; \u00e8 matematica, non \u00e8 una sentenza. Qualche dubbio, non a caso, lo nutre anche lui stesso: \u00ab<b>Sento di essere uno dei 128 possibili favoriti<\/b> del tabellone&#8230;\u00bb. Lo swing sul cemento, fin qui, ha detto che i giocatori in forma sono altri. Ben Shelton signore e padrone di Montreal (gli Usa non vincono in casa dal lontanissimo 2003), Arthur Fils di Cincinnati, parliamo di un classe 2002 e un classe 2004 che confermano il possente processo di svecchiamento in corso, un trend cui <a href=\"https:\/\/www.corriere.it\/argomenti\/novak-djokovic\/\" target=\"_blank\" rel=\"nofollow noreferrer noopener\">Novak Djokovic <\/a>\u2014 bastian contrario come sempre \u2014 va in controtendenza. Alla straordinaria velocit\u00e0 di 39 anni, tre mesi e otto giorni <b>il Djoker parte alla conquista del 25\u00ba titolo Major<\/b> dopo aver conficcato le unghie sia su Melbourne (finale) che su Wimbledon (semifinale). \u00c8 proprio a New York, nel 2023, che ha collezionato l\u2019ultimo: chi chiama fuori Djokovic dalla rincorsa a uno Slam \u00e8 pazzo, dice il saggio.    &#13;<br \/>\n&#13;<br \/>\n&#13;<br \/>\n&#13;<br \/>\n&#13;<br \/>\n&#13;<br \/>\n&#13;<br \/>\n&#13;<br \/>\n&#13;<br \/>\n&#13;<br \/>\n&#13;<br \/>\n&#13;<br \/>\n&#13;<br \/>\n&#13;<br \/>\n&#13;<br \/>\n&#13;<br \/>\n&#13;<br \/>\n&#13;<br \/>\n&#13;<br \/>\n&#13;<br \/>\n&#13;<br \/>\n&#13;<br \/>\n&#13;<br \/>\n&#13;<br \/>\n&#13;<br \/>\n&#13;<br \/>\n&#13;<br \/>\n&#13;<br \/>\n&#13;<br \/>\n&#13;<br \/>\n&#13;<br \/>\n&#13;<br \/>\n&#13;<br \/>\n&#13;<br \/>\n&#13;<br \/>\n&#13;<br \/>\n&#13;<br \/>\n&#13;<br \/>\n&#13;<br \/>\n&#13;<br \/>\n&#13;<br \/>\n&#13;<br \/>\n&#13;<br \/>\n&#13;<br \/>\n&#13;<br \/>\n&#13;<br \/>\n&#13;<br \/>\n&#13;<br \/>\n&#13;<br \/>\n&#13;<br \/>\n&#13;<br \/>\n&#13;<br \/>\n&#13;\n<\/p>\n<p class=\"chapter-paragraph\">L\u2019incognita pi\u00f9 succosa si chiama<a href=\"https:\/\/www.corriere.it\/sport\/tennis\/26_agosto_29\/alcaraz-sinner-torna-presto-in-campo-piu-forte-che-mai-709b53d8-a8e7-4929-ac7c-8e2e878f7xlk.shtml\" target=\"_blank\" rel=\"nofollow noreferrer noopener\"> Carlos Alcaraz<\/a>. Non gioca un torneo dal 14 aprile; era la terra di Barcellona, da quel giorno \u00e8 successo di tutto. La stella di Sinner \u00e8 diventata una supernova (cinque Masters 1000 di fila), poi \u00e8 implosa a Parigi, \u00e8 tornata a splendere sull\u2019erba di Londra, adesso fatica a riacquistare luce. \u00ab<b>Auguro a Jannik di tornare presto <\/b>\u2014 sorride Carlitos, portatore sano di felicit\u00e0 in giro per i courts \u2014, mi mancher\u00e0\u00bb. La sua sfida, all\u2019Open Usa, non ha a che fare con risultati, statistiche o record. \u00abIl mio obiettivo \u00e8 divertirmi e uscirne sano\u00bb. <b>Occhio al primo turno, <\/b>con l\u2019imprevedibile russo Safiullin. Soltanto ricostruendo la fiducia giorno per giorno Harry Potter pu\u00f2 ritrovare le sue magie. In allenamento ha perso set con lo spagnolo Merida e con Fils, nel misto con Serena \u00e8 apparso timoroso di lasciare andare il dritto, comprensibile: \u00abSo che la scelta di venire a New York e giocare al meglio dei cinque set nel mio primo torneo <b>dopo cos\u00ec tanto tempo \u00e8 un rischio<\/b>. Ma con il team ci abbiamo pensato a lungo: sono pronto. Era arrivato il momento di tornare\u00bb.<\/p>\n<p class=\"chapter-paragraph\">E poi c\u2019\u00e8 Little Big Italy, l\u2019Italia degli orfani di Sinner chiamati a non far rimpiangere il numero uno. <b>Dieci azzurri in tabellone, compresi i tre qualificati <\/b>(Francesco Guerrieri da Correggio, Francesco Passaro da Perugia, Federico Cin\u00e0 da Palermo: siamo ben rappresentati). La punta della pattuglia \u00e8 il finalista del Roland Garros, <a href=\"https:\/\/www.corriere.it\/sport\/tennis\/26_agosto_27\/cobolli-bencic-sconfitti-in-finale-nel-doppio-misto-dello-us-open-f3f12402-ea61-492c-9602-eb888340fxlk.shtml\" target=\"_blank\" rel=\"nofollow noreferrer noopener\">Flavio Cobolli<\/a>, reduce dalla semifinale a Cincinnati battuto dal vincitore Fils ma killer del talento pi\u00f9 cresciuto di tutta la stagione: Rafa Jodar, 19 anni, passato dal n.165 al numero 13 del ranking Atp in nove rutilanti mesi, assistito solo dal padre Rafa senior, ex professore di educazione fisica. Con il Cobollismo, cio\u00e8 quell\u2019atteggiamento da lottatore disposto a tutto che non si sente battuto in partenza con nessuno, <b>Flavio sta scalando la classifica<\/b>. Debutta, da n.5 del tabellone, con Comesana, diretto verso un ipotetico quarto contro Auger-Aliassime, il canadese con cui \u00e8 avanti 3-0 nei precedenti. Se Cobolli non si far\u00e0 pi\u00f9 spaventare dal ruolo di favorito e se Musetti torner\u00e0 a parlare il suo tennis forbito, ci possiamo divertire.<\/p>\n<p class=\"chapter-paragraph\">Il buongiorno, come Italia, ce lo d\u00e0<b> Jasmine Paolini scivolata al n.20<\/b> e finalmente tornata sotto la guida tecnica di un coach vero, lo spagnolo Marc Lopez, in campo oggi alle 17. A differenza del trono dei maschi, su cui Sinner resta saldamente seduto anche in contumacia, <b>quello delle ragazze a New York traballa: <\/b>Sabalenka in piena crisi di risultati, Rybakina, Gauff o Pegula nel derby americano possono tutte ambire al tetto del mondo.  Manca Jannik, per\u00f2 non i temi.<\/p>\n<p class=\"is-last-update\" datetime=\"2026-08-29T21:14:16+02:00\">30 agosto 2026<\/p>\n<p class=\"is-copyright\">\n            \u00a9 RIPRODUZIONE RISERVATA\n        <\/p>\n","protected":false},"excerpt":{"rendered":"di Gaia Piccardi Lo Slam americano offre occasioni a tutti: Zverev respinge la pressione, Cobolli ci crede. I&hellip;\n","protected":false},"author":3,"featured_media":657501,"comment_status":"","ping_status":"","sticky":false,"template":"","format":"standard","meta":{"footnotes":"","_share_on_mastodon":"0"},"categories":[1457],"tags":[19104,362790,362791,1265,362792,362793,362794,362795,362796,362797,362798,362799,3432,536,4291,391,2205,6191,631,3155,20222,26568,15558,76965,1426,18672,1250,1537,90,89,1269,2027,11040,11041,1312,2006,1990,5389,50172,1924,3645,366,3423,3665,245,244,577,8934,1273,1899,6368,6663,410,16860,29523],"class_list":["post-657500","post","type-post","status-publish","format-standard","has-post-thumbnail","category-tennis","tag-accade","tag-accade-rimescolamento","tag-accade-rimescolamento-gerarchie","tag-alcaraz","tag-alcaraz-cobolli","tag-alcaraz-cobolli-pretendenti","tag-alcaraz-gioca","tag-alcaraz-gioca-torneo","tag-alcaraz-regime","tag-alcaraz-regime-finale","tag-alcaraz-voglio","tag-alcaraz-voglio-uscire","tag-aliassime","tag-americano","tag-battuto","tag-ben","tag-chiama","tag-cincinnati","tag-cinque","tag-classe","tag-cobolli","tag-djokovic","tag-favorito","tag-fils","tag-finale","tag-flavio","tag-francesco","tag-it","tag-italia","tag-italy","tag-jannik","tag-major","tag-new","tag-new-york","tag-numero","tag-open","tag-rafa","tag-risultati","tag-sano","tag-semifinale","tag-set","tag-sinner","tag-slam","tag-spagnolo","tag-sport","tag-sports","tag-stagione","tag-tabellone","tag-tennis","tag-tornare","tag-tornata","tag-torneo","tag-usa","tag-york","tag-zverev"],"share_on_mastodon":{"url":"","error":"Validation failed: Text character limit of 500 exceeded"},"_links":{"self":[{"href":"https:\/\/www.europesays.com\/it\/wp-json\/wp\/v2\/posts\/657500","targetHints":{"allow":["GET"]}}],"collection":[{"href":"https:\/\/www.europesays.com\/it\/wp-json\/wp\/v2\/posts"}],"about":[{"href":"https:\/\/www.europesays.com\/it\/wp-json\/wp\/v2\/types\/post"}],"author":[{"embeddable":true,"href":"https:\/\/www.europesays.com\/it\/wp-json\/wp\/v2\/users\/3"}],"replies":[{"embeddable":true,"href":"https:\/\/www.europesays.com\/it\/wp-json\/wp\/v2\/comments?post=657500"}],"version-history":[{"count":0,"href":"https:\/\/www.europesays.com\/it\/wp-json\/wp\/v2\/posts\/657500\/revisions"}],"wp:featuredmedia":[{"embeddable":true,"href":"https:\/\/www.europesays.com\/it\/wp-json\/wp\/v2\/media\/657501"}],"wp:attachment":[{"href":"https:\/\/www.europesays.com\/it\/wp-json\/wp\/v2\/media?parent=657500"}],"wp:term":[{"taxonomy":"category","embeddable":true,"href":"https:\/\/www.europesays.com\/it\/wp-json\/wp\/v2\/categories?post=657500"},{"taxonomy":"post_tag","embeddable":true,"href":"https:\/\/www.europesays.com\/it\/wp-json\/wp\/v2\/tags?post=657500"}],"curies":[{"name":"wp","href":"https:\/\/api.w.org\/{rel}","templated":true}]}}