{"id":657502,"date":"2026-08-31T04:59:20","date_gmt":"2026-08-31T04:59:20","guid":{"rendered":"https:\/\/www.europesays.com\/it\/657502\/"},"modified":"2026-08-31T04:59:20","modified_gmt":"2026-08-31T04:59:20","slug":"filo-di-ferro-teso-sulla-strada-lallarme-sullaltopiano-ci-sono-quasi-finito-contro-pericoloso-per-i-ciclisti","status":"publish","type":"post","link":"https:\/\/www.europesays.com\/it\/657502\/","title":{"rendered":"Filo di ferro teso sulla strada, l\u2019allarme sull&#8217;Altopiano: \u00abCi sono quasi finito contro. Pericoloso per i ciclisti\u00bb"},"content":{"rendered":"<p>    di<br \/>\n    Dimitri Canello<\/p>\n<p class=\"summary-art is-line-h-12\">Enego, nessun cartello a segnalare il cavo. La scoperta di un automobilista mentre attraversava la Piana di Marcesina per andare verso Grigno. Nel 2022 un ciclista mor\u00ec dopo aver urtato un filo spinato in una valle vicina<\/p>\n<p class=\"chapter-paragraph\">Un <b>filo di ferro teso<\/b> attraverso una strada di montagna, senza cartelli, segnali o altri avvertimenti in grado di renderlo immediatamente visibile. Una situazione potenzialmente pericolosissima, scoperta da un automobilista lungo la stradina che da<b> Malga Scura<\/b>, nel territorio comunale di <b>Grigno<\/b>, in provincia di Trento, risale verso il fontanello della malga, nella parte settentrionale della <b>piana di Marcesina<\/b>. L\u2019uomo, assiduo frequentatore dell\u2019Altopiano di Asiago, si \u00e8 trovato davanti l\u2019ostacolo mentre percorreva la strada e ha documentato quanto accaduto con fotografie e video. \u00abCi sono quasi finito contro \u2013 racconta \u2013 con la macchina. \u00c8 una cosa scandalosa. Non voglio nemmeno pensare a cosa potrebbe succedere se di l\u00ec passasse <b>un ciclista<\/b>\u00bb. Una preoccupazione tutt\u2019altro che teorica, considerando che la zona \u00e8 frequentata anche dagli appassionati delle escursioni in bicicletta.<\/p>\n<p>    La morte di Pezzato<\/p>\n<p class=\"chapter-paragraph\">E proprio il ritrovamento di quel filo metallico riporta inevitabilmente alla memoria una tragedia avvenuta poco lontano. Nel luglio del 2022, in Val Maron, nel territorio di Enego, il ciclista bassanese <a href=\"https:\/\/corrieredelveneto.corriere.it\/notizie\/vicenza\/cronaca\/26_luglio_08\/vicenza-ciclista-morto-per-il-filo-spinato-teso-sul-sentiero-condannato-a-un-anno-il-proprietario-di-una-malga-ffc62588-42f7-4d4c-b9af-dd26765f5xlk.shtml\" title=\"Vicenza, ciclista morto per il filo spinato teso sul sentiero: condannato a un anno il proprietario di una malga\" rel=\"nofollow noopener\" target=\"_blank\">Maurizio Pezzato<\/a>, 63 anni, perse la vita dopo essere <b>caduto lungo la strada forestale della Forcellona<\/b>. L\u2019imprenditore stava pedalando insieme a un amico quando fin\u00ec contro una chiudenda realizzata con filo spinato, che secondo l\u2019accusa non era adeguatamente segnalata. Nella violenta caduta riport\u00f2 gravissime lesioni alle vertebre cervicali. Per quella vicenda <b>Walter Dalla Palma,<\/b> malghese di 51 anni di Enego, \u00e8 stato <b>condannato <\/b>in primo grado a un anno di reclusione per omicidio colposo. Il pubblico ministero Hans Roderich Blattner aveva chiesto una condanna a due anni, sostenendo che il percorso fosse frequentato e percorribile e che vi fosse stata negligenza nella sistemazione del filo spinato. La difesa, rappresentata dall\u2019avvocato<b> Roberto Rigoni Stern<\/b>, ha annunciato ricorso in Appello. Secondo il legale Dalla Palma aveva recintato un\u2019area demaniale seguendo le indicazioni ricevute e senza sapere che quel tracciato, nato dopo il disboscamento seguito alla tempesta Vaia del 2018, fosse nel frattempo diventato un percorso utilizzato anche da ciclisti e pedoni. \u00abNessuno si sognerebbe di tendere del filo spinato lungo una pista ciclabile\u00bb, aveva sostenuto l\u2019avvocato, ribadendo la posizione della difesa. A raccontare in aula gli ultimi drammatici momenti di Pezzato era stato l\u2019amico<b> Bruno Demo<\/b>, che pedalava con lui quel giorno. \u00abEra davanti a me di qualche metro e all\u2019improvviso l\u2019ho visto volare a terra, facendo una sorta di capriola su se stesso\u00bb, aveva ricordato. Pezzato gli aveva detto di non riuscire a respirare e poco dopo aveva perso conoscenza. I soccorsi erano stati immediatamente allertati, ma ogni tentativo di rianimazione si era rivelato inutile.    &#13;<br \/>\n&#13;<br \/>\n&#13;<br \/>\n&#13;<br \/>\n&#13;<br \/>\n&#13;<br \/>\n&#13;<br \/>\n&#13;<br \/>\n&#13;<br \/>\n&#13;<br \/>\n&#13;<br \/>\n&#13;<br \/>\n&#13;<br \/>\n&#13;<br \/>\n&#13;<br \/>\n&#13;<br \/>\n&#13;<br \/>\n&#13;<br \/>\n&#13;<br \/>\n&#13;<br \/>\n&#13;<br \/>\n&#13;<br \/>\n&#13;<br \/>\n&#13;<br \/>\n&#13;<br \/>\n&#13;<br \/>\n&#13;<br \/>\n&#13;<br \/>\n&#13;<br \/>\n&#13;<br \/>\n&#13;<br \/>\n&#13;<br \/>\n&#13;<br \/>\n&#13;<br \/>\n&#13;<br \/>\n&#13;<br \/>\n&#13;<br \/>\n&#13;<br \/>\n&#13;<br \/>\n&#13;<br \/>\n&#13;<br \/>\n&#13;<br \/>\n&#13;<br \/>\n&#13;<br \/>\n&#13;<br \/>\n&#13;<br \/>\n&#13;<br \/>\n&#13;<br \/>\n&#13;<br \/>\n&#13;<br \/>\n&#13;<br \/>\n&#13;<br \/>\n&#13;\n<\/p>\n<p>    La vicina Malga Scura<\/p>\n<p class=\"chapter-paragraph\">Il precedente rende dunque ancora pi\u00f9 inquietante quanto segnalato lungo la strada di Malga Scura. La struttura \u00e8 oggi gestita da <b>un\u2019azienda agricola di Montebelluna<\/b>\u00a0mentre i precedenti conduttori, una famiglia di Enego, hanno espresso <b>sorpresa <\/b>per la presenza del filo metallico. Sul<b> tema della sicurezza<\/b> intervengono anche le indicazioni generali adottate in materia di viabilit\u00e0 rurale e silvopastorale. Dalla <b>Provincia <\/b>autonoma di Trento ricordano come le normative comunali di polizia rurale privilegino generalmente strutture tradizionali e ben visibili, dalle chiudende in legno a croce di Sant\u2019Andrea alle staccionate e ai sistemi con paletti verticali. Soluzioni che, anche grazie ai finanziamenti dello sviluppo rurale, puntano a ridurre l\u2019impatto paesaggistico e a consentire il passaggio della fauna selvatica.<\/p>\n<p>    Gli accertamenti<\/p>\n<p class=\"chapter-paragraph\">Nel caso di Malga Scura, naturalmente, serviranno eventuali <b>verifiche <\/b>e sopralluoghi per stabilire <b>caratteristiche<\/b>, propriet\u00e0 e regolarit\u00e0 della struttura. Resta per\u00f2 <b>l\u2019allarme <\/b>lanciato dall\u2019automobilista: quel filo, invisibile a chi arriva lungo la strada, pu\u00f2 trasformarsi in un pericolo gravissimo soprattutto per chi percorre quei sentieri e quelle strade in bicicletta.<\/p>\n<p class=\"is-mr-t-20 is-mr-b-20\"><b><br \/>\n                                    <a href=\"https:\/\/corrieredelveneto.corriere.it\/vicenza\/?intcmp=Notizielocali_nd_010623_corriere_ss_vicenza\" target=\"_blank\" rel=\"nofollow noopener\">Vai a tutte le notizie di Vicenza<\/a><br \/>\n                        <\/b><\/p>\n<p class=\"chapter-paragraph\"><b><a href=\"https:\/\/www.corriere.it\/newsletter\/?theme=39&amp;intcmp=NL-artic_nd_060624_corriere_ss_veneto\" target=\"_blank\" rel=\"nofollow noopener\">Iscriviti alla newsletter del Corriere del Veneto<\/a><\/b><\/p>\n<p class=\"is-last-update\" datetime=\"2026-08-30T14:01:30+02:00\">30 agosto 2026<\/p>\n<p class=\"is-copyright\">\n            \u00a9 RIPRODUZIONE RISERVATA\n        <\/p>\n","protected":false},"excerpt":{"rendered":"di Dimitri Canello Enego, nessun cartello a segnalare il cavo. La scoperta di un automobilista mentre attraversava la&hellip;\n","protected":false},"author":3,"featured_media":657503,"comment_status":"","ping_status":"","sticky":false,"template":"","format":"standard","meta":{"footnotes":"","_share_on_mastodon":"0"},"categories":[1456],"tags":[2271,39697,4008,60644,1239,1653,1824,27012,4645,1825,767,134990,597,362802,362803,3385,362804,362805,362806,26062,5299,4941,9132,10154,7595,1537,90,89,308365,362800,362807,30599,35098,491,362801,100915,362808,438,153419,17737,362809,340116,26066,245,244,3726,7877,440,102113],"class_list":["post-657502","post","type-post","status-publish","format-standard","has-post-thumbnail","category-ciclismo","tag-allarme","tag-altopiano","tag-amico","tag-automobilista","tag-avvocato","tag-bicicletta","tag-ciclismo","tag-ciclista","tag-ciclisti","tag-cycling","tag-difesa","tag-enego","tag-ferro","tag-ferro-teso","tag-ferro-teso-strada","tag-filo","tag-filo-ferro","tag-filo-ferro-teso","tag-filo-metallico","tag-filo-spinato","tag-finito","tag-grado","tag-grigno","tag-immediatamente","tag-indicazioni","tag-it","tag-italia","tag-italy","tag-malga","tag-malga-scura","tag-marcesina","tag-metallico","tag-palma","tag-percorso","tag-pezzato","tag-piana","tag-piana-marcesina","tag-provincia","tag-rurale","tag-scoperta","tag-scoperta-automobilista","tag-scura","tag-spinato","tag-sport","tag-sports","tag-strada","tag-struttura","tag-territorio","tag-teso"],"share_on_mastodon":{"url":"","error":"Validation failed: Text character limit of 500 exceeded"},"_links":{"self":[{"href":"https:\/\/www.europesays.com\/it\/wp-json\/wp\/v2\/posts\/657502","targetHints":{"allow":["GET"]}}],"collection":[{"href":"https:\/\/www.europesays.com\/it\/wp-json\/wp\/v2\/posts"}],"about":[{"href":"https:\/\/www.europesays.com\/it\/wp-json\/wp\/v2\/types\/post"}],"author":[{"embeddable":true,"href":"https:\/\/www.europesays.com\/it\/wp-json\/wp\/v2\/users\/3"}],"replies":[{"embeddable":true,"href":"https:\/\/www.europesays.com\/it\/wp-json\/wp\/v2\/comments?post=657502"}],"version-history":[{"count":0,"href":"https:\/\/www.europesays.com\/it\/wp-json\/wp\/v2\/posts\/657502\/revisions"}],"wp:featuredmedia":[{"embeddable":true,"href":"https:\/\/www.europesays.com\/it\/wp-json\/wp\/v2\/media\/657503"}],"wp:attachment":[{"href":"https:\/\/www.europesays.com\/it\/wp-json\/wp\/v2\/media?parent=657502"}],"wp:term":[{"taxonomy":"category","embeddable":true,"href":"https:\/\/www.europesays.com\/it\/wp-json\/wp\/v2\/categories?post=657502"},{"taxonomy":"post_tag","embeddable":true,"href":"https:\/\/www.europesays.com\/it\/wp-json\/wp\/v2\/tags?post=657502"}],"curies":[{"name":"wp","href":"https:\/\/api.w.org\/{rel}","templated":true}]}}