{"id":657531,"date":"2026-08-31T05:32:27","date_gmt":"2026-08-31T05:32:27","guid":{"rendered":"https:\/\/www.europesays.com\/it\/657531\/"},"modified":"2026-08-31T05:32:27","modified_gmt":"2026-08-31T05:32:27","slug":"belen-rodriguez-a-sanremo-avvistata-in-sala-di-registrazione","status":"publish","type":"post","link":"https:\/\/www.europesays.com\/it\/657531\/","title":{"rendered":"Bel\u00e9n Rodriguez a Sanremo? Avvistata in sala di registrazione"},"content":{"rendered":"<p>                        <img loading=\"lazy\" decoding=\"async\" src=\"https:\/\/www.europesays.com\/it\/wp-content\/uploads\/2026\/08\/170384f80a9cb5568af4efc3662bd0ad.jpg\" alt=\"Belen Rodriguez ha una bella voce intonata. Recentemente \u00e8 stata vista entrare anche in una famosa sala di registrazione. Sui social ha postato alcune sue interpretazioni come Maledetta Nostalgia di Olly\" class=\"articlePreview__img\"\/><\/p>\n<p class=\"article__imageInfoText\">\n                      Belen Rodriguez ha una bella voce intonata. Recentemente \u00e8 stata vista entrare anche in una famosa sala di registrazione. Sui social ha postato alcune sue interpretazioni come Maledetta Nostalgia di Olly\n                    <\/p>\n<p>\n                          \u00abLa musica \u00e8 la pi\u00f9 potente medicina per l&#8217;anima\u00bb. \u00c8 una frase che <a href=\"https:\/\/www.oggi.it\/personaggi\/belen-rodriguez\/\" target=\"_blank\" rel=\"noopener nofollow\"><strong>Bel\u00e9n Rodriguez<\/strong><\/a> sente profondamente sua e che, negli ultimi tempi, sembra raccontare meglio di qualsiasi altra il momento che sta vivendo.\n                        <\/p>\n<p>\n                          <a href=\"https:\/\/www.oggi.it\/people\/celebs\/2026\/08\/04\/belen-torna-a-parlare-dei-suoi-momenti-piu-bui-chiusa-in-casa-due-mesi-mi-ha-salvato-lo-yoga\/\" target=\"_blank\" rel=\"noopener nofollow\">Belen torna a parlare dei suoi momenti pi\u00f9 bui: \u00abChiusa in casa due mesi, mi ha salvato lo yoga\u00bb &#8211; <strong>Leggi<\/strong><\/a>\n                        <\/p>\n<p>                                                  Dalla sala di registrazione al Festival di Sanremo?Per la showgirl argentina cantare non \u00e8 soltanto una passione, ma un rifugio, un modo per ritrovare serenit\u00e0 ed equilibrio. Il canto per Belen potrebbe, inoltre, ben presto assumere un ruolo decisivo nel suo percorso professionale e artistico. Secondo quanto ci risulta, nelle scorse settimane la showgirl argentina \u00e8 stata avvistata in una blasonata sala di registrazione milanese. Un dettaglio che non \u00e8 passato inosservato e che alimenta le indiscrezioni circolate negli ultimi giorni. Stando alle nostre fonti, infatti, la conduttrice ha iniziato a incidere alcuni nuovi brani, cuciti su misura per la sua vocalit\u00e0. Quasi un antipasto che potrebbe preludere alla realizzazione di un sogno custodito da tempo: partecipare in gara al Festival di Sanremo. Un&#8217;ipotesi che incuriosisce gli addetti ai lavori e che assume ancora pi\u00f9 fascino alla luce della rinnovata sintonia con <a href=\"https:\/\/www.oggi.it\/personaggi\/stefano-de-martino\/\" target=\"_blank\" rel=\"noopener nofollow\"><strong>Stefano De Martino<\/strong><\/a>, che in un recente passato ha aperto alla possibilit\u00e0 di vederla sul palco dell&#8217;Ariston.<\/p>\n<p>\n                          <a href=\"https:\/\/www.oggi.it\/people\/gossip\/2026\/07\/13\/belen-rodriguez-riunisce-stefano-de-martino-e-antonino-spinalbese-per-il-compleanno-di-luna-mari\/\" target=\"_blank\" rel=\"noopener nofollow\">Belen Rodriguez riunisce Stefano De Martino e Antonino Spinalbese per il compleanno di Luna Mar\u00ec &#8211;<strong>Guarda<\/strong><\/a>\n                        <\/p>\n<p>                        Una vicinanza discreta, ma potenteDopo i momenti difficili affrontati negli ultimi mesi, Bel\u00e9n ha ritrovato un rapporto sereno con il padre di suo figlio. Tra i due il dialogo \u00e8 tornato sincero e costruttivo, e non solo per il bene di Santiago. Chi li conosce racconta di una nuova complicit\u00e0 e di una presenza costante del conduttore nel quotidiano dell&#8217;ex moglie. Una vicinanza discreta ma potente, che ha contribuito a rafforzare nuovamente il loro legame umano. A confermare l&#8217;armonia tra i due ex coniugi c&#8217;\u00e8 anche l&#8217;inaspettato feeling sbocciato tra Bel\u00e9n e Gilda Ambrosio, la stilista napoletana considerata ormai da tutti la compagna ufficiale di Stefano. Se un tempo qualcuno avrebbe immaginato rivalit\u00e0 tra le due donne, oggi la realt\u00e0 racconta altro. Bel\u00e9n ha dimostrato pubblico apprezzamentoper il lavoro della designer, arrivando anche a mostrare sui social alcune delle sue borse. Un gesto che racconta una persona capace di mettere da parte il passato e di guardare avanti conmaturit\u00e0.<\/p>\n<p>                        Gilda Ambrosio &#8220;sponsor&#8221; musicale di BelenCi risulta che anche Gilda starebbe in coraggiando la showgirl a perfezionarsi nel canto. Una passione che negli ultimi giorni Bel\u00e9n ha voluto condividere con i suoi follower. Sui social si \u00e8 mostrata mentre canta diversi brani. In particolare ha emozionato i fan con un&#8217;intensa interpretazione, chitarra e voce, di Por Debajo De La Mesa, celebre successo di Luis Miguel. Un&#8217;esibizione intima, autentica, nella quale ha lasciato emergere tutta la dolcezza e la sensibilit\u00e0 della sua voce. Non \u00e8 mancata neppure una personale versione di Maledetta nostalgia di Olly, oltre ad altri brani che hanno confermato quanto il canto rappresenti una presenza costante nella sua quotidianit\u00e0.<\/p>\n<p>                        Quanti ricordi con pap\u00e0 GustavoLa musica, del resto, accompagna Bel\u00e9n fin dall&#8217;infanzia. Da bambina cantava insieme all&#8217;amatissimo pap\u00e0 Gustavo, condividendo con lui momenti che ancora oggi custodisce tra i ricordi pi\u00f9 preziosi. Tutti hanno in mente la loro esibizione nel lontano 2011 sul palco del teatro Ariston: cantarono un classico argentino che emozion\u00f2 il pubblico in sala e a casa. Il palco dell&#8217;Ariston, in fondo, rappresenta il filo rosso che lega Bel\u00e9n alla musica. Molti la ricordano come conduttrice, altri per la celebre &#8220;farfallina&#8221;, ma in pochi rammentano che il suo debutto sanremese avvenne proprio da cantante. Era il 2010 quando apparve al fianco di Toto Cutugno nella serata dedicata ai duetti. Insieme interpretarono Aeroplani, mostrando un lato inedito della showgirl argentina, che sorprese per la sua voce calda e perfettamente intonata. Fino al ritorno sul palco dell&#8217;Ariston nel 2026, questa volta al fianco di Samurai Jay e Roy Paci nella serata delle cover, con una trascinante versione di Baila di Zucchero.<br \/>Il canto per Bel\u00e9n si \u00e8 rivelato salvifico anche nei momenti pi\u00f9 complessi. \u00c8 proprio dei suoi momenti bui che Belen \u00e8 tornata recentemente a parlare. <strong><a href=\"https:\/\/www.oggi.it\/people\/celebs\/2026\/08\/04\/belen-torna-a-parlare-dei-suoi-momenti-piu-bui-chiusa-in-casa-due-mesi-mi-ha-salvato-lo-yoga\/\" target=\"_blank\" rel=\"noopener nofollow\">Ha raccontato di aver affrontato gli attacchi di panico<\/a>,<\/strong> di aver dovuto imparare ad ascoltarsi e ad accettare la propria fragilit\u00e0. Un percorso che l&#8217;ha portata a capire una cosa fondamentale: \u00ab\u00c8 importante attraversare il dolore, non metterlo sotto il tappeto\u00bb. Nel suo messaggio invita chi attraversa momenti difficili a non sentirsi solo e spiega che la rinascita passa dalla capacit\u00e0 di \u00abscegliere di amarsi un&#8217;altra volta\u00bb.<\/p>\n<p>                        Con Fidanzati, un sentimento solidoEd \u00e8 stato proprio l&#8217;amore, insieme al canto e allo yoga, ad aver fatto tornare il sorriso sul suo volto. Il personal trainer <strong><a href=\"https:\/\/www.oggi.it\/people\/celebs\/2026\/08\/06\/belen-rodriguez-riparte-da-zero-il-nuovo-fidanzato-lanello-sospetto-e-il-ritorno-in-tv\/\" target=\"_blank\" rel=\"noopener nofollow\">Gaetano Fidanzati \u00e8 ormai entrato a pieno titolo nella vita di Belen<\/a>.<\/strong> Il loro rapporto sta diventando ogni giorno pi\u00f9 profondo e maturo. Non solo l&#8217;entusiasmo travolgente degli inizi, ma la solidit\u00e0 di un sentimento costruito sulla fiducia. E a far sognare \u00e8 stato anche un piccolo dettaglio che non \u00e8 passato inosservato: <strong><a href=\"https:\/\/www.oggi.it\/people\/gallery\/belen-e-arrivato-lanello-di-gaetano-il-nuovo-fidanzato-e-personal-trainer-guarda-le-foto\/\" target=\"_blank\" rel=\"noopener nofollow\">sull&#8217;anulare sinistro di Bel\u00e9n \u00e8 spuntato un prezioso brillante<\/a> <\/strong>che ha il sapore di un impegno del cuore.<\/p>\n","protected":false},"excerpt":{"rendered":"Belen Rodriguez ha una bella voce intonata. Recentemente \u00e8 stata vista entrare anche in una famosa sala di&hellip;\n","protected":false},"author":3,"featured_media":657532,"comment_status":"","ping_status":"","sticky":false,"template":"","format":"standard","meta":{"footnotes":"","_share_on_mastodon":"0"},"categories":[1451],"tags":[2537,11118,2648,41478,11185,787,31907,17945,1764,17174,32033,3216,6749,1621,1620,445,1396,2112,277,44622,26599,362812,362813,12105,71829,203,12856,4631,20575,3964,10454,212790,85879,362814,204,1537,90,89,27896,4003,223183,88012,1539,133,2298,41486,14515,489,1989,32898,18,9143,23024,195801,6845,64044,1766,338,2938],"class_list":["post-657531","post","type-post","status-publish","format-standard","has-post-thumbnail","category-celebrita","tag-altra","tag-ambrosio","tag-argentina","tag-ariston","tag-artistico","tag-attacchi","tag-attacchi-panico","tag-belen","tag-belen-rodriguez","tag-brani","tag-bui","tag-canto","tag-celebre","tag-celebrita","tag-celebrities","tag-chiusa","tag-conduttrice","tag-costante","tag-de","tag-de-martino","tag-dettaglio","tag-dettaglio-passato","tag-dettaglio-passato-inosservato","tag-difficili","tag-discreta","tag-entertainment","tag-esibizione","tag-festival","tag-festival-sanremo","tag-fianco","tag-fidanzati","tag-gilda","tag-gilda-ambrosio","tag-inosservato","tag-intrattenimento","tag-it","tag-italia","tag-italy","tag-martino","tag-momenti","tag-momenti-bui","tag-momenti-difficili","tag-musica","tag-ormai","tag-palco","tag-palco-ariston","tag-panico","tag-passato","tag-racconta","tag-rodriguez","tag-sala","tag-sanremo","tag-showgirl","tag-showgirl-argentina","tag-stefano","tag-stefano-de","tag-stefano-de-martino","tag-ultimi","tag-voce"],"share_on_mastodon":{"url":"","error":"Validation failed: Text character limit of 500 exceeded"},"_links":{"self":[{"href":"https:\/\/www.europesays.com\/it\/wp-json\/wp\/v2\/posts\/657531","targetHints":{"allow":["GET"]}}],"collection":[{"href":"https:\/\/www.europesays.com\/it\/wp-json\/wp\/v2\/posts"}],"about":[{"href":"https:\/\/www.europesays.com\/it\/wp-json\/wp\/v2\/types\/post"}],"author":[{"embeddable":true,"href":"https:\/\/www.europesays.com\/it\/wp-json\/wp\/v2\/users\/3"}],"replies":[{"embeddable":true,"href":"https:\/\/www.europesays.com\/it\/wp-json\/wp\/v2\/comments?post=657531"}],"version-history":[{"count":0,"href":"https:\/\/www.europesays.com\/it\/wp-json\/wp\/v2\/posts\/657531\/revisions"}],"wp:featuredmedia":[{"embeddable":true,"href":"https:\/\/www.europesays.com\/it\/wp-json\/wp\/v2\/media\/657532"}],"wp:attachment":[{"href":"https:\/\/www.europesays.com\/it\/wp-json\/wp\/v2\/media?parent=657531"}],"wp:term":[{"taxonomy":"category","embeddable":true,"href":"https:\/\/www.europesays.com\/it\/wp-json\/wp\/v2\/categories?post=657531"},{"taxonomy":"post_tag","embeddable":true,"href":"https:\/\/www.europesays.com\/it\/wp-json\/wp\/v2\/tags?post=657531"}],"curies":[{"name":"wp","href":"https:\/\/api.w.org\/{rel}","templated":true}]}}