{"id":657544,"date":"2026-08-31T05:44:12","date_gmt":"2026-08-31T05:44:12","guid":{"rendered":"https:\/\/www.europesays.com\/it\/657544\/"},"modified":"2026-08-31T05:44:12","modified_gmt":"2026-08-31T05:44:12","slug":"ecocentro-in-fiamme-a-lequile-notte-da-incubo-la-procura-dispone-il-sequestro-dellarea-video","status":"publish","type":"post","link":"https:\/\/www.europesays.com\/it\/657544\/","title":{"rendered":"Ecocentro in fiamme a Lequile: notte da incubo. La procura dispone il sequestro dell&#8217;area. Video"},"content":{"rendered":"<p>Le fiamme hanno divorato per ore l&#8217;<strong>ecocentro di <a href=\"https:\/\/www.quotidianodipuglia.it\/t\/lequile\" rel=\"nofollow noopener\" target=\"_blank\">Lequile<\/a><\/strong>, scatenando un&#8217;emergenza che non si \u00e8 ancora conclusa. Dopo la notte d&#8217;inferno che ha visto l&#8217;arteria della Statale 101 Lecce-Gallipoli chiusa al traffico per diverse ore a causa del denso fumo nero a ridosso delle villette, questa mattina i Vigili del Fuoco sono ancora sul posto e continuano a lavorare senza sosta per domare l<strong><a href=\"https:\/\/www.quotidianodipuglia.it\/t\/\" incendio=\"\" rel=\"nofollow noopener\" target=\"_blank\">&#8216;incendio<\/a><\/strong>\u00a0ed eliminare gli ultimi focolai.\u00a0<\/p>\n<p>&#13;<\/p>\n<p>APPROFONDIMENTI<\/p>\n<p>&#13;<\/p>\n<p>&#13;<\/p>\n<p>                <a href=\"https:\/\/www.quotidianodipuglia.it\/lecce\/lecce_gallipoli_statale_incendio-9732041.html\" title=\"Incendio sulla Lecce-Gallipoli: fumo in strada, circolazione sospesa per ore\" rel=\"nofollow noopener\" target=\"_blank\"><img loading=\"lazy\" decoding=\"async\" src=\"https:\/\/www.europesays.com\/it\/wp-content\/uploads\/2026\/08\/9732041_29200424_whatsapp_image_2026_08_29_at_20.03.22.jpg\" title=\"Incendio sulla Lecce-Gallipoli: fumo in strada, circolazione sospesa per ore\" width=\"264\" height=\"144\"\/><\/a>            <\/p>\n<p>    &#13;<\/p>\n<p>    &#13;<\/p>\n<p>L&#8217;imponente macchina dei soccorsi ha visto un dispiegamento straordinario di forze. A coordinare le operazioni direttamente sul campo \u00e8 il Comandante dei Vigili del Fuoco di Lecce, affiancato dai funzionari in posto e in sala operativa, mentre la Prefettura ha convocato il Centro Coordinamento Soccorsi per gestire una situazione criticit\u00e0 massima. Alle sette squadre del comando provinciale leccese, supportate dall\u2019Unit\u00e0 di Comando Locale e dal carro aria, si sono uniti rinforzi giunti dai comandi di Brindisi, Taranto, Martina Franca e Monopoli, insieme a un mezzo aeroportuale da Grottaglie, all&#8217;autobotte dell\u2019Aeronautica Militare del 61\u00b0 Stormo e a numerosi nuclei della Protezione Civile.<\/p>\n<p>I timori legati alla combustione e alla qualit\u00e0 dell&#8217;aria restano alti. <\/p>\n<p>Le amministrazioni comunali di Lequile e Cavallino hanno rinnovato l&#8217;appello ai propri cittadini a mantenere le finestre rigorosamente chiuse e ad evitare di rimanere all&#8217;aperto. I disagi hanno travolto anche la vita culturale della zona, portando all&#8217;annullamento del concerto di Cesare Dell&#8217;Anna in programma a San Donato. Ore d&#8217;ansia si sono vissute pure in contrada Vignali a Galatone, dove il fuoco ha bruciato plastica e gomma a ridosso di un ex impianto di conferimento amianto, fortunatamente intaccato solo nella zona dell&#8217;ingresso. L&#8217;attenzione resta altissima mentre le squadre di soccorso completano il minuzioso e difficile lavoro di bonifica.\u00a0 Inoltre \u00e8\u00a0stata posta sotto sequestro l\u2019area dell\u2019ecocentro di Lequile devastata dall\u2019incendio. Dopo le lunghe operazioni di spegnimento, che hanno impegnato un consistente dispiegamento di uomini e mezzi, sul rogo si apre ora il fronte delle indagini. I sigilli sono stati apposti nelle scorse ore dai carabinieri di San Pietro in Lama su disposizione della Procura di Lecce. Gli accertamenti dovranno fare luce sull\u2019origine dell\u2019incendio e sulle cause che hanno innescato le fiamme, mentre resta alta l\u2019attenzione per le possibili ripercussioni ambientali e sanitarie legate al materiale bruciato. Si attendono intanto gli esiti delle verifiche e delle analisi dell\u2019Arpa. Nel frattempo i sindaci di Lequile e Lecce e il presidente della Provincia intervengono sulla vicenda invitando i cittadini alla massima prudenza.I legali\u00a0 <\/p>\n<p>E sull&#8217;incendio sono intervenuti i legali delle aziende che hanno voluto precisare come il rogo si sia sviluppato all&#8217;esterno delle stesse. Ecco il testo della nota inviata dai legali.\u00a0<\/p>\n<p>&#8220;In relazione alle notizie di stampa diffuse sui recenti eventi incendiari che hanno interessato anche l\u2019impianto per lo stoccaggio, la selezione e il recupero di rifiuti differenziati di Lequile, gli avvocati Giuseppe Bonsegna e Michele Bonsegna, quali difensori rispettivamente per le societ\u00e0 Ecotecnica S.r.l. ed Ecorisorse S.r.l., intendono precisare quanto segue. Dai primi elementi e dalle immagini disponibili, l\u2019incendio si \u00e8 sviluppato nell\u2019area boschiva esterna al sito, propagandosi successivamente verso l&#8217;interno della struttura autorizzata per lo stoccaggio, selezione e recupero di rifiuti differenziati. I dipendenti presenti hanno tempestivamente allertato i soccorsi e, nell&#8217;attesa dell&#8217;intervento dei Vigili del Fuoco, si sono adoperati con i presidi antincendio in dotazione per contenere l&#8217;avanzamento del fuoco finch\u00e9 le condizioni di sicurezza lo hanno consentito, ponendo in essere ogni misura possibile per limitare i danni. Le Societ\u00e0 rappresentate sono a completa disposizione delle Autorit\u00e0 competenti e stanno fornendo la massima collaborazione per la ricostruzione puntuale dei fatti e per l&#8217;accertamento delle cause dell&#8217;evento, attualmente in corso di verifica&#8221;.<\/p>\n","protected":false},"excerpt":{"rendered":"Le fiamme hanno divorato per ore l&#8217;ecocentro di Lequile, scatenando un&#8217;emergenza che non si \u00e8 ancora conclusa. Dopo&hellip;\n","protected":false},"author":3,"featured_media":657545,"comment_status":"","ping_status":"","sticky":false,"template":"","format":"standard","meta":{"footnotes":"","_share_on_mastodon":"0"},"categories":[79],"tags":[14,93,94,3411,1537,90,89,355260,7,15,11,84,91,12,85,92],"class_list":["post-657544","post","type-post","status-publish","format-standard","has-post-thumbnail","category-italia","tag-cronaca","tag-cronaca-italiana","tag-cronacaitaliana","tag-incendio","tag-it","tag-italia","tag-italy","tag-lequile","tag-news","tag-notizie","tag-ultime-notizie","tag-ultime-notizie-e-news-di-oggi","tag-ultime-notizie-italia","tag-ultimenotizie","tag-ultimenotizieenewsdioggi","tag-ultimenotizieitalia"],"share_on_mastodon":{"url":"https:\/\/pubeurope.com\/@it\/117188537062625535","error":""},"_links":{"self":[{"href":"https:\/\/www.europesays.com\/it\/wp-json\/wp\/v2\/posts\/657544","targetHints":{"allow":["GET"]}}],"collection":[{"href":"https:\/\/www.europesays.com\/it\/wp-json\/wp\/v2\/posts"}],"about":[{"href":"https:\/\/www.europesays.com\/it\/wp-json\/wp\/v2\/types\/post"}],"author":[{"embeddable":true,"href":"https:\/\/www.europesays.com\/it\/wp-json\/wp\/v2\/users\/3"}],"replies":[{"embeddable":true,"href":"https:\/\/www.europesays.com\/it\/wp-json\/wp\/v2\/comments?post=657544"}],"version-history":[{"count":0,"href":"https:\/\/www.europesays.com\/it\/wp-json\/wp\/v2\/posts\/657544\/revisions"}],"wp:featuredmedia":[{"embeddable":true,"href":"https:\/\/www.europesays.com\/it\/wp-json\/wp\/v2\/media\/657545"}],"wp:attachment":[{"href":"https:\/\/www.europesays.com\/it\/wp-json\/wp\/v2\/media?parent=657544"}],"wp:term":[{"taxonomy":"category","embeddable":true,"href":"https:\/\/www.europesays.com\/it\/wp-json\/wp\/v2\/categories?post=657544"},{"taxonomy":"post_tag","embeddable":true,"href":"https:\/\/www.europesays.com\/it\/wp-json\/wp\/v2\/tags?post=657544"}],"curies":[{"name":"wp","href":"https:\/\/api.w.org\/{rel}","templated":true}]}}