{"id":657563,"date":"2026-08-31T06:06:18","date_gmt":"2026-08-31T06:06:18","guid":{"rendered":"https:\/\/www.europesays.com\/it\/657563\/"},"modified":"2026-08-31T06:06:18","modified_gmt":"2026-08-31T06:06:18","slug":"i-sintomi-da-non-sottovalutare-nel-parkinson-che-compaiono-prima-dei-tipici-tremori","status":"publish","type":"post","link":"https:\/\/www.europesays.com\/it\/657563\/","title":{"rendered":"I sintomi da non sottovalutare nel Parkinson che compaiono prima dei tipici tremori"},"content":{"rendered":"<p>    di<br \/>\n    Cristina Marrone<\/p>\n<p class=\"summary-art is-line-h-12\">Il Parkinson \u00e8 una malattia neurodegenerativa ad evoluzione lenta, ma progressiva, che coinvolge funzioni quali il controllo del movimento e l\u2019equilibrio. L\u2019et\u00e0 media di esordio \u00e8 intorno ai 60 anni, ma il 5% dei pazienti pu\u00f2 presentare un esordio giovanile sotto i 40 anni. E la genetica non aiuta<\/p>\n<p class=\"chapter-paragraph\">Il <a href=\"https:\/\/roma.corriere.it\/notizie\/politica\/26_agosto_31\/dario-franceschini-parkinson-intervista-6323e801-d5eb-4e9e-8b5e-c9e3b4b3cxlk.shtml\" rel=\"nofollow noopener\" target=\"_blank\">Parkinson<\/a> \u00e8 una<b> malattia neurodegenerativa <\/b>causata dalla <b>morte progressiva di alcune cellule del cervell<\/b>o che producono <b>dopamina<\/b>, un neurotrasmettitore che controlla i movimenti automatici del corpo. L\u2019esposizione a idrocarburi, pesticidi, erbicidi, solventi o l\u2019assunzione in modo indiscriminato di farmaci antipsicotici tipici o antinausea favorisce l\u2019insorgenza della malattia.<\/p>\n<p class=\"chapter-paragraph\">\u00abI sintomi precoci non motori possono manifestarsi<b> fino a dieci anni prima della diagnosi della malattia.<\/b> Quando compaiono i sintomi caratteristici del Parkinson come i tremori o la rigidit\u00e0, la met\u00e0 dei neuroni che producono dopamina sono gi\u00e0 morti\u00bb sottolinea <b>Gianni Pezzoli<\/b>, neurologo, presidente dell\u2019Associazione Italiana Parkinsoniani e della Fondazione Grigioni per il Morbo di Parkinson. Per questo \u00e8 bene non trascurare alcuni sintomi precoci per intervenire in tempo sulla malattia. Attenzione: non \u00e8 affatto detto che con uno di questi sintomi non correlato ad altre patologie bisogna per forza pensare al Parkinson o una malattia neurologica, ma pu\u00f2 valere la pena parlarne con uno specialista.    &#13;<br \/>\n&#13;<br \/>\n&#13;<br \/>\n&#13;<br \/>\n&#13;<br \/>\n&#13;<br \/>\n&#13;<br \/>\n&#13;<br \/>\n&#13;<br \/>\n&#13;<br \/>\n&#13;<br \/>\n&#13;<br \/>\n&#13;<br \/>\n&#13;<br \/>\n&#13;<br \/>\n&#13;<br \/>\n&#13;<br \/>\n&#13;<br \/>\n&#13;<br \/>\n&#13;<br \/>\n&#13;<br \/>\n&#13;<br \/>\n&#13;<br \/>\n&#13;<br \/>\n&#13;<br \/>\n&#13;<br \/>\n&#13;<br \/>\n&#13;<br \/>\n&#13;<br \/>\n&#13;<br \/>\n&#13;<br \/>\n&#13;<br \/>\n&#13;<br \/>\n&#13;<br \/>\n&#13;<br \/>\n&#13;<br \/>\n&#13;<br \/>\n&#13;<br \/>\n&#13;<br \/>\n&#13;<br \/>\n&#13;<br \/>\n&#13;<br \/>\n&#13;<br \/>\n&#13;<br \/>\n&#13;<br \/>\n&#13;<br \/>\n&#13;<br \/>\n&#13;<br \/>\n&#13;<br \/>\n&#13;<br \/>\n&#13;<br \/>\n&#13;<br \/>\n&#13;\n<\/p>\n<p class=\"chapter-paragraph\">\u00abSi tende a dividere la malattia di Parkinson &#8211; precisa Pezzoli &#8211; come malattia alta che ha un\u2019aggressione craniale, magari dal naso dagli occhi, dalla gola o come malattia distale, che ha un\u2019aggressione dall\u2019intestino. La malattia che nasce dal cranio porta a una riduzione dell\u2019olfatto, quella che incomincia dall\u2019intestino porta maggiormente a una stipsi e a una riduzione della pressione del sangue quando il paziente \u00e8 in piedi e<b> a un aumento della pressione del sangue quando il paziente \u00e8 sdraiato<\/b>\u00bb spiega Gianni Pezzoli.<\/p>\n<p>    Perdita del senso dell&#8217;olfatto<\/p>\n<p class=\"chapter-paragraph\">Anni prima della manifestazione di sintomi motori pu\u00f2 verificarsi una <b>forte riduzione dell\u2019olfatto<\/b> e pu\u00f2 risultare difficile avvertire il profumo di un mazzo di fiori o quello di una pietanza appena cucinata. Circa il <b>25-30% dei pazienti <\/b>presenta una<b> perdita dell\u2019olfatto prima dell\u2019esordio della malattia <\/b>mentre questo deficit interessa il <b>50% dei pazienti con diagnosi<\/b>. La disfunzione olfattiva permane nel tempo e non sembra variare con la terapia farmacologica. Non \u00e8 naturalmente sufficiente manifestare deficit nel gusto e nell\u2019olfatto per trarre conclusioni: questo \u00e8 uno dei possibili sintomi premonitori, ma oggi \u00e8 anche una conseguenza della malattia del Covid-19.<\/p>\n<p>    Disturbi del sonno<\/p>\n<p class=\"chapter-paragraph\">Uno dei possibili segnali precoci della malattia \u00e8 il <b>REM Behavior Disorder (RBD)<\/b>, una parasonnia REM caratterizzata da movimenti bruschi e grida durante il sonno REM. Chi ne soffre, durante il sonno REM , invece di essere atonico, gesticola, si muove, parla, urla, tira calci e pugni e i sogni risultano spesso vividi e angoscianti. \u00abPu\u00f2 essere letto in modo sospetto il fatto che questo disturbo del sonno compaia all\u2019improvviso\u00bb avverte Pezzoli. <b>Circa il 40% delle persone con RBD pu\u00f2 sviluppare il Parkinson<\/b>, addirittura ad anni di distanza dal manifestarsi dei primi sintomi. Circa il 70% di chi ha avuto una diagnosi di Parkinson soffre di disturbi del sonno.<\/p>\n<p>    Disturbi urinari<\/p>\n<p class=\"chapter-paragraph\">Un sintomo preliminare \u00e8 rappresentato dalla <b>necessit\u00e0 di urinare durante la notte<\/b>. Naturalmente , per gli uomini, con l\u2019et\u00e0 possono subentrare problematiche legate alla prostata quindi non deve scattare subito l\u2019allerta. \u00abTuttavia il paziente in fase preliminare del Parkinson che sviluppa un aumento della pressione sanguigna durante la notte si alzer\u00e0 spesso ad urinare in abbondanza perch\u00e9 il rene lavora moltissimo\u00bb spiega Pezzoli.<\/p>\n<p>    Problemi intestinali<\/p>\n<p class=\"chapter-paragraph\">La <b>stipsi<\/b> pu\u00f2 essere uno dei sintomi precoci della malattia. Anche chi non ha mai sofferto di stitichezza potrebbe cominciare ad avere l\u2019intestino pigro e ad avvertire gonfiore intestinale. La stipsi legata al Parkinson spesso \u00e8 accompagnata a una sensazione di pienezza anche se si \u00e8 consumato un pasto leggero. Anche in questo caso niente allarmismi: la costipazione \u00e8 un disturbo molto comune che pu\u00f2 avere svariate cause. \u00abChi soffre di stipsi dovrebbe bere pi\u00f9 acqua, consumare pi\u00f9 fibre con frutta e verdura e muoversi in base alle proprie possibilit\u00e0 ed et\u00e0 &#8211; suggerisce il neurologo &#8211; ma chi si trova in una fase di esordio del Parkinson pu\u00f2 improvvisamente accusare questo disturbo e pi\u00f9 difficilmente risolver\u00e0 il problema\u00bb.<\/p>\n<p>    Difficolt\u00e0 nella scrittura<\/p>\n<p class=\"chapter-paragraph\">Il rallentamento e la perdita di movimenti spontanei e di routine (bradicinesia) \u00e8 uno dei sintomi principali del Parkinson. Pu\u00f2 cominciare a essere<b> difficile scrivere<\/b> e la <b>scrittura si altera fino a diventare sempre pi\u00f9 piccola e illeggibile<\/b>. I caratteri, inizialmente di normali dimensioni, si contraggono e si rimpiccioliscono verso la fine di una parola o di una riga (micrografia). \u00ab<b>La malattia viene diagnosticata 18 mesi dopo l\u2019esordio se il paziente sviluppa il Parkinson nella parte sinistra del corpo <\/b>e sei mesi dopo l\u2019esordio se il paziente sviluppa il Parkinson prima nella parte destra, naturalmente parlando di destrimani. Infatti, se la malattia \u00e8 a sinistra l\u2019impaccio motorio \u00e8 scarsamente rilevato perch\u00e9 la mano sinistra viene utilizzata di meno\u00bb precisa Pezzoli.<\/p>\n<p>    Movimento delle braccia ridotto<\/p>\n<p class=\"chapter-paragraph\">Un<b>\u2019accentuata difficolt\u00e0 nel movimento del braccio quando si cammina <\/b>pu\u00f2 essere un campanello d\u2019allarme. Pu\u00f2 succedere che non si riesca pi\u00f9 ad estendere il braccio giocando a tennis o a prendere un libro che si trova sullo scaffale alto della libreria. A differenza dell\u2019artrite o altre lesioni, dal momento che non sono coinvolte le articolazioni, non si manifesta alcun dolore. Durante una camminata \u00e8 tipico notare che un braccio oscilla meno di un altro: il Parkinson infatti esordisce quasi sempre in modo asimmetrico coinvolgendo prima una parte del corpo e poi l\u2019altra.<\/p>\n<p>    Difficolt\u00e0 nel pronunciare le parole<\/p>\n<p class=\"chapter-paragraph\">Altro campanello d\u2019allarme pu\u00f2 essere una <b>voce che diventa flebile <\/b>, spesso monotona, con difficolt\u00e0 nel pronunciare le parole e talvolta ad aprire la bocca. Chi ascolta si trova spesso a dover chiedere di alzare il tono perch\u00e9 non sente.<\/p>\n<p>    Problemi di deglutizione<\/p>\n<p class=\"chapter-paragraph\">La deglutizione \u00e8 un procedimento complesso che implica l\u2019attivazione di circa 28 muscoli in 10-11 secondi, in una rigida sequenza temporale. Capita che, nelle fasi iniziali di malattia, un pezzo di pane, un sorso di succo di frutta, un po\u2019 di formaggio o una foglia di insalata <b>vadano di traverso<\/b> (disfagia). Inoltre, proprio a causa di una ridotta deglutizione, <b>la saliva pu\u00f2 accumularsi in bocca.<\/b><\/p>\n<p>    Rigidit\u00e0 nell\u2019espressione facciale<\/p>\n<p class=\"chapter-paragraph\">A causa della perdita di dopamina, i <b>muscoli facciali possono diventare rigidi<\/b>, portando nelle fasi pi\u00f9 avanzate alla<b> mancanza di espressione<\/b>. \u00abLa lentezza nel sorridere, gli occhi sbarrati e scarsamente ammiccanti, il tipico \u201cviso di cera\u201d sono segnali importanti nella fase iniziale della malattia che per\u00f2 scompaiono con il trattamento\u00bb dice Pezzoli.<\/p>\n<p>    Depressione<\/p>\n<p class=\"chapter-paragraph\">La <b>depressione<\/b> potrebbe manifestarsi molto prima della comparsa dei sintomi motori anche in chi non l\u2019aveva mai sperimentata prima. Umore triste, affaticamento, cambiamenti nell\u2019appetito, apatia sonio i segnali pi\u00f9 frequenti. Anche l\u2019esecuzione di determinate attivit\u00e0 pu\u00f2 subire un rallentamento. Uno dei segnali del declino \u00e8 l\u2019incapacit\u00e0 di svolgere pi\u00f9 azioni insieme (multitasking) diversamente da come avveniva prima.<\/p>\n<p><img decoding=\"async\" src=\"https:\/\/images2.corriereobjects.it\/images\/salute\/logo-medico-risponde.svg?v=2\" alt=\"ilMedicoRisponde\"\/><\/p>\n<p class=\"bck-box-paragraph\">Il servizio esclusivo del Corriere della Sera con medici e specialisti d&#8217;eccellenza che rispondono gratuitamente ai quesiti sulla tua salute<\/p>\n<p><img decoding=\"async\" src=\"https:\/\/www.europesays.com\/it\/wp-content\/uploads\/2026\/03\/medico-risponde.png\" alt=\"ilMedicoRisponde\"\/><\/p>\n<p class=\"is-last-update\" datetime=\"2026-08-31T07:02:40+02:00\">31 agosto 2026<\/p>\n<p class=\"is-copyright\">\n            \u00a9 RIPRODUZIONE RISERVATA\n        <\/p>\n","protected":false},"excerpt":{"rendered":"di Cristina Marrone Il Parkinson \u00e8 una malattia neurodegenerativa ad evoluzione lenta, ma progressiva, che coinvolge funzioni quali&hellip;\n","protected":false},"author":3,"featured_media":657564,"comment_status":"","ping_status":"","sticky":false,"template":"","format":"standard","meta":{"footnotes":"","_share_on_mastodon":"0"},"categories":[175],"tags":[4593,2271,1495,737,219736,72724,21490,588,20655,78841,1048,6682,136698,3591,16934,233808,2144,3635,6927,5376,362849,362850,20533,72407,23177,111842,11125,362851,362852,2604,2152,313,41527,36942,11405,362853,239,55090,1537,90,89,370,56532,47156,4628,18984,2783,10267,39602,103049,131337,4476,1890,51982,2954,362847,362854,4979,6224,362855,362856,10225,9891,246202,98,3522,59134,10360,76896,16559,240,11753,315,373,362848,111537,1718,362846,3619,3249],"class_list":["post-657563","post","type-post","status-publish","format-standard","has-post-thumbnail","category-salute","tag-aggressione","tag-allarme","tag-altre","tag-aumento","tag-aumento-pressione","tag-avvertire","tag-bocca","tag-braccio","tag-campanello","tag-campanello-allarme","tag-causa","tag-cominciare","tag-compaiono","tag-corpo","tag-deficit","tag-deglutizione","tag-depressione","tag-diagnosi","tag-difficile","tag-difficolta","tag-difficolta-pronunciare","tag-difficolta-pronunciare-parole","tag-disturbi","tag-disturbi-sonno","tag-disturbo","tag-dopamina","tag-esordio","tag-esordio-paziente","tag-esordio-paziente-sviluppa","tag-espressione","tag-eta","tag-fase","tag-fasi","tag-frutta","tag-gianni","tag-gianni-pezzoli","tag-health","tag-intestino","tag-it","tag-italia","tag-italy","tag-malattia","tag-malattia-neurodegenerativa","tag-manifestarsi","tag-motori","tag-movimenti","tag-movimento","tag-muscoli","tag-naturalmente","tag-neurodegenerativa","tag-neurologo","tag-notte","tag-occhi","tag-olfatto","tag-parkinson","tag-parkinson-malattia","tag-parkinson-malattia-neurodegenerativa","tag-parole","tag-paziente","tag-paziente-sviluppa","tag-paziente-sviluppa-parkinson","tag-pazienti","tag-perdita","tag-pezzoli","tag-porta","tag-possono","tag-precoci","tag-pressione","tag-rem","tag-riduzione","tag-salute","tag-segnali","tag-sinistra","tag-sintomi","tag-sintomi-precoci","tag-soffre","tag-sonno","tag-stipsi","tag-sviluppa","tag-trova"],"share_on_mastodon":{"url":"","error":"Validation failed: Text character limit of 500 exceeded"},"_links":{"self":[{"href":"https:\/\/www.europesays.com\/it\/wp-json\/wp\/v2\/posts\/657563","targetHints":{"allow":["GET"]}}],"collection":[{"href":"https:\/\/www.europesays.com\/it\/wp-json\/wp\/v2\/posts"}],"about":[{"href":"https:\/\/www.europesays.com\/it\/wp-json\/wp\/v2\/types\/post"}],"author":[{"embeddable":true,"href":"https:\/\/www.europesays.com\/it\/wp-json\/wp\/v2\/users\/3"}],"replies":[{"embeddable":true,"href":"https:\/\/www.europesays.com\/it\/wp-json\/wp\/v2\/comments?post=657563"}],"version-history":[{"count":0,"href":"https:\/\/www.europesays.com\/it\/wp-json\/wp\/v2\/posts\/657563\/revisions"}],"wp:featuredmedia":[{"embeddable":true,"href":"https:\/\/www.europesays.com\/it\/wp-json\/wp\/v2\/media\/657564"}],"wp:attachment":[{"href":"https:\/\/www.europesays.com\/it\/wp-json\/wp\/v2\/media?parent=657563"}],"wp:term":[{"taxonomy":"category","embeddable":true,"href":"https:\/\/www.europesays.com\/it\/wp-json\/wp\/v2\/categories?post=657563"},{"taxonomy":"post_tag","embeddable":true,"href":"https:\/\/www.europesays.com\/it\/wp-json\/wp\/v2\/tags?post=657563"}],"curies":[{"name":"wp","href":"https:\/\/api.w.org\/{rel}","templated":true}]}}