{"id":657600,"date":"2026-08-31T06:37:15","date_gmt":"2026-08-31T06:37:15","guid":{"rendered":"https:\/\/www.europesays.com\/it\/657600\/"},"modified":"2026-08-31T06:37:15","modified_gmt":"2026-08-31T06:37:15","slug":"guerra-iran-usa-lavvertimento-degli-alti-ufficiali-americani-conflitto-ci-indebolisce","status":"publish","type":"post","link":"https:\/\/www.europesays.com\/it\/657600\/","title":{"rendered":"Guerra Iran-Usa, l&#8217;avvertimento degli alti ufficiali americani: \u201cConflitto ci indebolisce&#8217;"},"content":{"rendered":"<p>Lo Sdob, redatto due volte al mese, elenca la disponibilit\u00e0 mondiale di navi da guerra, aerei, personale e sistemi d&#8217;arma statunitensi. Riflette le priorit\u00e0 del presidente per la forza, implementate dal segretario alla Difesa, e include approfondimenti dei pi\u00f9 importanti generali e ammiragli delle forze armate. Nel documento di met\u00e0 agosto si indica che alcune truppe dispiegate in Medio Oriente resteranno fino a settembre e altre nel 2027, nell&#8217;ottica di <b>un proseguimento del conflitto.<\/b> Ma, secondo quanto riferito dalle fonti del Washington Post, la prospettiva di estendere ulteriormente l&#8217;impiego di quelle forze ha costretto i leader militari a esprimere la loro <b>preoccupazione.<\/b><\/p>\n<p>\u00a0<\/p>\n<p><b>Per approfondire:<\/b>\u00a0<a data-intcmp=\"skytg24_schede_interlink_text\" href=\"https:\/\/tg24.sky.it\/mondo\/2026\/08\/28\/guerra-iran-usa-trump-news-diretta\" target=\"_blank\" rel=\"nofollow noopener\">Guerra Iran USA, Teheran: &#8220;Abbiamo armi nuove, le sveleremo in battaglia&#8221;<\/a><\/p>\n","protected":false},"excerpt":{"rendered":"Lo Sdob, redatto due volte al mese, elenca la disponibilit\u00e0 mondiale di navi da guerra, aerei, personale e&hellip;\n","protected":false},"author":3,"featured_media":322087,"comment_status":"","ping_status":"","sticky":false,"template":"","format":"standard","meta":{"footnotes":"","_share_on_mastodon":"0"},"categories":[160],"tags":[14,164,165,369,77,764,166,7,15,11,167,12,168,410,161,162,163],"class_list":["post-657600","post","type-post","status-publish","format-standard","has-post-thumbnail","category-mondo","tag-cronaca","tag-dal-mondo","tag-dalmondo","tag-digitall","tag-guerra","tag-iran","tag-mondo","tag-news","tag-notizie","tag-ultime-notizie","tag-ultime-notizie-di-mondo","tag-ultimenotizie","tag-ultimenotiziedimondo","tag-usa","tag-world","tag-world-news","tag-worldnews"],"share_on_mastodon":{"url":"https:\/\/pubeurope.com\/@it\/117188745311479987","error":""},"_links":{"self":[{"href":"https:\/\/www.europesays.com\/it\/wp-json\/wp\/v2\/posts\/657600","targetHints":{"allow":["GET"]}}],"collection":[{"href":"https:\/\/www.europesays.com\/it\/wp-json\/wp\/v2\/posts"}],"about":[{"href":"https:\/\/www.europesays.com\/it\/wp-json\/wp\/v2\/types\/post"}],"author":[{"embeddable":true,"href":"https:\/\/www.europesays.com\/it\/wp-json\/wp\/v2\/users\/3"}],"replies":[{"embeddable":true,"href":"https:\/\/www.europesays.com\/it\/wp-json\/wp\/v2\/comments?post=657600"}],"version-history":[{"count":0,"href":"https:\/\/www.europesays.com\/it\/wp-json\/wp\/v2\/posts\/657600\/revisions"}],"wp:featuredmedia":[{"embeddable":true,"href":"https:\/\/www.europesays.com\/it\/wp-json\/wp\/v2\/media\/322087"}],"wp:attachment":[{"href":"https:\/\/www.europesays.com\/it\/wp-json\/wp\/v2\/media?parent=657600"}],"wp:term":[{"taxonomy":"category","embeddable":true,"href":"https:\/\/www.europesays.com\/it\/wp-json\/wp\/v2\/categories?post=657600"},{"taxonomy":"post_tag","embeddable":true,"href":"https:\/\/www.europesays.com\/it\/wp-json\/wp\/v2\/tags?post=657600"}],"curies":[{"name":"wp","href":"https:\/\/api.w.org\/{rel}","templated":true}]}}