{"id":657646,"date":"2026-08-31T07:26:17","date_gmt":"2026-08-31T07:26:17","guid":{"rendered":"https:\/\/www.europesays.com\/it\/657646\/"},"modified":"2026-08-31T07:26:17","modified_gmt":"2026-08-31T07:26:17","slug":"inter-irresistibile-ma-ha-un-difetto-che-non-riesce-a-togliersi-napoli-gia-spalle-al-muro-niente-idee-e-difesa-da-incubo","status":"publish","type":"post","link":"https:\/\/www.europesays.com\/it\/657646\/","title":{"rendered":"Inter irresistibile, ma ha un difetto che non riesce a togliersi. Napoli gi\u00e0 spalle al muro: niente idee e difesa da incubo"},"content":{"rendered":"<p>    di<br \/>\n    Alessandro Bocci<\/p>\n<p class=\"summary-art is-line-h-12\">I campioni d&#8217;Italia affronteranno a stretto giro prima il Napoli e poi il Real Madrid. Il Como si dimostra pi\u00f9 forte degli azzurri. Fiorentina ultima con un mercato da 100 milioni: Paratici rifletta<\/p>\n<p class=\"chapter-paragraph\">Chivu arriva al primo snodo della stagione come avrebbe desiderato: due vittorie e 6 punti. Nel primo tempo l\u2019Inter \u00e8 irresistibile, pronta per i prossimi due appuntamenti che misureranno la febbre ai nerazzurri: Napoli e Real Madrid uno dietro l\u2019altro. <a href=\"https:\/\/www.corriere.it\/sport\/calcio\/cards\/pagelle-cagliari-inter\/la-partita_principale.shtml\" title=\"Pagelle Cagliari-Inter 0-1: Barella (7) ubiquo, Calhanoglu (7) pi\u00f9 di una certezza, Romano (6,5) prova di grande generosit\u00e0\" rel=\"nofollow noopener\" target=\"_blank\">Calhanoglu<\/a> segna con un colpo da biliardo il secondo gol consecutivo e fossimo nei panni di Marotta e Ausilio, seduti in tribuna uno a fianco dell\u2019altro alla Domus Arena, ci affretteremmo a allungare il contratto in scadenza del regista turco. Ma non c\u2019\u00e8 solo lui: l\u2019intensit\u00e0 di Barella, i movimenti chirurgici di Lautaro, le rotazioni dei centrocampisti.\u00a0<\/p>\n<p class=\"chapter-paragraph\">Manca per\u00f2 un po\u2019 di sano e vecchio cinismo negli ultimi 20 metri, un difetto che i campioni d\u2019Italia non riescono a togliersi di dosso e ogni tanto torna fuori. E siccome le partite non hanno mai una sola faccia, a lungo andare il dominio diventa sofferenza. L\u2019Inter rischia di buttarsi via per imprecisione e superficialit\u00e0 e in partite di livello superiore non se lo potr\u00e0 permettere. <a href=\"https:\/\/www.corriere.it\/sport\/calcio\/serie-a\/26_agosto_30\/napoli-como-risultato-4d29e93b-9000-4e47-86a1-746396dcexlk.shtml\" title=\"Napoli-Como 1-2, gol di Baturina e Douvikas. Fabregas fa lo sgambetto ad Allegri\" rel=\"nofollow noopener\" target=\"_blank\">Napoli-Como<\/a> \u00e8 il primo scontro diretto tra quelle che giocano le Coppe europee e regala un\u2019indicazione precisa: la squadra di Fabregas \u00e8 pi\u00f9 forte, matura e convinta della scorsa gi\u00e0 straordinaria stagione. E con l\u2019arrivo di Kean (anche se Douvikas \u00e8 stato straordinario) crescer\u00e0 ancora. <b>Il Napoli,<\/b> e siamo solo alla seconda giornata, <b>\u00e8 gi\u00e0 con le spalle al muro<\/b>: se dovesse perdere sabato a San Siro contro Chivu finirebbe a 6 punti dalla vetta e perderebbe il ruolo di anti-Inter.\u00a0    &#13;<br \/>\n&#13;<br \/>\n&#13;<br \/>\n&#13;<br \/>\n&#13;<br \/>\n&#13;<br \/>\n&#13;<br \/>\n&#13;<br \/>\n&#13;<br \/>\n&#13;<br \/>\n&#13;<br \/>\n&#13;<br \/>\n&#13;<br \/>\n&#13;<br \/>\n&#13;<br \/>\n&#13;<br \/>\n&#13;<br \/>\n&#13;<br \/>\n&#13;<br \/>\n&#13;<br \/>\n&#13;<br \/>\n&#13;<br \/>\n&#13;<br \/>\n&#13;<br \/>\n&#13;<br \/>\n&#13;<br \/>\n&#13;<br \/>\n&#13;<br \/>\n&#13;<br \/>\n&#13;<br \/>\n&#13;<br \/>\n&#13;<br \/>\n&#13;<br \/>\n&#13;<br \/>\n&#13;<br \/>\n&#13;<br \/>\n&#13;<br \/>\n&#13;<br \/>\n&#13;<br \/>\n&#13;<br \/>\n&#13;<br \/>\n&#13;<br \/>\n&#13;<br \/>\n&#13;<br \/>\n&#13;<br \/>\n&#13;<br \/>\n&#13;<br \/>\n&#13;<br \/>\n&#13;<br \/>\n&#13;<br \/>\n&#13;<br \/>\n&#13;<br \/>\n&#13;\n<\/p>\n<p class=\"chapter-paragraph\"><b>Allegri cede per la prima volta a Fabregas<\/b>, un confronto generazionale e filosofico, ma non \u00e8 questo che deve far riflettere Max. Il suo Napoli \u00e8 a corto di idee, di ritmo e con una difesa da brividi: forzare la costruzione dal basso, come in occasione del raddoppio comasco, \u00e8 un suicidio. E nella fase offensiva manca qualit\u00e0 che gli azzurri trovano solo quando entra De Bruyne. Pensierino finale: la Lazio, con un altro gol di Frattesi e un mercato a risparmio, \u00e8 a punteggio pieno. La Fiorentina, dopo aver speso oltre cento milioni, \u00e8 disperatamente ultima. Paratici rifletta.<\/p>\n<p class=\"is-last-update\" datetime=\"2026-08-31T07:11:06+02:00\">31 agosto 2026 ( modifica il 31 agosto 2026 | 07:11)<\/p>\n<p class=\"is-copyright\">\n            \u00a9 RIPRODUZIONE RISERVATA\n        <\/p>\n","protected":false},"excerpt":{"rendered":"di Alessandro Bocci I campioni d&#8217;Italia affronteranno a stretto giro prima il Napoli e poi il Real Madrid.&hellip;\n","protected":false},"author":3,"featured_media":657647,"comment_status":"","ping_status":"","sticky":false,"template":"","format":"standard","meta":{"footnotes":"","_share_on_mastodon":"0"},"categories":[176],"tags":[4700,2037,53430,2839,3705,767,31021,4975,2263,3440,1976,6108,350,362914,172035,1537,90,89,5382,4964,1412,4092,248,362915,362916,61850,362917,245,244],"class_list":["post-657646","post","type-post","status-publish","format-standard","has-post-thumbnail","category-sport","tag-azzurri","tag-campioni","tag-campioni-italia","tag-chivu","tag-como","tag-difesa","tag-difetto","tag-fabregas","tag-fiorentina","tag-forte","tag-gol","tag-idee","tag-inter","tag-inter-irresistibile","tag-irresistibile","tag-it","tag-italia","tag-italy","tag-madrid","tag-manca","tag-mercato","tag-muro","tag-napoli","tag-napoli-real","tag-napoli-real-madrid","tag-paratici","tag-paratici-rifletta","tag-sport","tag-sports"],"share_on_mastodon":{"url":"https:\/\/pubeurope.com\/@it\/117188938146560351","error":""},"_links":{"self":[{"href":"https:\/\/www.europesays.com\/it\/wp-json\/wp\/v2\/posts\/657646","targetHints":{"allow":["GET"]}}],"collection":[{"href":"https:\/\/www.europesays.com\/it\/wp-json\/wp\/v2\/posts"}],"about":[{"href":"https:\/\/www.europesays.com\/it\/wp-json\/wp\/v2\/types\/post"}],"author":[{"embeddable":true,"href":"https:\/\/www.europesays.com\/it\/wp-json\/wp\/v2\/users\/3"}],"replies":[{"embeddable":true,"href":"https:\/\/www.europesays.com\/it\/wp-json\/wp\/v2\/comments?post=657646"}],"version-history":[{"count":0,"href":"https:\/\/www.europesays.com\/it\/wp-json\/wp\/v2\/posts\/657646\/revisions"}],"wp:featuredmedia":[{"embeddable":true,"href":"https:\/\/www.europesays.com\/it\/wp-json\/wp\/v2\/media\/657647"}],"wp:attachment":[{"href":"https:\/\/www.europesays.com\/it\/wp-json\/wp\/v2\/media?parent=657646"}],"wp:term":[{"taxonomy":"category","embeddable":true,"href":"https:\/\/www.europesays.com\/it\/wp-json\/wp\/v2\/categories?post=657646"},{"taxonomy":"post_tag","embeddable":true,"href":"https:\/\/www.europesays.com\/it\/wp-json\/wp\/v2\/tags?post=657646"}],"curies":[{"name":"wp","href":"https:\/\/api.w.org\/{rel}","templated":true}]}}