{"id":657675,"date":"2026-08-31T07:51:17","date_gmt":"2026-08-31T07:51:17","guid":{"rendered":"https:\/\/www.europesays.com\/it\/657675\/"},"modified":"2026-08-31T07:51:17","modified_gmt":"2026-08-31T07:51:17","slug":"notte-prima-degli-esami-3-0-stasera-in-prima-tv-su-sky-cinema","status":"publish","type":"post","link":"https:\/\/www.europesays.com\/it\/657675\/","title":{"rendered":"Notte prima degli esami 3.0, stasera in prima tv su Sky Cinema"},"content":{"rendered":"<p>Vent&#8217;anni dopo il film che ha conquistato un&#8217;intera generazione, torna una delle notti pi\u00f9 importanti della vita di ogni studente. Arriva su <strong>Sky Cinema<\/strong> in prima TV <strong>NOTTE PRIMA DEGLI ESAMI 3.0<\/strong>, il nuovo capitolo della saga con Sabrina Ferilli e Tommaso Cassissa, che esordir\u00e0 <strong>luned\u00ec 31<\/strong> <strong>agosto<\/strong> alle 21:15 su<strong> Sky Cinema Uno<\/strong>, in streaming su <a href=\"https:\/\/www.nowtv.it\/\" title=\"https:\/\/www.nowtv.it\/\" rel=\"nofollow noopener\" target=\"_blank\"><strong>NOW<\/strong><\/a><strong> <\/strong>e disponibile on demand. Su Sky il film sar\u00e0 disponibile on demand <strong>anche in 4K<\/strong>.<\/p>\n<p>Liberamente ispirato all&#8217;iconica canzone di <strong>Antonello Venditti<\/strong>, diretto da <strong>Tommaso Renzoni<\/strong> e scritto da <strong>Fausto Brizzi<\/strong> insieme a Renzoni stesso, NOTTE PRIMA DEGLI ESAMI 3.0 riporta il pubblico tra i banchi di scuola con una storia tutta nuova, capace di raccontare sogni, paure e contraddizioni della Generazione Z.<\/p>\n<p>\t\t \tun cast ricco di interpreti\u00a0<\/p>\n<p>Protagonista \u00e8 Giulio, Tommaso Cassissa &#8211; premiato con il Nastro d&#8217;Argento \u2013 NUOVO IMAIE &#8211; alle prese con gli ultimi giorni prima dell&#8217;esame di maturit\u00e0 insieme ai suoi amici e con la severa professoressa Castelli, interpretata da un\u2019iconica Sabrina Ferilli.<\/p>\n<p>Completano il cast Gian Marco Tognazzi, Adriano Moretti, vincitore a pari merito del Nastro d&#8217;Argento \u2013 NUOVO IMAIE, Alice Lupparelli, Alice Maselli, Ditonellapiaga, Aleandro Falciglia, Bea Barret, Christian Dei e Antonello Venditti nel ruolo di s\u00e9 stesso.<\/p>\n<p>Tra amicizie, primi amori, identit\u00e0 digitali e il rapporto sempre pi\u00f9 complesso con la tecnologia, il film racconta il momento in cui l&#8217;adolescenza lascia spazio all&#8217;et\u00e0 adulta con uno sguardo contemporaneo che alterna ironia ed emozione. Una commedia generazionale che rinnova lo spirito del film originale, restituendo il ritratto di ragazzi alle prese con paure nuove ma con lo stesso desiderio di trovare il proprio posto nel mondo.<\/p>\n<p>SINOSSI<\/p>\n<p>Alla vigilia della maturit\u00e0, un gruppo di liceali romani si ritrova a vivere la sua ultima grande avventura insieme: amori segreti, tradimenti, amicizie messe alla prova e piani disperati per ingannare la prof pi\u00f9 temuta della scuola. Tra feste clandestine, motorini che sfrecciano nella notte e un viaggio improvvisato fino a Macerata, Giulio e i suoi amici dovranno affrontare il passaggio all\u2019et\u00e0 adulta scoprendo che crescere significa anche sbagliare, perdonare e avere il coraggio di dire finalmente la verit\u00e0.<\/p>\n<p>\u00a0<\/p>\n<p>\u00a0<\/p>\n<p><strong>NOTTE PRIMA DEGLI ESAMI 3.0<\/strong>| luned\u00ec 31 agosto alle 21:15 su Sky Cinema Uno e in streaming su NOW. Su Sky il film sar\u00e0 disponibile on demand anche in 4K per i clienti Sky Q via satellite o Sky Glass con pacchetto Sky Cinema e con servizio opzionale Sky HD 4K\/Sky Ultra HD attivo. E grazie a Sky Extra (il programma loyalty di Sky), per i clienti Sky da pi\u00f9 di 3 anni il film sar\u00e0 disponibile in anteprima on demand con Primissime.<\/p>\n<p>\u00a0<\/p>\n<p>\t\t\t<a class=\"c-inline-card j-inline-card c-inline-card--with-image\" href=\"https:\/\/tg24.sky.it\/spettacolo\/cinema\/2026\/03\/19\/notte-prima-degli-esami-3-0-recensione\" rel=\"follow nofollow noopener\" data-intcmp=\"skytg24_articolo_approfondimenti_inline\" target=\"_blank\"><\/p>\n<p>\t\t\t         <img decoding=\"async\" crossorigin=\"anonymous\" alt=\"\"  loading=\"lazy\"  src=\"https:\/\/www.europesays.com\/it\/wp-content\/uploads\/2026\/08\/notte-prima-degli-esami-3-cast-festa-film..jpg\"\/><\/p>\n<p>\n\t\t\t         Approfondimento<br \/>\n\t\t\t         Notte prima degli esami 3.0, recensione: il film tra Gen Z e nostalgia\n\t\t\t      <\/p>\n<p>\t\t\t<\/a><\/p>\n","protected":false},"excerpt":{"rendered":"Vent&#8217;anni dopo il film che ha conquistato un&#8217;intera generazione, torna una delle notti pi\u00f9 importanti della vita di&hellip;\n","protected":false},"author":3,"featured_media":657676,"comment_status":"","ping_status":"","sticky":false,"template":"","format":"standard","meta":{"footnotes":"","_share_on_mastodon":"0"},"categories":[1444],"tags":[203,204,1537,90,89,3998,6242,84787,24536,253],"class_list":["post-657675","post","type-post","status-publish","format-standard","has-post-thumbnail","category-tv","tag-entertainment","tag-intrattenimento","tag-it","tag-italia","tag-italy","tag-maturita","tag-now","tag-sabrina-ferilli","tag-sky-cinema","tag-tv"],"share_on_mastodon":{"url":"https:\/\/pubeurope.com\/@it\/117189037425177232","error":""},"_links":{"self":[{"href":"https:\/\/www.europesays.com\/it\/wp-json\/wp\/v2\/posts\/657675","targetHints":{"allow":["GET"]}}],"collection":[{"href":"https:\/\/www.europesays.com\/it\/wp-json\/wp\/v2\/posts"}],"about":[{"href":"https:\/\/www.europesays.com\/it\/wp-json\/wp\/v2\/types\/post"}],"author":[{"embeddable":true,"href":"https:\/\/www.europesays.com\/it\/wp-json\/wp\/v2\/users\/3"}],"replies":[{"embeddable":true,"href":"https:\/\/www.europesays.com\/it\/wp-json\/wp\/v2\/comments?post=657675"}],"version-history":[{"count":0,"href":"https:\/\/www.europesays.com\/it\/wp-json\/wp\/v2\/posts\/657675\/revisions"}],"wp:featuredmedia":[{"embeddable":true,"href":"https:\/\/www.europesays.com\/it\/wp-json\/wp\/v2\/media\/657676"}],"wp:attachment":[{"href":"https:\/\/www.europesays.com\/it\/wp-json\/wp\/v2\/media?parent=657675"}],"wp:term":[{"taxonomy":"category","embeddable":true,"href":"https:\/\/www.europesays.com\/it\/wp-json\/wp\/v2\/categories?post=657675"},{"taxonomy":"post_tag","embeddable":true,"href":"https:\/\/www.europesays.com\/it\/wp-json\/wp\/v2\/tags?post=657675"}],"curies":[{"name":"wp","href":"https:\/\/api.w.org\/{rel}","templated":true}]}}