{"id":657680,"date":"2026-08-31T07:55:13","date_gmt":"2026-08-31T07:55:13","guid":{"rendered":"https:\/\/www.europesays.com\/it\/657680\/"},"modified":"2026-08-31T07:55:13","modified_gmt":"2026-08-31T07:55:13","slug":"doomscrolling-fomo-e-nomofobia-quando-lo-smartphone-smette-di-essere-uno-strumento-e-comincia-a-comandare","status":"publish","type":"post","link":"https:\/\/www.europesays.com\/it\/657680\/","title":{"rendered":"Doomscrolling, FOMO e nomofobia: quando lo smartphone smette di essere uno strumento e comincia a comandare"},"content":{"rendered":"<p><strong>\u00abGuardo soltanto un messaggio\u00bb<\/strong>. Poi Instagram. Una notifica. Un video. Una notizia. Un\u2019altra ancora. Quando rialziamo lo sguardo, sono passati quaranta minuti. Lo <strong>smartphone<\/strong> \u00e8 ormai uno degli oggetti pi\u00f9 presenti nelle nostre giornate e, proprio per questo, uno dei pi\u00f9 ardui da mettere da parte.<\/p>\n<p>Non va demonizzato: <strong>social network, videogiochi, messaggistica e accesso istantaneo alle informazioni<\/strong> offrono opportunit\u00e0 straordinarie. Il confine, per\u00f2, cambia quando l\u2019uso diventa difficile da regolare e rosicchia spazio a sonno, studio, lavoro, attivit\u00e0 fisica e relazioni.<\/p>\n<p>Negli ultimi anni sono entrati nel linguaggio comune termini come <strong>doomscrolling, FOMO, nomofobia, phantom vibration<\/strong>. Ma attenzione: non sono tutte diagnosi cliniche. Da qui conviene partire.<\/p>\n<p><strong>Ma attenzione: non sono tutte diagnosi cliniche. <\/strong><\/p>\n<p><strong>La prima diagnosi ufficiale: il gaming disorder<\/strong><\/p>\n<p>Non basta passare molte ore alla console per essere malati. L\u2019<strong>Organizzazione Mondiale della Sanit\u00e0<\/strong> ha incluso nell\u2019ICD-11 il <strong>gaming disorder<\/strong>, il disturbo da gioco digitale. La diagnosi prevede perdita di controllo, crescente priorit\u00e0 attribuita al gioco rispetto ad altre attivit\u00e0 e prosecuzione nonostante conseguenze negative rilevanti, con un impatto concreto e duraturo sulla vita personale, familiare, sociale, scolastica o lavorativa.<\/p>\n<p>La domanda chiave, dunque, non \u00e8 \u00abquanto giochi?\u00bb, ma <strong>\u00abriesci ancora a scegliere quando smettere?\u00bb<\/strong>. \u00c8 una distinzione fondamentale anche quando parliamo di social.<\/p>\n<p><strong>Social, uso problematico e assenza di una diagnosi autonoma<\/strong><\/p>\n<p>La cosiddetta dipendenza da social network, spesso indicata come <strong>problematic social media use<\/strong>, non \u00e8 oggi una diagnosi indipendente nell\u2019ICD-11. Ci\u00f2 non significa che il problema non esista. <strong>Voler ridurre il tempo online e non riuscirci; ritrovarsi a trascorrere molto pi\u00f9 tempo del previsto; controllare compulsivamente le piattaforme; trascurare attivit\u00e0 importanti; irritarsi quando non si pu\u00f2 accedere<\/strong>: sono comportamenti che la ricerca osserva con crescente attenzione.<\/p>\n<p>I dati tra gli adolescenti fanno riflettere: nell\u2019indagine <strong>HBSC<\/strong> dell\u2019OMS Europa, condotta su quasi 280 mila ragazzi di 11, 13 e 15 anni in 44 Paesi e aree, <strong>l\u201911%<\/strong> mostrava segnali di uso problematico dei social (contro il 7% del 2018), con un picco del <strong>13% tra le ragazze<\/strong>.<\/p>\n<p>    <a href=\"https:\/\/www.mondosanita.it\/news\/salute\/108616\/social-e-minori-meta-patteggia-e-paga-fino-a-18-miliardi-oltre-a-limitare-facebook-e-instagram-gli-psichiatri-non-bastano-due-ore-serve-una-stretta-fino-a-15-anni.html?utm_source=VCMS_correlati\" class=\"vc_cont_image\" rel=\"nofollow noopener\" target=\"_blank\"><img decoding=\"async\" class=\"vc_image\" src=\"https:\/\/mondosanita.cdn.m33cloud.com\/resizer\/150\/-1\/true\/2026_08_27\/WhatsApp_Image_2026-08-27_at_12.16.49-1787825889102.jpeg--social_e_minori__meta_patteggia_e_paga_fino_a_18_miliardi_oltre_a_limitare_facebook_e_instagram__gli_psichiatri___non_bastano_due_ore__serve_una_stretta_fino_a_15_anni_.webp?1787825889294\"\/><\/a><\/p>\n<p><strong>FOMO: la paura di perdersi qualcosa\u00a0<\/strong><\/p>\n<p><strong>FOMO<\/strong> significa <strong>Fear Of Missing Out<\/strong>, la \u201cpaura di perdersi qualcosa\u201d. \u00c8 quel pensiero che affiora mentre facciamo altro: \u00abE se mi avessero scritto?\u00bb, \u00abE se fosse successo qualcosa?\u00bb, \u00abE se tutti sapessero gi\u00e0 una cosa che io non so?\u00bb. Cos\u00ec prendiamo in mano il telefono senza una reale necessit\u00e0. Non \u00e8 una diagnosi psichiatrica, ma viene studiata per il suo <strong>legame con l\u2019uso problematico dei social<\/strong> e con i meccanismi con cui regoliamo ansia, noia e altre emozioni spiacevoli.<\/p>\n<p>Il rischio \u00e8 usare il telefono non perch\u00e9 serve, ma perch\u00e9 <strong>restarne senza diventa pi\u00f9 faticoso che controllarlo<\/strong>.<\/p>\n<p><strong>Doomscrolling: quando cerchiamo rassicurazioni e troviamo altro allarme\u00a0<\/strong><\/p>\n<p>Una guerra. Un incidente. Una crisi economica. Un nuovo allarme sanitario. Una catastrofe. Leggiamo la prima notizia per capire, poi la seconda, poi la terza. Il <strong>doomscrolling<\/strong> \u00e8 il <strong>consumo continuo, quasi compulsivo, di contenuti negativi<\/strong>. Il meccanismo \u00e8 paradossale: cerchiamo informazioni per sentirci pi\u00f9 preparati, ma pi\u00f9 materiale allarmante consumiamo, pi\u00f9 possiamo percepire minaccia. E allora cerchiamo ancora. <strong>Pi\u00f9 siamo preoccupati, pi\u00f9 leggiamo; pi\u00f9 leggiamo notizie inquietanti, pi\u00f9 cresce la preoccupazione<\/strong>.<\/p>\n<p>Non \u00e8 una malattia autonoma, ma un comportamento legato a FOMO e difficolt\u00e0 nella gestione delle emozioni.<\/p>\n<p><strong>Nomofobia: quando senza telefono cambia l&#8217;umore<\/strong><\/p>\n<p>La parola viene da \u201cno mobile phone phobia\u201d. Immaginate di arrivare al lavoro e scoprire che il telefono \u00e8 rimasto sul comodino. Per alcuni \u00e8 solo un fastidio; per altri emerge un disagio molto pi\u00f9 intenso, legato alla perdita di connessione, all\u2019impossibilit\u00e0 di controllare messaggi e aggiornamenti o alla sensazione di essere irraggiungibili. \u00c8 ci\u00f2 che viene definito <strong>nomofobia<\/strong>.<\/p>\n<p>Non parliamo di una diagnosi ufficiale autonoma, ma il fenomeno \u00e8 studiato e una ricerca del <strong>2026<\/strong> ha messo in relazione <strong>nomofobia, FOMO, uso problematico dei social e sintomi ansioso-depressivi<\/strong>. Il telefono pu\u00f2 diventare quasi un <strong>oggetto di sicurezza psicologica<\/strong>: quando c\u2019\u00e8, tutto pare sotto controllo; quando manca, ci sentiamo scollegati non solo da Internet, ma dal mondo.<\/p>\n<p>    <a href=\"https:\/\/www.mondosanita.it\/news\/studi-e-ricerca\/108628\/perche-con-leta-alcuni-perdono-memoria-piu-in-fretta-la-risposta-potrebbe-essere-nelle-cellule-che-isolano-il-cervello.html?utm_source=VCMS_correlati\" class=\"vc_cont_image\" rel=\"nofollow noopener\" target=\"_blank\"><img decoding=\"async\" class=\"vc_image\" src=\"https:\/\/mondosanita.cdn.m33cloud.com\/resizer\/150\/-1\/true\/2026_08_27\/memoria-1787838453763.jpg--perche_con_l_eta_alcuni_perdono_memoria_piu_in_fretta__la_risposta_potrebbe_essere_nelle_cellule_che__isolano__il_cervello.webp?1787838454275\"\/><\/a><\/p>\n<p><strong>Phantom vibration: la notifica che non c&#8217;era<\/strong><\/p>\n<p>Capita pi\u00f9 spesso di quanto sembri: avvertiamo una vibrazione in tasca, controlliamo, e non c\u2019\u00e8 nulla. Il fenomeno \u00e8 noto come <strong>phantom vibration syndrome<\/strong>, la \u201cvibrazione fantasma\u201d. Non \u00e8 una malattia, ma un\u2019<strong>illusione percettiva<\/strong>: se il cervello si abitua ad attendere di continuo una notifica, pu\u00f2 interpretare minimi stimoli cutanei o movimenti dei vestiti come la vibrazione del telefono. Non aspettiamo soltanto gli avvisi: in qualche modo il <strong>cervello ha imparato ad anticiparli<\/strong>.<\/p>\n<p><b>Il conto pi\u00f9 salato arriva di notte<\/b><\/p>\n<p>\u00abAncora due video\u00bb. \u00c8 una delle bugie pi\u00f9 innocenti che raccontiamo a noi stessi. Poi quei due video diventano venti minuti, poi quaranta. Il problema non \u00e8 solo il monte ore complessivo: conta moltissimo quando usiamo il dispositivo. <strong>L\u2019impiego di tecnologia e social a ridosso del sonno \u00e8 associato a disturbi del riposo<\/strong>, soprattutto tra gli adolescenti. Uno <strong>studio longitudinale del 2025<\/strong> ha collegato uso problematico dei social a successivi sintomi depressivi e ansiosi, con il <strong>sonno come possibile anello intermedio<\/strong>.<\/p>\n<p>Prudenza: <strong>associazione non equivale a causalit\u00e0<\/strong>. Ma una cosa \u00e8 certa nella pratica: <strong>se continuiamo a scrollare invece di dormire, quelle ore sono davvero perdute<\/strong>.<\/p>\n<p><strong>Non solo la mente, anche il corpo paga<\/strong><\/p>\n<p>Ore ripiegati sullo smartphone significano spesso sedentariet\u00e0: meno passi, meno movimento, occhi costantemente impegnati da vicino, collo inclinato, spalle in tensione. Il termine <strong>tech neck<\/strong> \u00e8 diventato comune per descrivere dolore e rigidit\u00e0 legati alla testa flessa verso il dispositivo. Non \u00e8 una nuova malattia, ma la conseguenza concreta di posture e abitudini. La rivoluzione digitale modifica anche il corpo: non perch\u00e9 lo smartphone sia tossico in s\u00e9, ma perch\u00e9, mentre lo usiamo, sostituiamo movimento, sonno e posture pi\u00f9 variate.<\/p>\n<p><strong>Il cervello non \u00e8 &#8220;rovinato\u201d dallo smartphone<\/strong><\/p>\n<p>\u00c8 necessario frenare i messaggi pi\u00f9 facili da rendere virali. Dire che <strong>smartphone e social ci stanno \u201cdistruggendo il cervello\u201d<\/strong> \u00e8 eccessivo. Il cervello cambia costantemente in risposta all\u2019esperienza: imparare una lingua o suonare uno strumento lo rimodella; anche molte ore con strumenti digitali possono influenzare attenzione, comportamenti e aspettative. Ma non ogni cambiamento equivale a una malattia o a un danno permanente.<\/p>\n<p>La vera questione \u00e8 funzionale: <strong>possiamo governare il comportamento? Oppure il comportamento sta iniziando a governare noi?<\/strong><\/p>\n<p>    <a href=\"https:\/\/www.mondosanita.it\/news\/salute\/108630\/perche-spesso-dimentichiamo-la-trama-di-un-libro-e-normale-o-e-un-problema-di-memoria.html?utm_source=VCMS_correlati\" class=\"vc_cont_image\" rel=\"nofollow noopener\" target=\"_blank\"><img decoding=\"async\" class=\"vc_image\" src=\"https:\/\/mondosanita.cdn.m33cloud.com\/resizer\/150\/-1\/true\/2026_08_27\/ChatGPT_Image_27_ago_2026%2C_16_51_55-1787842328877.jpg--perche_spesso_dimentichiamo_la_trama_di_un_libro__e_normale_o_e_un_problema_di_memoria_.webp?1787842329272\"\/><\/a><\/p>\n<p><strong>Non &#8220;Quante ore&#8221;, ma &#8220;Che cosa stai perdendo?&#8221;<\/strong><\/p>\n<p>Possiamo usare il telefono tre ore per lavorare senza conseguenze. Oppure passarne due in modalit\u00e0 compulsiva, rimanere in ansia, dormire peggio e logorare una relazione. <strong>La quantit\u00e0, da sola, non basta<\/strong>. Forse il test pi\u00f9 utile \u00e8 porsi alcune domande: <strong>riesco a smettere quando decido? Controllo il telefono senza una ragione? Perdo ore di sonno? Interrompo conversazioni per guardare notifiche? Rinuncio a sport, uscite o attivit\u00e0 che prima mi piacevano? Divento molto nervoso quando non posso connettermi?<\/strong> Se molte risposte sono <strong>s\u00ec<\/strong>, il tempo sullo schermo \u00e8 solo una parte del problema.<\/p>\n<p><b>Come riprendersi il controllo<\/b><\/p>\n<p>Non serve una <strong>\u201cdigital detox\u201d estrema<\/strong>. Spegnere tutto per tre giorni e poi tornare uguali a prima cambia poco. Funziona di pi\u00f9 intervenire sui momenti in cui l\u2019uso \u00e8 automatico: <strong>eliminare le notifiche non indispensabili; lasciare il telefono fuori dalla camera da letto; evitare di iniziare e chiudere la giornata con i social; creare spazi deliberatamente senza dispositivi<\/strong>; chiedersi prima di aprire un\u2019app: <strong>\u00abPerch\u00e9 la sto aprendo?\u00bb<\/strong>. \u00c8 una domanda semplice, ma potente. Se la risposta \u00e8 \u00abnon lo so\u00bb, probabilmente quella non \u00e8 stata una scelta.<\/p>\n<p><strong>Verso una diagnosi per i social?<\/strong><\/p>\n<p>La ricerca discute gi\u00e0 criteri per un possibile <strong>Social Media Use Disorder<\/strong>, con al centro la perdita di controllo e il deterioramento del funzionamento quotidiano. Tra gli elementi proposti figurano anche la preferenza per le relazioni online e la FOMO. Ma oggi <strong>non \u00e8 una diagnosi ufficiale<\/strong>.<\/p>\n<p>\u00c8 bene mantenere chiari i confini: non dobbiamo trasformare ogni comportamento moderno in patologia; dobbiamo per\u00f2 riconoscere quando uno strumento progettato per richiamare di continuo la nostra attenzione inizia a interferire seriamente con la vita. <strong>Forse il problema pi\u00f9 nuovo dell\u2019era digitale non ha nemmeno bisogno di un nome inglese. \u00c8 pi\u00f9 semplice: abbiamo costruito dispositivi capaci di chiedere la nostra attenzione ogni pochi secondi. Ora dobbiamo imparare di nuovo a decidere quando concedergliela.<\/strong><\/p>\n","protected":false},"excerpt":{"rendered":"\u00abGuardo soltanto un messaggio\u00bb. Poi Instagram. Una notifica. Un video. Una notizia. Un\u2019altra ancora. Quando rialziamo lo sguardo,&hellip;\n","protected":false},"author":3,"featured_media":657681,"comment_status":"","ping_status":"","sticky":false,"template":"","format":"standard","meta":{"footnotes":"","_share_on_mastodon":"0"},"categories":[175],"tags":[362929,3085,98031,362932,362933,239,344245,230,1537,90,89,362930,9222,362931,240],"class_list":["post-657680","post","type-post","status-publish","format-standard","has-post-thumbnail","category-salute","tag-doomscrolling","tag-europa","tag-fomo","tag-gaming-disorder","tag-hbsc","tag-health","tag-icd-11","tag-instagram","tag-it","tag-italia","tag-italy","tag-nomofobia","tag-organizzazione-mondiale-della-sanita","tag-phantom-vibration","tag-salute"],"share_on_mastodon":{"url":"https:\/\/pubeurope.com\/@it\/117189052925267546","error":""},"_links":{"self":[{"href":"https:\/\/www.europesays.com\/it\/wp-json\/wp\/v2\/posts\/657680","targetHints":{"allow":["GET"]}}],"collection":[{"href":"https:\/\/www.europesays.com\/it\/wp-json\/wp\/v2\/posts"}],"about":[{"href":"https:\/\/www.europesays.com\/it\/wp-json\/wp\/v2\/types\/post"}],"author":[{"embeddable":true,"href":"https:\/\/www.europesays.com\/it\/wp-json\/wp\/v2\/users\/3"}],"replies":[{"embeddable":true,"href":"https:\/\/www.europesays.com\/it\/wp-json\/wp\/v2\/comments?post=657680"}],"version-history":[{"count":0,"href":"https:\/\/www.europesays.com\/it\/wp-json\/wp\/v2\/posts\/657680\/revisions"}],"wp:featuredmedia":[{"embeddable":true,"href":"https:\/\/www.europesays.com\/it\/wp-json\/wp\/v2\/media\/657681"}],"wp:attachment":[{"href":"https:\/\/www.europesays.com\/it\/wp-json\/wp\/v2\/media?parent=657680"}],"wp:term":[{"taxonomy":"category","embeddable":true,"href":"https:\/\/www.europesays.com\/it\/wp-json\/wp\/v2\/categories?post=657680"},{"taxonomy":"post_tag","embeddable":true,"href":"https:\/\/www.europesays.com\/it\/wp-json\/wp\/v2\/tags?post=657680"}],"curies":[{"name":"wp","href":"https:\/\/api.w.org\/{rel}","templated":true}]}}