{"id":657682,"date":"2026-08-31T07:56:14","date_gmt":"2026-08-31T07:56:14","guid":{"rendered":"https:\/\/www.europesays.com\/it\/657682\/"},"modified":"2026-08-31T07:56:14","modified_gmt":"2026-08-31T07:56:14","slug":"caterina-balivo-anniversario-speciale-al-concerto-di-jovanotti-e-gli-auguri-del-cantante","status":"publish","type":"post","link":"https:\/\/www.europesays.com\/it\/657682\/","title":{"rendered":"Caterina Balivo, anniversario speciale al concerto di Jovanotti (e gli auguri del cantante)"},"content":{"rendered":"<p><strong>Diciassette anni d\u2019amore<\/strong>, due figli e tante avventure insieme: Caterina Balivo e il marito Guido Maria Brera hanno festeggiato il loro anniversario di matrimonio. E per celebrare al meglio la loro favola hanno scelto il concerto di Jovanotti all\u2019Ippodromo di Palermo: la coppia ha pubblicato un video su Instagram dove intona insieme al cantante e alla folla\u00a0Baciami ancora,\u00a0abbracciati e sorridenti come il primo giorno.<\/p>\n<p>Caterina Balivo, l\u2019anniversario con Guido Maria Brera al concerto di Jovanotti<\/p>\n<p>Tra i tanti siciliani accorsi al Jova Summer Party 2026 all\u2019Ippodromo di Palermo c\u2019era anche <strong>una fan speciale di Jovanotti<\/strong>: <a href=\"https:\/\/dilei.it\/star-e-vip\/caterina-balivo\/\" rel=\"nofollow noopener\" target=\"_blank\">Caterina Balivo<\/a>, che insieme al marito <a href=\"https:\/\/dilei.it\/star-e-vip\/guido-maria-brera\/\" rel=\"nofollow noopener\" target=\"_blank\">Guido Maria Brera<\/a> ha cantato e ballato come una ragazzina i grandi successi del cantante. Ma la conduttrice Rai si trovava nel capoluogo siciliano per un altro motivo: una fantastica vacanza per festeggiare i l\u2019anniversario matrimonio con il suo compagno d\u2019avventura,<strong> ormai al suo fianco da diciassette anni<\/strong>.<\/p>\n<p>\u201c17 anni insieme\u2026 \u2018La nostra impresa impossibile&#8217;\u201d, ha scritto il dirigente, condividendo un video dove mostra tutto il suo amore per la sua Caterina, riprendendo un verso di un celebre brano di Jovanotti. Nel filmato infatti la conduttrice e il marito si abbracciano e cantano a squarciagola Baciami ancora,\u00a0felici e innamorati come il primo giorno.<\/p>\n<blockquote class=\"instagram-media\" data-instgrm-captioned=\"\" data-instgrm-permalink=\"https:\/\/www.instagram.com\/p\/DcqWzXPCZ9m\/?utm_source=ig_embed&amp;utm_campaign=loading\" data-instgrm-version=\"14\" style=\" background:#FFF; border:0; border-radius:3px; box-shadow:0 0 1px 0 rgba(0,0,0,0.5),0 1px 10px 0 rgba(0,0,0,0.15); margin: 1px; max-width:100%; min-width:326px; padding:0; width:99.375%; width:-webkit-calc(100% - 2px); width:calc(100% - 2px);\"\/>\n<p>Impossibile non notare gli sguardi complici tra i due, mentre intonano i versi che raccontano perfettamente il loro amore: \u201c<strong>Voglio stare con te, invecchiare con te, stare soli io e te sulla luna<\/strong>\u201c. Tanti gli auguri per la coppia, primi fra tutti quelli dello stesso <a href=\"https:\/\/dilei.it\/star-e-vip\/jovanotti\/\" rel=\"nofollow noopener\" target=\"_blank\">Jovanotti<\/a> che ha scritto a corredo del video: \u201cAuguri ragazzi!\u201d. \u201cChe super coppia, belli!\u201d, ha commentato invece Carmen Russo, mentre Alba Parietti ha lasciato nero su bianco i suoi complimenti: \u201cChe coppia di fighi imperiali\u201d.<\/p>\n<p>L\u2019amore di Caterina Balivo e Guido Maria Brera<\/p>\n<p>Caterina Balivo e Guido Maria Brera <strong>si sono giurati amore eterno nel 2014 a Capri,<\/strong> davanti al loro piccolo Guido Alberto \u2013 che all\u2019epoca aveva due anni \u2013 ma la loro storia era iniziata anni prima. Due anime molto diverse che si sono avvicinate e non si sono pi\u00f9 lasciate, e che hanno dovuto costruire nel tempo il loro equilibrio.<\/p>\n<p>L\u2019imprenditore aveva visto la conduttrice in una fotografia su una rivista e ne rest\u00f2 colpito, tanto da farsi procurare il numero da Lamberto Sposini. Segu\u00ec un invito a cena, <strong>che li port\u00f2 a innamorarsi all\u2019istante<\/strong>. La parte pi\u00f9 romantica venne subito dopo: Brera le scrisse una lettera e chiese all\u2019amico in comune Lamberto Sposini, di fargliela avere. Caterina la lesse e lo chiam\u00f2. Da l\u00ec inizi\u00f2 il loro rapporto.<\/p>\n<p>Tra i due scocc\u00f2 un vero colpo di fulmine, anche se all\u2019inizio<strong> c\u2019era una complicazione importante<\/strong>: Brera era gi\u00e0 stato sposato e aveva due figli, Costanza e Roberto. \u201cMi sono adeguata a molte cose\u201d, ha raccontato la conduttrice. \u201cAndare tutti i weekend in montagna dopo il lavoro \u00e8 stato massacrante, finch\u00e9 non mi sono trasferita l\u00ec dopo la nascita di Guido Alberto. E poi dovevo fare i conti con i tempi di un uomo che aveva altri figli e quindi meno tempo per me, un\u2019altra famiglia che doveva amalgamarsi con quella nuova. Mi sono adeguata ai suoi stati d\u2019animo. Io sono una solare, socievole, lui molto selettivo\u201d.<\/p>\n<p>Nel 2012 \u00e8 nato Guido Alberto e il 30 agosto del 2014 Caterina e Guido si sono sposati civilmente a Capri, con una cerimonia molto riservata, una trentina di invitati e il loro bambino come paggetto. Nel 2017 poi \u00e8 arrivata Cora: la loro \u00e8 una famiglia complessa, con caratteri differenti e inevitabili imperfezioni, ma capace di rimanere unita anche nelle difficolt\u00e0.<\/p>\n<p>\t\t\t\tScopri i personaggi in trend, le storie del momento e molto altro.<br \/>Dove? Sul <a href=\"https:\/\/whatsapp.com\/channel\/0029Vb68mVyHVvTWezDm7d0R\" target=\"_blank\" rel=\"noopener nofollow\">canale WhatsApp di DiLei!<\/a><\/p>\n<p>\t\t\t<a class=\"buttonCall\" href=\"https:\/\/whatsapp.com\/channel\/0029Vb68mVyHVvTWezDm7d0R\" target=\"_blank\" rel=\"noopener nofollow\" title=\"Seguici su WhatsApp\"><br \/>\n\t\t\t\tSeguici su WhatsApp<br \/>\n\t\t\t<\/a><\/p>\n<p>\t<script async src=\"\/\/www.instagram.com\/embed.js\"><\/script><\/p>\n","protected":false},"excerpt":{"rendered":"Diciassette anni d\u2019amore, due figli e tante avventure insieme: Caterina Balivo e il marito Guido Maria Brera hanno&hellip;\n","protected":false},"author":3,"featured_media":657683,"comment_status":"","ping_status":"","sticky":false,"template":"","format":"standard","meta":{"footnotes":"","_share_on_mastodon":"0"},"categories":[174],"tags":[39049,203,71577,204,1537,90,89,2816,1539,86],"class_list":["post-657682","post","type-post","status-publish","format-standard","has-post-thumbnail","category-intrattenimento","tag-caterina-balivo","tag-entertainment","tag-guido-maria-brera","tag-intrattenimento","tag-it","tag-italia","tag-italy","tag-jovanotti","tag-musica","tag-vip"],"share_on_mastodon":{"url":"https:\/\/pubeurope.com\/@it\/117189056015443395","error":""},"_links":{"self":[{"href":"https:\/\/www.europesays.com\/it\/wp-json\/wp\/v2\/posts\/657682","targetHints":{"allow":["GET"]}}],"collection":[{"href":"https:\/\/www.europesays.com\/it\/wp-json\/wp\/v2\/posts"}],"about":[{"href":"https:\/\/www.europesays.com\/it\/wp-json\/wp\/v2\/types\/post"}],"author":[{"embeddable":true,"href":"https:\/\/www.europesays.com\/it\/wp-json\/wp\/v2\/users\/3"}],"replies":[{"embeddable":true,"href":"https:\/\/www.europesays.com\/it\/wp-json\/wp\/v2\/comments?post=657682"}],"version-history":[{"count":0,"href":"https:\/\/www.europesays.com\/it\/wp-json\/wp\/v2\/posts\/657682\/revisions"}],"wp:featuredmedia":[{"embeddable":true,"href":"https:\/\/www.europesays.com\/it\/wp-json\/wp\/v2\/media\/657683"}],"wp:attachment":[{"href":"https:\/\/www.europesays.com\/it\/wp-json\/wp\/v2\/media?parent=657682"}],"wp:term":[{"taxonomy":"category","embeddable":true,"href":"https:\/\/www.europesays.com\/it\/wp-json\/wp\/v2\/categories?post=657682"},{"taxonomy":"post_tag","embeddable":true,"href":"https:\/\/www.europesays.com\/it\/wp-json\/wp\/v2\/tags?post=657682"}],"curies":[{"name":"wp","href":"https:\/\/api.w.org\/{rel}","templated":true}]}}