{"id":657701,"date":"2026-08-31T08:14:24","date_gmt":"2026-08-31T08:14:24","guid":{"rendered":"https:\/\/www.europesays.com\/it\/657701\/"},"modified":"2026-08-31T08:14:24","modified_gmt":"2026-08-31T08:14:24","slug":"juve-ecco-pape-sarr-il-piano-di-spalletti-per-lui","status":"publish","type":"post","link":"https:\/\/www.europesays.com\/it\/657701\/","title":{"rendered":"Juve, ecco Pape Sarr: il piano di Spalletti per lui"},"content":{"rendered":"<p>                                Il centrocampista senegalese arriva dal Tottenham: prestito da 2 milioni con riscatto condizionato a 26. Non gioca allo stesso modo di Kessie, ma&#8230;<\/p>\n<p class=\"paragraph\" spellcheck=\"true\">Perso Kessie, la Juventus non ha perso la speranza di dare un senso a un centrocampo in cerca di fortuna. Cos\u00ec al risveglio dopo la beffa o, meglio, la giravolta dell\u2019ivoriano finito a Bergamo, ecco l\u2019operazione lampo, un vero e proprio blitz messo in piedi in poche ore che potrebbe tradursi in un affare per niente banale: Pape Sarr a Torino per cominciare una nuova avventura in bianconero.<\/p>\n<p>    spalletti\u2014 \u00a0<\/p>\n<p class=\"paragraph is-inline\" spellcheck=\"true\">Fisicamente al centro della scena, tatticamente prezioso, duttile e abile nel conquistarsi metri e spazio, Sarr era stato annunciato alla Premier League come un predestinato: lo volevano in tanti, big su tutte, se l\u2019\u00e8 preso il Tottenahm e, adesso, dal Tottenham \u00e8 in uscita: a ventiquattro anni ancora da festeggiare &#8211; accadr\u00e0 a met\u00e0 settembre &#8211; Pape pu\u00f2 dare alla Juventus quello che serve ora che la stagione si presenta lunga e difficile. Alla Continassa non hanno perso tempo e, cos\u00ec, mentre Nico Gonzalez e Koopmeiners aprivano la strada per il successo sul Parma, dalla pancia dell\u2019Allianz Stadium si infittivano i colloqui  con il club inglese. Risultato? La beffa o, meglio, la giravolta di Kessie, veniva messa nel dimenticatoio per dare luce ad una nuova pista da percorrere fino in fondo: finita la fatica con gli emiliani, via al vertice nello spogliatoio dello stadio con l\u2019amministratore delegato e direttore generale Giovanni Carnevali ad aggiornare il tecnico Spalletti della novit\u00e0.<\/p>\n<p>        <img decoding=\"async\" loading=\"lazy\" alt=\"SAN ANTONIO, TX -JUNE 9: Hassan Kadish #13 of Saudi Arabia reacts to Pape Matar Sarr #17 of Senegal in the second half of the international friendly match between Saudi Arabia and Senegal on June 9, 2026 at Toyota Field in San Antonio, Texas.   Ronald Cortes\/Getty Images\/AFP (Photo by Ronald Cortes \/ GETTY IMAGES NORTH AMERICA \/ Getty Images via AFP)\" src=\"https:\/\/dimages2.gazzettaobjects.it\/files\/image_527_789_h\/uploads\/2026\/08\/30\/6a94a174b2758.jpeg\" data-full-src=\"https:\/\/www.europesays.com\/it\/wp-content\/uploads\/2026\/08\/6a94a174b2758.jpeg\"\/><\/p>\n<p>    de zerbi\u2014 \u00a0<\/p>\n<p class=\"paragraph is-inline\" spellcheck=\"true\">La Juventus ha individuato nel centrocampista senegalese il profilo giusto per ovviare numericamente, e non solo, ai problemi in una zona del campo dove anche l\u2019anno scorso \u00e8 mancato qualcosa. Da qui, l\u2019offerta al Tottenham che chiede l\u2019inserimento dell\u2019obbligo di riscatto: prestito da due milioni di euro e, poi, acquisto definitivo da ventisei legato al pass per la prossima Champions e al 50 per cento di presenze del giocatore pu\u00f2 essere il punto di equilibrio. &#8220;S\u00ec, Sarr ci ha detto che vuole andare altrove&#8230; lo sappiamo&#8230;&#8221;, la voce di Roberto De Zerbi, manager del Tottenham ancora a zero punti in classifica dopo i primi 180\u2019 di Premier. Sul camaleontico Sarr hanno messo gli occhi altre realt\u00e0 d\u2019Europa, dal Monaco al Besiktas di Vincenzo Italiano, ma alla Continassa hanno avuto rassicurazioni sul desiderio del giocatore di vivere un\u2019esperienza nel nostro campionato: da qui l\u2019ottimismo per  una fumata bianca attesa nelle prossime ore. Spalletti ha approvato la scelta di Carnevali e del direttore dell\u2019area tecnica Frederic Massara: i dubbi sulle condizioni fisiche di Thuram obbligano la Juventus ad arricchire il centrocampo con un elemento che abbia le caratteristiche del francese e, allo stesso tempo, una dote tecnica invidiabile. Sarr, il primo Sarr, veniva paragonato un po\u2019 a Pjanic, un po\u2019 a Vieira: adesso il senegalese ha un suo stile, del tutto personale di attraversare le partite dove, spesso, ama impossessarsi delle ripartenze fino all\u2019area avversaria.<\/p>\n<p><a class=\"is-partner-link\" href=\"https:\/\/fantacampionato.gazzetta.it\/?intcmp=FC2627_CTArticolo2627\" rel=\"nofollow noopener\" target=\"_blank\">60 milioni di fantallenatori, un&#8217;unica classifica nazionale: sfida l&#8217;Italia intera su Fantacampionato! Oltre 340.000\u20ac di montepremi. Gioca ora!<\/a><\/p>\n<p>        <img decoding=\"async\" loading=\"lazy\" alt=\"Tottenham Hotspur's Senegalese forward #29 Pape Matar Sarr runs with the ball during the UEFA Champions League round of 16 second leg football match between Tottenham Hotspur and Atletico Madrid at the Tottenham Hotspur Stadium in London, on March 18, 2026. (Photo by Adrian Dennis \/ AFP)\" src=\"https:\/\/dimages2.gazzettaobjects.it\/files\/image_527_789_h\/uploads\/2026\/08\/30\/6a94a1cada84e.jpeg\" data-full-src=\"https:\/\/www.europesays.com\/it\/wp-content\/uploads\/2026\/08\/6a94a1cada84e.jpeg\"\/><\/p>\n<p>    coppa d&#8217;africa\u2014 \u00a0<\/p>\n<p class=\"paragraph is-inline\" spellcheck=\"true\">Dalla Continassa hanno giocato in contropiede e il contropiede ha portato il club a mettere sul tavolo l\u2019offerta: il Tottenham ha subito aperto la porta alla luce di un rapporto con la Juventus a dir poco ottimo e alimentato dalle recenti operazioni con Vicario al centro. Manca il finale ad una storia nata in un attimo, ma nella testa non da oggi: oltre Kessie c\u2019era un piano B e una volta incassato il no dell\u2019ivoriano, il piano B ha preso forma e sostanza. Sarr \u00e8 giovane, ma molto esperto avendo conosciuto la realt\u00e0 francese e quella oltremanica e avendo vinto con la sua Nazionale la Coppa d\u2019Africa: a Londra \u00e8 stato protagonista dell\u2019impresa del maggio 2025 in Europa League alzando il trofeo. Spalletti pu\u00f2 migliorarne le conoscenze e sfruttarne le qualit\u00e0: l\u00e0 in mezzo alla Juventus serve un rinforzo perch\u00e9, come detto, Thuram \u00e8 alle prese con un fastidio al ginocchio che non scompare e perch\u00e9 su Koopmeiners non si sono dissolti i dubbi. Sarr sarebbe la risposta pi\u00f9 logica a tanti interrogativi ancora irrisolti.<\/p>\n<p class=\"is-copyright\">\u00a9 RIPRODUZIONE RISERVATA<\/p>\n","protected":false},"excerpt":{"rendered":"Il centrocampista senegalese arriva dal Tottenham: prestito da 2 milioni con riscatto condizionato a 26. Non gioca allo&hellip;\n","protected":false},"author":3,"featured_media":657702,"comment_status":"","ping_status":"","sticky":false,"template":"","format":"standard","meta":{"footnotes":"","_share_on_mastodon":"0"},"categories":[1452],"tags":[3623,841,3482,362949,721,6963,104,3153,362950,7204,554,7521,3184,4297,4298,2276,277,3068,1109,7757,3085,1740,3368,564,38975,1537,90,89,143342,558,362951,14653,27732,1980,18494,9476,273,1413,362952,183537,3386,975,257142,362953,15721,286204,1739,24806,245,244,24868],"class_list":["post-657701","post","type-post","status-publish","format-standard","has-post-thumbnail","category-calcio","tag-africa","tag-area","tag-beffa","tag-beffa-giravolta","tag-calcio","tag-carnevali","tag-centro","tag-centrocampista","tag-centrocampista-senegalese","tag-centrocampo","tag-club","tag-continassa","tag-contropiede","tag-coppa","tag-coppa-africa","tag-dare","tag-de","tag-de-zerbi","tag-direttore","tag-dubbi","tag-europa","tag-football","tag-francese","tag-giocatore","tag-giravolta","tag-it","tag-italia","tag-italy","tag-ivoriano","tag-juventus","tag-juventus-serve","tag-kessie","tag-koopmeiners","tag-league","tag-luce","tag-messo","tag-nuova","tag-offerta","tag-offerta-tottenham","tag-pape","tag-perso","tag-piano","tag-pjanic","tag-pjanic-vieira","tag-sarr","tag-senegalese","tag-soccer","tag-spalletti","tag-sport","tag-sports","tag-tottenham"],"share_on_mastodon":{"url":"","error":"Validation failed: Text character limit of 500 exceeded"},"_links":{"self":[{"href":"https:\/\/www.europesays.com\/it\/wp-json\/wp\/v2\/posts\/657701","targetHints":{"allow":["GET"]}}],"collection":[{"href":"https:\/\/www.europesays.com\/it\/wp-json\/wp\/v2\/posts"}],"about":[{"href":"https:\/\/www.europesays.com\/it\/wp-json\/wp\/v2\/types\/post"}],"author":[{"embeddable":true,"href":"https:\/\/www.europesays.com\/it\/wp-json\/wp\/v2\/users\/3"}],"replies":[{"embeddable":true,"href":"https:\/\/www.europesays.com\/it\/wp-json\/wp\/v2\/comments?post=657701"}],"version-history":[{"count":0,"href":"https:\/\/www.europesays.com\/it\/wp-json\/wp\/v2\/posts\/657701\/revisions"}],"wp:featuredmedia":[{"embeddable":true,"href":"https:\/\/www.europesays.com\/it\/wp-json\/wp\/v2\/media\/657702"}],"wp:attachment":[{"href":"https:\/\/www.europesays.com\/it\/wp-json\/wp\/v2\/media?parent=657701"}],"wp:term":[{"taxonomy":"category","embeddable":true,"href":"https:\/\/www.europesays.com\/it\/wp-json\/wp\/v2\/categories?post=657701"},{"taxonomy":"post_tag","embeddable":true,"href":"https:\/\/www.europesays.com\/it\/wp-json\/wp\/v2\/tags?post=657701"}],"curies":[{"name":"wp","href":"https:\/\/api.w.org\/{rel}","templated":true}]}}