{"id":657776,"date":"2026-08-31T09:17:12","date_gmt":"2026-08-31T09:17:12","guid":{"rendered":"https:\/\/www.europesays.com\/it\/657776\/"},"modified":"2026-08-31T09:17:12","modified_gmt":"2026-08-31T09:17:12","slug":"far-away-anticipazioni-31-agosto-4-settembre-sadakat-caccia-alya-e-la-separa-da-deniz-lei-incendia-il-portone","status":"publish","type":"post","link":"https:\/\/www.europesays.com\/it\/657776\/","title":{"rendered":"Far Away, anticipazioni 31 agosto-4 settembre: Sadakat caccia Alya e la separa da Deniz, lei incendia il portone"},"content":{"rendered":"<p><strong>Prima la caccia dalla villa e la separa da Deniz. Poi Alya torna con una tanica di benzina e d\u00e0 fuoco al portone pur di raggiungere suo figlio.<\/strong> La guerra nella famiglia Albora toccher\u00e0 un punto di non ritorno nelle puntate di <strong><a href=\"https:\/\/www.ilmessaggero.it\/t\/far-away\" rel=\"nofollow noopener\" target=\"_blank\">Far Away<\/a><\/strong> in onda nella settimana da <strong>luned\u00ec 31 agosto a venerd\u00ec 4 settembre<\/strong>, quando il passato di Fikriye riaprir\u00e0 definitivamente il mistero sulla morte di Boran.<\/p>\n<p>Sadakat scoprir\u00e0 infatti che la madre di Alya conosceva Halis e che fu proprio lei a mostrargli una fotografia di <strong>Boran insieme ad Alya e al piccolo Deniz<\/strong>. La matriarca arriver\u00e0 a una conclusione devastante: accuser\u00e0 la nuora di essere complice nella morte di suo figlio e la caccer\u00e0 brutalmente dalla villa. Ma Alya non accetter\u00e0 di essere tenuta lontana da Deniz e reagir\u00e0 con un gesto estremo.<\/p>\n<p>Intanto anche <strong>Cihan sar\u00e0 disposto a tutto per scoprire chi ha ucciso suo fratello<\/strong>. Il capo degli Albora escogiter\u00e0 infatti un piano quasi folle: farsi arrestare volontariamente per entrare nella prigione di Halis ed Ecmel e costringerli a parlare. E qualcosa finalmente emerger\u00e0: Halis ammetter\u00e0 di aver rivelato dove si trovava Boran, pur continuando a negare di avere ordinato il suo omicidio. Non saranno gli unici colpi di scena della settimana. <strong>Zerrin scoprir\u00e0 di essere incinta<\/strong> e confesser\u00e0 a Demir che il bambino non \u00e8 suo, mentre Nare verr\u00e0 finalmente a sapere che a salvarle la vita con il trapianto \u00e8 stato proprio Ozkan.<\/p>\n","protected":false},"excerpt":{"rendered":"Prima la caccia dalla villa e la separa da Deniz. Poi Alya torna con una tanica di benzina&hellip;\n","protected":false},"author":3,"featured_media":657777,"comment_status":"","ping_status":"","sticky":false,"template":"","format":"standard","meta":{"footnotes":"","_share_on_mastodon":"0"},"categories":[174],"tags":[294787,287865,179238,89886,685,92063,203,287866,291821,352552,204,1537,90,89,9060,11099],"class_list":["post-657776","post","type-post","status-publish","format-standard","has-post-thumbnail","category-intrattenimento","tag-anticipazioni-domani","tag-anticipazioni-far-away","tag-anticipazioni-oggi","tag-anticipazioni-tv","tag-canale-5","tag-domani-in-tv","tag-entertainment","tag-far-away","tag-far-away-anticipazioni","tag-faraway","tag-intrattenimento","tag-it","tag-italia","tag-italy","tag-mediaset","tag-oggi-in-tv"],"share_on_mastodon":{"url":"https:\/\/pubeurope.com\/@it\/117189374520829603","error":""},"_links":{"self":[{"href":"https:\/\/www.europesays.com\/it\/wp-json\/wp\/v2\/posts\/657776","targetHints":{"allow":["GET"]}}],"collection":[{"href":"https:\/\/www.europesays.com\/it\/wp-json\/wp\/v2\/posts"}],"about":[{"href":"https:\/\/www.europesays.com\/it\/wp-json\/wp\/v2\/types\/post"}],"author":[{"embeddable":true,"href":"https:\/\/www.europesays.com\/it\/wp-json\/wp\/v2\/users\/3"}],"replies":[{"embeddable":true,"href":"https:\/\/www.europesays.com\/it\/wp-json\/wp\/v2\/comments?post=657776"}],"version-history":[{"count":0,"href":"https:\/\/www.europesays.com\/it\/wp-json\/wp\/v2\/posts\/657776\/revisions"}],"wp:featuredmedia":[{"embeddable":true,"href":"https:\/\/www.europesays.com\/it\/wp-json\/wp\/v2\/media\/657777"}],"wp:attachment":[{"href":"https:\/\/www.europesays.com\/it\/wp-json\/wp\/v2\/media?parent=657776"}],"wp:term":[{"taxonomy":"category","embeddable":true,"href":"https:\/\/www.europesays.com\/it\/wp-json\/wp\/v2\/categories?post=657776"},{"taxonomy":"post_tag","embeddable":true,"href":"https:\/\/www.europesays.com\/it\/wp-json\/wp\/v2\/tags?post=657776"}],"curies":[{"name":"wp","href":"https:\/\/api.w.org\/{rel}","templated":true}]}}