{"id":657799,"date":"2026-08-31T09:39:15","date_gmt":"2026-08-31T09:39:15","guid":{"rendered":"https:\/\/www.europesays.com\/it\/657799\/"},"modified":"2026-08-31T09:39:15","modified_gmt":"2026-08-31T09:39:15","slug":"far-away-anticipazioni-delle-puntate-dal-31-agosto-al-4-settembre","status":"publish","type":"post","link":"https:\/\/www.europesays.com\/it\/657799\/","title":{"rendered":"Far Away anticipazioni delle puntate dal 31 agosto al 4 settembre"},"content":{"rendered":"<p class=\"paragraph\" spellcheck=\"true\">Proseguir\u00e0 luned\u00ec 31 agosto 2026 la programmazione di <b>Far Away<\/b>, la serie tv turca in onda su Canale 5 dal luned\u00ec al venerd\u00ec alle 14.45. Uzak \u015eehir (questo il titolo originale) \u00e8 l&#8217;adattamento di un format libanese\u00a0del 2017 Al Hayba. Sono state realizzate due stagioni e 60 puntate da 120 minuti l&#8217;una per la serie tv.\u00a0<\/p>\n<p class=\"paragraph\" spellcheck=\"true\">Prima di scoprire quello che ci aspetta<b> dal 31 agosto al 4 settembre<\/b>, vediamo dove eravamo rimasti. Nare ha bisogno urgente di un trapianto di fegato, Kadir \u00e8 risultato compatibile ma la sera prima dell&#8217;intervento ha parlato con Pakize e per l&#8217;emozione gli \u00e8 venuta la febbre. I medici si sono cos\u00ec rivolti a Fidan, anche lei compatibile, ma la donna non ha intenzione di farsi operare. Alla fine \u00e8 Ozkan a donare parte del suo fegato. Hasan ha salvato\u00a0Fikriye che stava per precipitare con la sua auto dopo esser stata spinta fuori strada da un uomo mandato da Halis.<\/p>\n","protected":false},"excerpt":{"rendered":"Proseguir\u00e0 luned\u00ec 31 agosto 2026 la programmazione di Far Away, la serie tv turca in onda su Canale&hellip;\n","protected":false},"author":3,"featured_media":657800,"comment_status":"","ping_status":"","sticky":false,"template":"","format":"standard","meta":{"footnotes":"","_share_on_mastodon":"0"},"categories":[1444],"tags":[2699,292423,1518,11536,19146,35606,327823,292437,2773,475,51843,285774,292431,1731,292439,203,2097,287866,362997,8628,351553,228,362994,204,1537,90,89,4045,77198,292429,9167,16282,812,8202,8835,292428,19320,20617,1821,9100,407,362995,362996,253,67428],"class_list":["post-657799","post","type-post","status-publish","format-standard","has-post-thumbnail","category-tv","tag-agosto","tag-alya","tag-anticipazioni","tag-anticipazioni-puntata","tag-arrestare","tag-away","tag-away-scoprire","tag-boran","tag-canale","tag-chiede","tag-cihan","tag-demir","tag-deniz","tag-donna","tag-ecmel","tag-entertainment","tag-far","tag-far-away","tag-far-away-scoprire","tag-farsi","tag-fikriye","tag-foto","tag-halis","tag-intrattenimento","tag-it","tag-italia","tag-italy","tag-madre","tag-mine","tag-nare","tag-onda","tag-onda-canale","tag-ospedale","tag-puntata","tag-puntate","tag-sadakat","tag-scopre","tag-scoprire","tag-serie","tag-serie-tv","tag-settembre","tag-settembre-far","tag-settembre-far-away","tag-tv","tag-zerrin"],"share_on_mastodon":{"url":"","error":"Validation failed: Text character limit of 500 exceeded"},"_links":{"self":[{"href":"https:\/\/www.europesays.com\/it\/wp-json\/wp\/v2\/posts\/657799","targetHints":{"allow":["GET"]}}],"collection":[{"href":"https:\/\/www.europesays.com\/it\/wp-json\/wp\/v2\/posts"}],"about":[{"href":"https:\/\/www.europesays.com\/it\/wp-json\/wp\/v2\/types\/post"}],"author":[{"embeddable":true,"href":"https:\/\/www.europesays.com\/it\/wp-json\/wp\/v2\/users\/3"}],"replies":[{"embeddable":true,"href":"https:\/\/www.europesays.com\/it\/wp-json\/wp\/v2\/comments?post=657799"}],"version-history":[{"count":0,"href":"https:\/\/www.europesays.com\/it\/wp-json\/wp\/v2\/posts\/657799\/revisions"}],"wp:featuredmedia":[{"embeddable":true,"href":"https:\/\/www.europesays.com\/it\/wp-json\/wp\/v2\/media\/657800"}],"wp:attachment":[{"href":"https:\/\/www.europesays.com\/it\/wp-json\/wp\/v2\/media?parent=657799"}],"wp:term":[{"taxonomy":"category","embeddable":true,"href":"https:\/\/www.europesays.com\/it\/wp-json\/wp\/v2\/categories?post=657799"},{"taxonomy":"post_tag","embeddable":true,"href":"https:\/\/www.europesays.com\/it\/wp-json\/wp\/v2\/tags?post=657799"}],"curies":[{"name":"wp","href":"https:\/\/api.w.org\/{rel}","templated":true}]}}