{"id":657825,"date":"2026-08-31T10:03:10","date_gmt":"2026-08-31T10:03:10","guid":{"rendered":"https:\/\/www.europesays.com\/it\/657825\/"},"modified":"2026-08-31T10:03:10","modified_gmt":"2026-08-31T10:03:10","slug":"e-morto-guido-de-maria-il-papa-di-gulp-e-supergulp-con-lamico-bonvi-creo-il-personaggio-di-nick-carter","status":"publish","type":"post","link":"https:\/\/www.europesays.com\/it\/657825\/","title":{"rendered":"\u00c8 morto Guido De Maria, il pap\u00e0 di \u00abGulp\u00bb e \u00abSupergulp\u00bb: con l&#8217;amico Bonvi cre\u00f2 il personaggio di Nick Carter"},"content":{"rendered":"<p>Aveva 93 anni ed \u00e8 morto a Modena: regista, umorista e pubblicitario \u00e8 considerato l&#8217;ideatore del fumetto in tv. Tra i suoi grandi amici anche Guccini<\/p>\n<p class=\"chapter-paragraph\">\u00c8\u00a0morto oggi<b> a Modena, all&#8217;et\u00e0 di 93 anni, <\/b>il regista, umorista e pubblicitario <b>Guido De Maria,<\/b> tra i pi\u00f9 innovativi autori televisivi italiani, ideatore del <b>\u00abfumetto in tv\u00bb.\u00a0<\/b><\/p>\n<p class=\"chapter-paragraph\">Dopo una lunga carriera di vignettista su testate come &#8220;Epoca&#8221; ed &#8220;Il Candido&#8221; e di regista di caroselli, nel 1971 fond\u00f2 la Playvision e diede vita, insieme all&#8217;amico Bonvi, <b>al personaggio di Nick Carter per il programma &#8220;Gulp! I fumetti in tv&#8221;.\u00a0<\/b><\/p>\n<p class=\"chapter-paragraph\">Dal 1977 al 1981, con Giancarlo Governi, firm\u00f2 la trasmissione cult <b>&#8220;Supergulp! I fumetti in tv&#8221;, <\/b>che port\u00f2 sul piccolo schermo personaggi come Corto Maltese, Lupo Alberto, le Sturmtruppen e Tex, conquistando milioni di telespettatori.\u00a0<\/p>\n<p class=\"chapter-paragraph\"><b>Nel 1978 ottenne il premio per la regia televisiva nel settore dei programmi per ragazzi. <\/b>Autore di numerosi spot pubblicitari &#8211; dalla &#8220;camicia coi baffi&#8221; con Maurizio Costanzo ai nanetti della Loacker &#8211; De Maria coltiv\u00f2 anche il cabaret con il gruppo degli &#8220;Archibusti&#8221;, insieme a Guccini.\u00a0<\/p>\n<p class=\"chapter-paragraph\"><b>Negli anni Duemila si dedic\u00f2 al recupero del personaggio di Nick Carter <\/b>e di &#8220;Supergulp!&#8221;, tra mostre, volumi e collezioni in dvd che raggiunsero centinaia di migliaia di copie. Pat 20260831T103531Z<\/p>\n<p class=\"is-last-update\" datetime=\"2026-08-31T10:55:50+02:00\">31 agosto 2026 ( modifica il 31 agosto 2026 | 10:55)<\/p>\n<p class=\"is-copyright\">\n            \u00a9 RIPRODUZIONE RISERVATA\n        <\/p>\n","protected":false},"excerpt":{"rendered":"Aveva 93 anni ed \u00e8 morto a Modena: regista, umorista e pubblicitario \u00e8 considerato l&#8217;ideatore del fumetto in&hellip;\n","protected":false},"author":3,"featured_media":657826,"comment_status":"","ping_status":"","sticky":false,"template":"","format":"standard","meta":{"footnotes":"","_share_on_mastodon":"0"},"categories":[1451],"tags":[4008,363003,122234,36661,1621,1620,277,159982,203,12453,363004,23904,26337,204,1537,90,89,1259,300,7385,149280,2379,363001,363002,635,159984,253],"class_list":["post-657825","post","type-post","status-publish","format-standard","has-post-thumbnail","category-celebrita","tag-amico","tag-amico-bonvi","tag-bonvi","tag-carter","tag-celebrita","tag-celebrities","tag-de","tag-de-maria","tag-entertainment","tag-fumetti","tag-fumetti-tv","tag-fumetto","tag-guccini","tag-intrattenimento","tag-it","tag-italia","tag-italy","tag-maria","tag-morto","tag-nick","tag-nick-carter","tag-personaggio","tag-personaggio-nick","tag-personaggio-nick-carter","tag-regista","tag-supergulp","tag-tv"],"share_on_mastodon":{"url":"https:\/\/pubeurope.com\/@it\/117189555498598386","error":""},"_links":{"self":[{"href":"https:\/\/www.europesays.com\/it\/wp-json\/wp\/v2\/posts\/657825","targetHints":{"allow":["GET"]}}],"collection":[{"href":"https:\/\/www.europesays.com\/it\/wp-json\/wp\/v2\/posts"}],"about":[{"href":"https:\/\/www.europesays.com\/it\/wp-json\/wp\/v2\/types\/post"}],"author":[{"embeddable":true,"href":"https:\/\/www.europesays.com\/it\/wp-json\/wp\/v2\/users\/3"}],"replies":[{"embeddable":true,"href":"https:\/\/www.europesays.com\/it\/wp-json\/wp\/v2\/comments?post=657825"}],"version-history":[{"count":0,"href":"https:\/\/www.europesays.com\/it\/wp-json\/wp\/v2\/posts\/657825\/revisions"}],"wp:featuredmedia":[{"embeddable":true,"href":"https:\/\/www.europesays.com\/it\/wp-json\/wp\/v2\/media\/657826"}],"wp:attachment":[{"href":"https:\/\/www.europesays.com\/it\/wp-json\/wp\/v2\/media?parent=657825"}],"wp:term":[{"taxonomy":"category","embeddable":true,"href":"https:\/\/www.europesays.com\/it\/wp-json\/wp\/v2\/categories?post=657825"},{"taxonomy":"post_tag","embeddable":true,"href":"https:\/\/www.europesays.com\/it\/wp-json\/wp\/v2\/tags?post=657825"}],"curies":[{"name":"wp","href":"https:\/\/api.w.org\/{rel}","templated":true}]}}