{"id":657845,"date":"2026-08-31T10:15:18","date_gmt":"2026-08-31T10:15:18","guid":{"rendered":"https:\/\/www.europesays.com\/it\/657845\/"},"modified":"2026-08-31T10:15:18","modified_gmt":"2026-08-31T10:15:18","slug":"tragedia-sullisola-degli-dei-muore-mentre-fa-surf-sulla-spiaggia-di-bali","status":"publish","type":"post","link":"https:\/\/www.europesays.com\/it\/657845\/","title":{"rendered":"Tragedia sull\u2019isola degli dei. Muore mentre fa surf sulla spiaggia di Bali"},"content":{"rendered":"<p>Vinci (Firenze), 31 agosto 2026 \u2013\u00a0Da <strong>Vinci <\/strong>a <strong>Bali<\/strong>, in <strong>Indonesia<\/strong>, detta l\u2019isola degli Dei, per rincorrere il proprio sogno: cavalcare le onde dell\u2019oceano con una tavola da <strong>surf<\/strong>. E proprio facendo quello che pi\u00f9 amava, <strong>Gabriele Bellucci <\/strong>se ne \u00e8 andato ad appena 39 anni, ad oltre 15mila chilometri di distanza dai suoi famigliari. La tragedia si \u00e8 consumata nella notte italiana tra Ferragosto e domenica 16, quando Bellucci \u00e8 rimasto in acqua con la propria tavola da surf, mentre i suoi amici erano in spiaggia. Secondo quanto appreso dalla ricostruzione fatta dalle autorit\u00e0 locali il 39enne sarebbe scivolato sbattendo fortemente la testa contro la tavola, che nel disarcionarlo sull\u2019onda si sarebbe alzato perpendicolarmente. In seguito all\u2019urto Bellucci ha perso i sensi e le correnti, a quanto pare molto forti in quel punto, lo hanno trascinato via.<\/p>\n<p> <img alt=\"Gabriele Bellucci\" loading=\"lazy\" width=\"1600\" height=\"1600\" decoding=\"async\" data-nimg=\"1\" style=\"color:transparent;max-width:100%;height:auto\"   src=\"https:\/\/www.europesays.com\/it\/wp-content\/uploads\/2026\/08\/1788171316_837_gabriele-bellucci.webp\"\/><\/p>\n<p>Gabriele Bellucci<\/p>\n<p>Il corpo trovato sulla spiaggia <\/p>\n<p>Quando gli <strong>amici <\/strong>in spiaggia non lo hanno visto tornare si sono preoccupati e non riuscendo pi\u00f9 a scorgerlo tra le onde hanno chiamato i soccorsi. Purtroppo, per\u00f2, per Bellucci non c\u2019era ormai pi\u00f9 niente da fare. Il suo corpo, restituito dall\u2019oceano, \u00e8 stato successivamente trovato ormai senza vita su una spiaggia.<\/p>\n<p>Approfondisci:<\/p>\n<p><a href=\"https:\/\/www.lanazione.it\/empoli\/cronaca\/gabriele-bellucci-bali-lk0h3cpw\" class=\"ArticleEmbed_article__embed__content__Jzqnz\" rel=\"nofollow noopener\" target=\"_blank\">Chi \u00e8 Gabriele Bellucci, il surfista morto a Bali: il mare, i viaggi e il sogno di una \u201cvita tranquilla\u201d finita troppo presto<img alt=\"Chi \u00e8 Gabriele Bellucci, il surfista morto a Bali: il mare, i viaggi e il sogno di una \u201cvita tranquilla\u201d finita troppo presto\" loading=\"lazy\" width=\"140\" height=\"78\" decoding=\"async\" data-nimg=\"1\" style=\"color:transparent\"  src=\"https:\/\/www.europesays.com\/it\/wp-content\/uploads\/2026\/08\/1788171316_756_gabriele-bellucci.webp\"\/><\/a> <\/p>\n<p>Una volta concluse le indagini la salma ha potuto fare ritorno in Italia, dove \u00e8 atterrata venerd\u00ec scorso a <strong>Bologna<\/strong>, per poi arrivare a <strong>Empoli<\/strong>, dove nell\u2019ultimo weekend la bara \u00e8 rimasta esposta nelle cappelle del commiato dell\u2019ospedale San Giuseppe. Questa mattina alle 10.30 nella chiesa di San Bartolomeo a <strong>Sovigliana <\/strong>si svolgeranno, invece, i funerali.<\/p>\n<p>A piangere Gabriele Bellucci, oltre ai genitori e al fratello, ci saranno i tanti amici della <strong>Spicchiese<\/strong>, squadra di calcio amatoriale della frazione di Spicchio, con cui per moltissimi anni aveva condivisi la sua altra grande passione, il calcio. A dicembre sarebbe dovuto tornare in Italia, a distanza di due anni dall\u2019ultima volta, per trattenersi fino a giugno 2027, ed aveva gi\u00e0 informato la societ\u00e0 biancorossa del campionato Uisp dell\u2019Empolese-Valdelsa che si sarebbe riunito a loro per fare da vice allenatore a mister Sani nella stagione agonistica ormai alle porte.<\/p>\n<p>La scelta di vita <\/p>\n<p>Ex impiegato alla Sesa, Bellucci aveva deciso di trasferirsi cinque anni fa in <strong>Indonesia<\/strong>, del resto per lavorare (costruzione di siti internet) gli bastavano un pc ed una connessione. Cos\u00ec in Indonesia si era iscritto ad una scuola di surf, facendo finalmente quello che amava di pi\u00f9. Sempre a Bali, da un paio di anni, aveva trovato anche una fidanzata.<\/p>\n<p> <img alt=\"Gabriele Bellucci\" loading=\"lazy\" width=\"1600\" height=\"900\" decoding=\"async\" data-nimg=\"1\" style=\"color:transparent;max-width:100%;height:auto\"   src=\"https:\/\/www.europesays.com\/it\/wp-content\/uploads\/2026\/08\/1788171317_164_gabriele-bellucci.webp\"\/><\/p>\n<p>Gabriele Bellucci<\/p>\n<p>Man mano che la notizia si \u00e8 sparsa non sono mancati i messaggi di cordoglio sui social, a partire da quelli dei suoi compagni di tante \u2019battaglie\u2019 calcistiche. &#8220;Sei un pezzo di noi, lo sarai per sempre&#8221;.<\/p>\n<p>Approfondisci:<\/p>\n<p><a href=\"https:\/\/www.lanazione.it\/pisa\/cronaca\/luca-baracchini-disperso-in-nepal-chi-e-il-manager-pisano-che-lavora-in-svizzera-r9kus4ku\" class=\"ArticleEmbed_article__embed__content__Jzqnz\" rel=\"nofollow noopener\" target=\"_blank\">Luca Barachini disperso in Nepal: chi \u00e8 il manager pisano che lavora in Svizzera<img alt=\"Luca Barachini disperso in Nepal: chi \u00e8 il manager pisano che lavora in Svizzera\" loading=\"lazy\" width=\"140\" height=\"78\" decoding=\"async\" data-nimg=\"1\" style=\"color:transparent\"  src=\"https:\/\/www.europesays.com\/it\/wp-content\/uploads\/2026\/08\/1788171318_931_generic_image.webp\"\/><\/a> <\/p>\n<p>Dolore a cui si \u00e8 associato anche il sindaco di Vinci, Daniele Vanni: &#8220;A nome mio e dell\u2019Amministrazione comunale di Vinci, esprimo la pi\u00f9 sincera vicinanza alla famiglia, agli amici e a tutte le persone che hanno avuto la fortuna di conoscerlo e condividere con lui un pezzo di strada&#8221;.<\/p>\n","protected":false},"excerpt":{"rendered":"Vinci (Firenze), 31 agosto 2026 \u2013\u00a0Da Vinci a Bali, in Indonesia, detta l\u2019isola degli Dei, per rincorrere il&hellip;\n","protected":false},"author":3,"featured_media":657846,"comment_status":"","ping_status":"","sticky":false,"template":"","format":"standard","meta":{"footnotes":"","_share_on_mastodon":"0"},"categories":[79],"tags":[14,93,94,10714,1537,90,89,13293,7,15,13498,45216,9500,11,84,91,12,85,92],"class_list":["post-657845","post","type-post","status-publish","format-standard","has-post-thumbnail","category-italia","tag-cronaca","tag-cronaca-italiana","tag-cronacaitaliana","tag-isola","tag-it","tag-italia","tag-italy","tag-muore","tag-news","tag-notizie","tag-spiaggia","tag-surf","tag-tragedia","tag-ultime-notizie","tag-ultime-notizie-e-news-di-oggi","tag-ultime-notizie-italia","tag-ultimenotizie","tag-ultimenotizieenewsdioggi","tag-ultimenotizieitalia"],"share_on_mastodon":{"url":"https:\/\/pubeurope.com\/@it\/117189602776834326","error":""},"_links":{"self":[{"href":"https:\/\/www.europesays.com\/it\/wp-json\/wp\/v2\/posts\/657845","targetHints":{"allow":["GET"]}}],"collection":[{"href":"https:\/\/www.europesays.com\/it\/wp-json\/wp\/v2\/posts"}],"about":[{"href":"https:\/\/www.europesays.com\/it\/wp-json\/wp\/v2\/types\/post"}],"author":[{"embeddable":true,"href":"https:\/\/www.europesays.com\/it\/wp-json\/wp\/v2\/users\/3"}],"replies":[{"embeddable":true,"href":"https:\/\/www.europesays.com\/it\/wp-json\/wp\/v2\/comments?post=657845"}],"version-history":[{"count":0,"href":"https:\/\/www.europesays.com\/it\/wp-json\/wp\/v2\/posts\/657845\/revisions"}],"wp:featuredmedia":[{"embeddable":true,"href":"https:\/\/www.europesays.com\/it\/wp-json\/wp\/v2\/media\/657846"}],"wp:attachment":[{"href":"https:\/\/www.europesays.com\/it\/wp-json\/wp\/v2\/media?parent=657845"}],"wp:term":[{"taxonomy":"category","embeddable":true,"href":"https:\/\/www.europesays.com\/it\/wp-json\/wp\/v2\/categories?post=657845"},{"taxonomy":"post_tag","embeddable":true,"href":"https:\/\/www.europesays.com\/it\/wp-json\/wp\/v2\/tags?post=657845"}],"curies":[{"name":"wp","href":"https:\/\/api.w.org\/{rel}","templated":true}]}}