{"id":657853,"date":"2026-08-31T10:30:11","date_gmt":"2026-08-31T10:30:11","guid":{"rendered":"https:\/\/www.europesays.com\/it\/657853\/"},"modified":"2026-08-31T10:30:11","modified_gmt":"2026-08-31T10:30:11","slug":"tutte-le-feste-della-mostra-del-cinema-di-venezia-blindatissime-e-la-moda-torna-protagonista","status":"publish","type":"post","link":"https:\/\/www.europesays.com\/it\/657853\/","title":{"rendered":"Tutte le feste della Mostra del cinema di Venezia (blindatissime). E la moda torna protagonista"},"content":{"rendered":"<p>    di<br \/>\n    Maria Teresa Veneziani<\/p>\n<p class=\"summary-art is-line-h-12\">Al via il pre-festival con il &#8220;bagno&#8221; all&#8217;Excelsior dei co-condutturi Greta Scarano e Nicolas Maupas. Robert Pattinson, Pen\u00e9lope Cruz, Alicia Vikander, Orlando Bloom e gli Oasis, Nanni Moretti guidano la schiera di stelle<\/p>\n<p class=\"chapter-paragraph\"><b>Robert Pattinson, Pen\u00e9lope Cruz, Alicia Vikander,\u00a0Dakota Johnson\u00a0e gli Oasis<\/b> guidano la schiera di stelle della 83ma edizione della Mostra internazionale d\u2019Arte Cinematografica di Venezia 2026 presieduta da . Senza dimenticare il fronte italiano con <b>Gianni Amelio, Alessandro Borghi, Valeria Golino,\u00a0Alba Rohrwacher<\/b>\u00a0<b>\u00a0e Valerio Mastandrea.<\/b>\u00a0<br \/>Un parterre che scaccia ogni nube sul contorno di glamour che arricchir\u00e0 gli 88 film in programma e richiamer\u00e0 i riflettori del mondo sul tappeto rosso del Lido, che dal 2 al 12 settembre torna capitale del cinema mondiale. <b>Tutto \u00e8 pronto.\u00a0<\/b><br \/>L\u2019Hotel Excelsior Venice Lido, legato al Festival fin dalla prima edizione del 1932, con la celebre terrazza piena di fermento rester\u00e0 il principale crocevia fra star, produzioni, uffici stampa, media e incontri.<b>\u00a0<\/b>Immancabile anche la <b>Lounge Campari<\/b>: torner\u00e0 sulla Terrazza Biennale, di fronte al Palazzo del Casin\u00f2, per il nono anno consecutivo: la sera inaugurale sar\u00e0 dedicata alla stampa italiana, con la possibilit\u00e0 di seguire dallaterrazza la cerimonia d\u2019apertura e un DJ set a seguire. La cocktail list (selezionissa) \u00e8 affidata a Camparino in Galleria.\u00a0<\/p>\n<p class=\"chapter-paragraph\"><b>Si parte l&#8217;1 con il prefestival e l\u2019immancabile bagno sul bagnasciuga dell\u2019Hotel Excelsior dei due co-conduttori<\/b> della serata di apertura e chiusura della kermesse, <b>Greta Scarano e Nicolas Maupas.<\/b> Un dettaglio non ininfluente per la rassegna pi\u00f9 antica del mondo (ha 94 anni, essendo stata fondata 1932). Il comitato organizzativo ha infatti deciso la conduzione a due nel segno della parit\u00e0 di genere, spedendo in archivio il termine madrina e padrino.\u00a0Sempre l\u20191, in sala Darsena, dopo la cerimonia di preapertura c\u2019\u00e8 l\u2019omaggio a <b>Tinto Bras<\/b>s, con il film restaurato Col cuore in gola nella sezione Venezia Classici.\u00a0    &#13;<br \/>\n&#13;<br \/>\n&#13;<br \/>\n&#13;<br \/>\n&#13;<br \/>\n&#13;<br \/>\n&#13;<br \/>\n&#13;<br \/>\n&#13;<br \/>\n&#13;<br \/>\n&#13;<br \/>\n&#13;<br \/>\n&#13;<br \/>\n&#13;<br \/>\n&#13;<br \/>\n&#13;<br \/>\n&#13;<br \/>\n&#13;<br \/>\n&#13;<br \/>\n&#13;<br \/>\n&#13;<br \/>\n&#13;<br \/>\n&#13;<br \/>\n&#13;<br \/>\n&#13;<br \/>\n&#13;<br \/>\n&#13;<br \/>\n&#13;<br \/>\n&#13;<br \/>\n&#13;<br \/>\n&#13;<br \/>\n&#13;<br \/>\n&#13;<br \/>\n&#13;<br \/>\n&#13;<br \/>\n&#13;<br \/>\n&#13;<br \/>\n&#13;<br \/>\n&#13;<br \/>\n&#13;<br \/>\n&#13;<br \/>\n&#13;<br \/>\n&#13;<br \/>\n&#13;<br \/>\n&#13;<br \/>\n&#13;<br \/>\n&#13;<br \/>\n&#13;<br \/>\n&#13;<br \/>\n&#13;<br \/>\n&#13;<br \/>\n&#13;<br \/>\n&#13;\n<\/p>\n<p class=\"chapter-paragraph\"><b>Festival al via il  2 settembre con la cerimonia di apertura<\/b> che vede la consegna del Leone alla Carriera in Sala Grande a<b> George Clooney <\/b>e gi\u00e0 si immaginano i suoi siparietti con i fotografi. A seguire, il film di apertura \u00e8 Ink di  <b>Danny Boyle<\/b>. il  regista di Trainspotting, va alle origini del Sun, il tabloid nato nel 1969, sfacciato e irreverente, che presto divenne il quotidiano pi\u00f9 venduto al mondo. A sfilare sul tappeto rosso ci saranno gli interpreti  Jack O\u2019Connell, Guy Pearce e Claire Foy.\u00a0<\/p>\n<p class=\"chapter-paragraph\"><b>E sul carpet del festival che pi\u00f9 di altri \u00e8 sinonimo di cinema d&#8217;autore ancora una volta la moda torna protagonista<\/b> in quanto alleata indispensabile del cinema in tutte le manifestazioni, dal set ai look dei protagonisti davanti ai flash dei fotografi che passeranno alla storia.\u00a0<\/p>\n<p class=\"chapter-paragraph\">Ad alimentare il glamour della Mostra  anche quest\u2019anno <b>sono gli eventi e le feste che affollano la Laguna, gi\u00e0 cominciati dal 28 agosto<\/b>. <b>Kim Kardashian <\/b>\u00e8 tornata a Venezia per ricevere (al teatro Goldoni) il pi\u00f9 importante dei premi  <b>Diane von Furstenberg<\/b>, per il suo impegno rivolto alla riforma del sistema carcerario negli Stati Uniti. A dare il via alle feste, nella giornata di pre-apertura \u00e8 Variety, il celebre foglio daily consegnato mano la mattina, diventato ambitissimo.<\/p>\n<p class=\"chapter-paragraph\">Dopo l\u2019evento di apertura, <b>il 3 settembre sar\u00e0 all\u2019insegna dello Space Style in occasione del vernissage del Museo Cardin<\/b>. La dimora che fu del grande couturier, nel sestiere di San Polo, nei pressi del mercato di Rialto, ospiter\u00e0 130 abiti da tutte le collezioni Pierre Cardin nel periodo che va dal 1950 al 2020. Oltre agli abiti saranno in esposizione anche gioielli, borse, accessori e vari pezzi di design che ora rivivono grazie alla dedizione del nipote, l\u2019erede creativo,<b> Rodrigo Basilicati Cardin.<\/b> Protagonisti della serata anche gli occhiali prodotti da Safilo.<\/p>\n<p class=\"chapter-paragraph\"><b>Il 5 settembre, torna il premio il Kin\u00e9o<\/b>: in occasione del 25mo anniversario, l\u2019evento ideato e diretto da Rosetta Sannelli, amplia il suo parterre con nuovi riconoscimenti che attraversano cinema, televisione, serialit\u00e0, coreografia. Tra i premiati, la modella Vialina Lemann, che sar\u00e0 Ambassador for Women Empowerment dell\u2019edizione 2026: e ancora, alla Casa Cinema Giovani, <b>Luca Tommassini, Gennaro Nunziante, Miguel  \u00c1ngel Silvestre<\/b>. La sera, cena di gala come da tradizione a Ca&#8217; Sagredo.\u00a0<\/p>\n<p class=\"chapter-paragraph\"><b>Il 6 settembre<\/b>, tutti i riflettori sono per il gala benefico amfAR, uno degli appuntamenti internazionali pi\u00f9 attesi in concomitanza con la Mostra, in grado di riunire cinema, arte, musica, alta gioielleria. Protagonista della sesta edizione &#8211;  al Molino Stucky Venice, alla Giudecca &#8211; <b>Pamela Anderson;<\/b> con lei sar\u00e0 celebrata <b>Marina Abramovi\u0107<\/b> mentre Taika Waititi condurr\u00e0 la serata. Sul palco saliranno Bebe Rexha, protagonista della performance musicale, e la cantautrice britannica Mimi Webb, chiamata ad aprire il gala che servir\u00e0 a raccogliere fondi per la ricerca salvavita e per contribuire alla fine dell\u2019epidemia di Hiv\/Aids.\u00a0<br \/>Sempre il 6, al Lido, <b>la giornata di Orlando Bloom<\/b>, che ricever\u00e0 il <b>Filming Italy International Award , ideato e diretto da Tiziana Rocca<\/b>. Il premio viene conferito a personalit\u00e0 che, con il loro talento e il loro percorso artistico, hanno contribuito in modo significativo alla crescita e alla diffusione del cinema e dell\u2019audiovisivo a livello internazionale.\u00a0<br \/>Marted\u00ec 8 settembre \u00e8 di scena il  <b>premio Cartier Glory to the Filmmaker<\/b> dell&#8217;83\u00aa Biennale. Ad aggiudicarselo il regista produttore<b> Luca Guadagnino<\/b>. &#8220;Un autore che ha saputo trasformare la propria curiosit\u00e0 in una forma di libert\u00e0 creativa. Estraneo e irriducibile a qualsiasi scuola o tendenza, si \u00e8 imposto come regista globale, capace di lavorare con i pi\u00f9 importanti attori e produttori internazionali&#8221;, la motivazione del presidente della mostra Alberto Barbera.<\/p>\n<p class=\"chapter-paragraph\">Luned\u00ec 7 settembre<b> Ellen Burstyn <\/b>ritira il suo Leone d&#8217;oro alla carriera in una giornata che vede anche <b>Dakota Johnson e Valeria Bruni Tedeschi<\/b> sul tappeto rosso.<\/p>\n<p class=\"chapter-paragraph\"><b>Il 12<\/b>, serata finale con <b>la consegna del Leone d&#8217;oro assegnato dalla giuria presieduta dalla regista, attrice, sceneggiatrice e produttrice statunitense Maggie Gyllenhaal<\/b>. In concomitanza va in scena il party di chiusura con il<b> Premio Armani beauty, s<\/b>torico official Beauty Sponsor della Mostra. II brand\u00a0 dedicato alla bellezza dello stilista scomparso, che adorava il cinema, \u00e8 presente al Lido con una suite all&#8217;hotel Excelsior riprogettata come una \u00abgreen room\u00bb da Armani\/Casa e\u00a0uno staff itinerante per contribuire a far brillare le star, lanciando i trend del trucco di stagione.\u00a0 Al parrucco pensa la Lounge K\u00e9rastase. Il marchio, alla Mostra per il nono anno consecutivo e Official Hair Partner di Greta Scarano, porter\u00e0 al Lido una squadra di oltre 70 <b>hairstylist<\/b> per seguire gli hairlook degli ospiti italiani e internazionali.<\/p>\n<p class=\"chapter-paragraph\">Solo un piccolo assaggio di quel che succeder\u00e0 in questi 12 giorni in cui a Venezia si ripete il rito del cinema. E non resta che sottoscrivere le parola del  presidente <b>Alberto Barbera<\/b>: \u201cNon c\u2019\u00e8 un\u2019arte con una funzione estetica, culturale e sociale pi\u00f9 potente e appassionante\u201d.\u00a0<\/p>\n<p class=\"is-last-update\" datetime=\"2026-08-31T10:53:52+02:00\">31 agosto 2026 ( modifica il 31 agosto 2026 | 10:53)<\/p>\n<p class=\"is-copyright\">\n            \u00a9 RIPRODUZIONE RISERVATA\n        <\/p>\n","protected":false},"excerpt":{"rendered":"di Maria Teresa Veneziani Al via il pre-festival con il &#8220;bagno&#8221; all&#8217;Excelsior dei co-condutturi Greta Scarano e Nicolas&hellip;\n","protected":false},"author":3,"featured_media":657854,"comment_status":"","ping_status":"","sticky":false,"template":"","format":"standard","meta":{"footnotes":"","_share_on_mastodon":"0"},"categories":[1451],"tags":[7646,1493,5142,20205,49960,915,23422,1615,8809,1240,5145,28205,41582,65457,342938,1902,6749,1621,1620,818,39964,432,640,30184,59622,42679,363042,13819,15381,363043,363044,69291,49833,7085,2239,203,451,53579,4845,4631,454,6289,1346,19624,5183,43406,12462,12463,363045,160365,363046,363047,6139,59666,21434,363048,51619,832,644,204,1537,90,89,12317,649,52718,12857,46623,6991,150177,3112,363049,363050,632,776,655,635,11835,12346,22479,9065,407,55625,55626,5583,222],"class_list":["post-657853","post","type-post","status-publish","format-standard","has-post-thumbnail","category-celebrita","tag-abiti","tag-alberto","tag-alberto-barbera","tag-alicia","tag-alicia-vikander","tag-apertura","tag-armani","tag-arte","tag-autore","tag-bagno","tag-barbera","tag-beauty","tag-biennale","tag-bloom","tag-cardin","tag-carriera","tag-celebre","tag-celebrita","tag-celebrities","tag-cerimonia","tag-cerimonia-apertura","tag-chiusura","tag-cinema","tag-concomitanza","tag-consecutivo","tag-consegna","tag-consegna-leone","tag-contribuire","tag-cruz","tag-cruz-alicia","tag-cruz-alicia-vikander","tag-dakota","tag-dakota-johnson","tag-diretto","tag-edizione","tag-entertainment","tag-evento","tag-excelsior","tag-feste","tag-festival","tag-film","tag-fotografi","tag-fronte","tag-gala","tag-giornata","tag-glamour","tag-greta","tag-greta-scarano","tag-greta-scarano-nicolas","tag-guidano","tag-guidano-schiera","tag-guidano-schiera-stelle","tag-hotel","tag-hotel-excelsior","tag-ideato","tag-ideato-diretto","tag-immancabile","tag-internazionale","tag-internazionali","tag-intrattenimento","tag-it","tag-italia","tag-italy","tag-johnson","tag-leone","tag-leone-oro","tag-lido","tag-lounge","tag-luca","tag-maupas","tag-moda","tag-moda-torna","tag-moda-torna-protagonista","tag-mostra","tag-premio","tag-protagonista","tag-regista","tag-rosso","tag-scarano","tag-seguire","tag-serata","tag-settembre","tag-tappeto","tag-tappeto-rosso","tag-torna","tag-venezia"],"share_on_mastodon":{"url":"","error":"Validation failed: Text character limit of 500 exceeded"},"_links":{"self":[{"href":"https:\/\/www.europesays.com\/it\/wp-json\/wp\/v2\/posts\/657853","targetHints":{"allow":["GET"]}}],"collection":[{"href":"https:\/\/www.europesays.com\/it\/wp-json\/wp\/v2\/posts"}],"about":[{"href":"https:\/\/www.europesays.com\/it\/wp-json\/wp\/v2\/types\/post"}],"author":[{"embeddable":true,"href":"https:\/\/www.europesays.com\/it\/wp-json\/wp\/v2\/users\/3"}],"replies":[{"embeddable":true,"href":"https:\/\/www.europesays.com\/it\/wp-json\/wp\/v2\/comments?post=657853"}],"version-history":[{"count":0,"href":"https:\/\/www.europesays.com\/it\/wp-json\/wp\/v2\/posts\/657853\/revisions"}],"wp:featuredmedia":[{"embeddable":true,"href":"https:\/\/www.europesays.com\/it\/wp-json\/wp\/v2\/media\/657854"}],"wp:attachment":[{"href":"https:\/\/www.europesays.com\/it\/wp-json\/wp\/v2\/media?parent=657853"}],"wp:term":[{"taxonomy":"category","embeddable":true,"href":"https:\/\/www.europesays.com\/it\/wp-json\/wp\/v2\/categories?post=657853"},{"taxonomy":"post_tag","embeddable":true,"href":"https:\/\/www.europesays.com\/it\/wp-json\/wp\/v2\/tags?post=657853"}],"curies":[{"name":"wp","href":"https:\/\/api.w.org\/{rel}","templated":true}]}}