{"id":657869,"date":"2026-08-31T10:39:18","date_gmt":"2026-08-31T10:39:18","guid":{"rendered":"https:\/\/www.europesays.com\/it\/657869\/"},"modified":"2026-08-31T10:39:18","modified_gmt":"2026-08-31T10:39:18","slug":"nuova-toyota-celica-2027-motore-2-0-turbo-ibrida-e-trazione-integrale-news","status":"publish","type":"post","link":"https:\/\/www.europesays.com\/it\/657869\/","title":{"rendered":"Nuova Toyota Celica 2027: motore 2.0 turbo, ibrida e trazione integrale &#8211; News"},"content":{"rendered":"<p>\n            La Toyota Celica potrebbe tornare dopo oltre vent\u2019anni di assenza. La nuova generazione, attesa come modello d\u2019accesso alla gamma GR, dovrebbe puntare su motore 2.0 turbo, tecnologia ibrida e trazione integrale, con un possibile legame sempre pi\u00f9 stretto con il mondo del rally.\n        <\/p>\n<p>              31 agosto 2026<\/p>\n<p>            L&#8217;ultima punta del trittico<\/p>\n<p>La <strong>Toyota Celica<\/strong> potrebbe essere pronta a tornare sul mercato. A oltre vent\u2019anni dall\u2019uscita di scena della settima generazione, la storica coup\u00e9 giapponese sarebbe infatti destinata a diventare il nuovo modello d\u2019accesso della famiglia sportiva <strong>GR<\/strong>.<\/p>\n<p>Il progetto rientra nell\u2019ambizione del presidente Akio Toyoda di riportare in vita quelli che ha sempre considerato i \u201ctre fratelli\u201d di Toyota: <strong>Supra<\/strong>, <strong>MR2<\/strong> e <strong>Celica<\/strong>. La Supra \u00e8 gi\u00e0 tornata, mentre il progetto per una nuova MR2 sembra essere sempre pi\u00f9 concreto. La Celica sarebbe quindi il tassello mancante.<\/p>\n<p>            Una storia al gusto di rally<\/p>\n<p>Il legame con il motorsport potrebbe essere particolarmente importante. Toyota ha recentemente mostrato un prototipo destinato a diventare la base della vettura per il <strong>Mondiale Rally 2027<\/strong>, caratterizzato da una <strong>carrozzeria a due porte<\/strong> completamente nuova. Le regole WRC dal prossimo anno permetteranno una maggiore libert\u00e0 nella carrozzeria delle auto da gara, ma utilizzare una silhouette riconducibile alla Celica sarebbe una scelta perfetta anche dal punto di vista commerciale.<\/p>\n<p>Del resto, la Celica ha gi\u00e0 una lunga storia nel rally. Toyota ha utilizzato diverse generazioni della coup\u00e9 come base per le proprie vetture ufficiali, conquistando anche i titoli mondiali del 1993 e del 1994.<\/p>\n<p>                            <img decoding=\"async\" class=\"img-fluid \" loading=\"lazy\" data-zoomable=\"\" src=\"https:\/\/cdn-img.automoto.it\/images\/51819007\/2000x\/20260831-095203021-8888.png?quality=75&amp;format=webp&amp;width=800\" data-zoom-src=\"https:\/\/www.europesays.com\/it\/wp-content\/uploads\/2026\/08\/20260831-095203021-8888.png\" width=\"1448\" height=\"1086\" alt=\"Render immaginario della nuova generazione di Celica\"\/><\/p>\n<p>                    Render immaginario della nuova generazione di Celica<\/p>\n<p>            Le ipotesi sulla tecnica<\/p>\n<p>La nuova Celica stradale dovrebbe invece condividere buona parte della tecnica con modelli pi\u00f9 convenzionali della gamma Toyota. La candidata pi\u00f9 logica \u00e8 la nuova Corolla, dalla quale potrebbe derivare una versione coup\u00e9 a due porte con impostazione sportiva. L&#8217;obiettivo sarebbe quello di proporre una <strong>rivale diretta della Honda Prelude<\/strong>, offrendo al tempo stesso un accesso meno estremo al mondo GR.<\/p>\n<p>Sotto il cofano potrebbe trovare posto un nuovo <strong>quattro cilindri 2.0 turbo<\/strong>, lo stesso motore attualmente utilizzato come base per il progetto della futura MR2. Sulla Celica, per\u00f2, il propulsore sarebbe <strong>montato anteriormente e abbinato a un sistema ibrido<\/strong>, seguendo una filosofia simile a quella della Corolla.<\/p>\n<p>Toyota non ha ancora deciso tutti i dettagli del powertrain. Non \u00e8 esclusa nemmeno una soluzione <strong>plug-in hybrid<\/strong>, mentre il tre cilindri 1.6 della GR Yaris sembra destinato a rimanere escluso dalla versione stradale a causa delle normative sulle emissioni.<\/p>\n<p>La trazione integrale, invece, sembra essere una delle certezze pi\u00f9 probabili. La nuova Celica <strong>dovrebbe infatti essere AWD<\/strong> sia nella versione stradale sia in quella destinata al rally. Per ora non ci sono per\u00f2 conferme sul ritorno della storica denominazione GT-Four.<\/p>\n<p>Dopo anni di assenza, dunque, la Celica potrebbe tornare con una formula profondamente moderna ma ancora fedele alla propria storia: carrozzeria coup\u00e9, quattro ruote motrici e un motore turbo affiancato dall&#8217;elettrificazione.<\/p>\n","protected":false},"excerpt":{"rendered":"La Toyota Celica potrebbe tornare dopo oltre vent\u2019anni di assenza. La nuova generazione, attesa come modello d\u2019accesso alla&hellip;\n","protected":false},"author":3,"featured_media":657870,"comment_status":"","ping_status":"","sticky":false,"template":"","format":"standard","meta":{"footnotes":"","_share_on_mastodon":"0"},"categories":[173],"tags":[1537,90,89,363070,363062,195,198,199,197,200,201,194,196,363061,363064,363063,363066,363067,363065,363069,197643,363068],"class_list":["post-657869","post","type-post","status-publish","format-standard","has-post-thumbnail","category-scienza-e-tecnologia","tag-it","tag-italia","tag-italy","tag-nuova-celica","tag-nuova-toyota-celica","tag-science","tag-science-and-technology","tag-scienceandtechnology","tag-scienza","tag-scienza-e-tecnologia","tag-scienzaetecnologia","tag-technology","tag-tecnologia","tag-toyota-celica","tag-toyota-celica-2026","tag-toyota-celica-2027","tag-toyota-celica-awd","tag-toyota-celica-gt-four","tag-toyota-celica-ibrida","tag-toyota-celica-sport","tag-toyota-gr","tag-toyota-gr-celica"],"share_on_mastodon":{"url":"https:\/\/pubeurope.com\/@it\/117189698623801174","error":""},"_links":{"self":[{"href":"https:\/\/www.europesays.com\/it\/wp-json\/wp\/v2\/posts\/657869","targetHints":{"allow":["GET"]}}],"collection":[{"href":"https:\/\/www.europesays.com\/it\/wp-json\/wp\/v2\/posts"}],"about":[{"href":"https:\/\/www.europesays.com\/it\/wp-json\/wp\/v2\/types\/post"}],"author":[{"embeddable":true,"href":"https:\/\/www.europesays.com\/it\/wp-json\/wp\/v2\/users\/3"}],"replies":[{"embeddable":true,"href":"https:\/\/www.europesays.com\/it\/wp-json\/wp\/v2\/comments?post=657869"}],"version-history":[{"count":0,"href":"https:\/\/www.europesays.com\/it\/wp-json\/wp\/v2\/posts\/657869\/revisions"}],"wp:featuredmedia":[{"embeddable":true,"href":"https:\/\/www.europesays.com\/it\/wp-json\/wp\/v2\/media\/657870"}],"wp:attachment":[{"href":"https:\/\/www.europesays.com\/it\/wp-json\/wp\/v2\/media?parent=657869"}],"wp:term":[{"taxonomy":"category","embeddable":true,"href":"https:\/\/www.europesays.com\/it\/wp-json\/wp\/v2\/categories?post=657869"},{"taxonomy":"post_tag","embeddable":true,"href":"https:\/\/www.europesays.com\/it\/wp-json\/wp\/v2\/tags?post=657869"}],"curies":[{"name":"wp","href":"https:\/\/api.w.org\/{rel}","templated":true}]}}