{"id":657910,"date":"2026-08-31T11:08:14","date_gmt":"2026-08-31T11:08:14","guid":{"rendered":"https:\/\/www.europesays.com\/it\/657910\/"},"modified":"2026-08-31T11:08:14","modified_gmt":"2026-08-31T11:08:14","slug":"su-maps-il-lago-ontario-diventa-lago-damerica-google-si-adegua-ancora-una-volta-ai-capricci-di-trump","status":"publish","type":"post","link":"https:\/\/www.europesays.com\/it\/657910\/","title":{"rendered":"Su Maps il lago Ontario diventa lago d&#8217;America: Google si adegua (ancora una volta) ai capricci di Trump"},"content":{"rendered":"<p class=\"summary-art is-normal-b-light\">Dopo l&#8217;ordine esecutivo del presidente degli Stati Uniti Google cambia la denominazione geografica (che vale solo per i cittadini americani)<\/p>\n<p class=\"chapter-paragraph\">Google si \u00e8 adeguata ai capricci di <b>Trump e ha rinominato il Lago Ontario in Lago America<\/b>, ma solo per gli utenti degli Stati Uniti. Per i canadesi il lago continuer\u00e0 a chiamarsi Ontario mentre i cittadini del resto del mondo visualizzano entrambe le denominazioni. Si \u00e8 ripetuto quello che era gi\u00e0 successo nel febbraio dello scorso anno con <a href=\"https:\/\/www.corriere.it\/tecnologia\/25_febbraio_11\/su-maps-arriva-il-golfo-d-america-e-dal-calendar-scompare-il-mese-del-pride-cosi-google-si-inchina-a-trump-04fe19d6-549e-406f-9dad-598c2d8d7xlk.shtml\" rel=\"nofollow noopener\" target=\"_blank\">il Golfo del Messico, ribattezzato dal presidente americano Golfo d&#8217;America <\/a>e subito assecondato dalla Big Tech.\u00a0<\/p>\n<p class=\"chapter-paragraph\">Tutto \u00e8 iniziato la\u00a0 scorsa settimana, nel pieno della guerra commerciale con il Canada.\u00a0 Il presidente Donald Trump, con l&#8217;ennesima provocazione,\u00a0\u00a0<a href=\"https:\/\/www.corriere.it\/esteri\/26_agosto_27\/trump-rinomina-il-lago-ontario-si-chiamera-lago-america-ora-ci-serve-un-oceano-3a71290f-f1c2-4077-87ff-0fb40c23cxlk.shtml\" rel=\"nofollow noopener\" target=\"_blank\">ha emanato l&#8217;ordine esecutivo<\/a> per ridisegnare la geografia del Nord America cambiando la denominazione del pi\u00f9 piccolo dei cinque laghi del Nord America, che condivide il nome con la provincia del Canada. La sparata di Trump \u00e8 arrivata<a href=\"https:\/\/www.corriere.it\/esteri\/26_agosto_25\/guerra-commerciale-canada-stati-uniti-carney-dazi-de432c3f-d211-4a1c-aa75-134397721xlk.shtml\" rel=\"nofollow noopener\" target=\"_blank\"> dopo che i funzionari canadesi avevano annunciato nuove tariffe sulle merci statunitensi<\/a>.\u00a0\u00abIl Canada \u00e8 viziato, irragionevole e ha spennato gli Stati Uniti\u00bb ha scritto su pi\u00f9 post su Truth.<b> Poi la ripicca finale con l&#8217;ordine di cambiare nome al lago Ontario.<\/b>    &#13;<br \/>\n&#13;<br \/>\n&#13;<br \/>\n&#13;<br \/>\n&#13;<br \/>\n&#13;<br \/>\n&#13;<br \/>\n&#13;<br \/>\n&#13;<br \/>\n&#13;<br \/>\n&#13;<br \/>\n&#13;<br \/>\n&#13;<br \/>\n&#13;<br \/>\n&#13;<br \/>\n&#13;<br \/>\n&#13;<br \/>\n&#13;<br \/>\n&#13;<br \/>\n&#13;<br \/>\n&#13;<br \/>\n&#13;<br \/>\n&#13;<br \/>\n&#13;<br \/>\n&#13;<br \/>\n&#13;<br \/>\n&#13;<br \/>\n&#13;<br \/>\n&#13;<br \/>\n&#13;<br \/>\n&#13;<br \/>\n&#13;<br \/>\n&#13;<br \/>\n&#13;<br \/>\n&#13;<br \/>\n&#13;<br \/>\n&#13;<br \/>\n&#13;<br \/>\n&#13;<br \/>\n&#13;<br \/>\n&#13;<br \/>\n&#13;<br \/>\n&#13;<br \/>\n&#13;<br \/>\n&#13;<br \/>\n&#13;<br \/>\n&#13;<br \/>\n&#13;<br \/>\n&#13;<br \/>\n&#13;<br \/>\n&#13;<br \/>\n&#13;<br \/>\n&#13;\n<\/p>\n<p>        <img decoding=\"async\" class=\"is_full_image\" loading=\"lazy\" alt=\"Lago Ontario\" src=\"https:\/\/www.europesays.com\/it\/wp-content\/uploads\/2026\/08\/6a953719f1dc0.jpeg\" data-full-src=\"https:\/\/www.europesays.com\/it\/wp-content\/uploads\/2026\/08\/6a953719f1dc0.jpeg\"\/><\/p>\n<p class=\"chapter-paragraph\">\u00abAbbiamo un golfo, abbiamo un lago.<b> Ora forse dovremo cambiare il nome dell&#8217;oceano Atlantico e dell&#8217;oceano Pacifico<\/b>. Forse li cambieremo tutti e due\u00bb, ha detto il presidente nello Studio Ovale firmando il decreto che rievoca quello sulla rinomina <a href=\"https:\/\/www.corriere.it\/tecnologia\/25_maggio_12\/golfo-d-america-il-messico-reagisce-al-cambio-di-nome-voluto-da-trump-e-fa-causa-a-google-08fd0ca2-250c-45ce-b67b-2cc239bc6xlk.shtml\" title=\"Golfo d&#039;America, il Messico reagisce al cambio di nome voluto da Trump e fa causa a Google\" rel=\"nofollow noopener\" target=\"_blank\">del Golfo del Messico in Golfo d&#8217;America<\/a>.\u00a0<\/p>\n<p class=\"chapter-paragraph\">Detto fatto. Tempo pochi giorni e Google si \u00e8 inchinata ai voleri del presidente.<b> E la stessa cosa la stanno per fare anche\u00a0 Apple, Microsoft e tutti i siti e app che forniscono mappe<\/b>. Google, probabilmente prevedendo che il cambiamento avrebbe suscitato polemiche ha <a href=\"https:\/\/blog.google\/products-and-platforms\/products\/maps\/gnis-lake-ontario-lake-america-name-change\/\" rel=\"nofollow noreferrer noopener\" target=\"_blank\">rilasciato una nota <\/a>in cui spiega che le modifiche ai nomi geografici su GoogleMaps vengono applicate per prassi nel momento in cui subentrano<b> aggiornamenti da fonti governative ufficiali<\/b>. Google fa riferimento al <a href=\"https:\/\/www.usgs.gov\/us-board-on-geographic-names\/what-geographic-names-information-system-gnis\" rel=\"nofollow noreferrer noopener\" target=\"_blank\">Sistema di Informazione sui Nomi Geografici degli Stati Uniti<\/a> (GNIS) e spiega che gli utenti di Maps negli Stati Uniti vedranno \u00abLago America\u00bb quelli in Canada continueranno a vedere \u00abLago Ontario\u00bb e quelli al di fuori degli Stati Uniti e del Canada vedranno entrambi i nomi (Lake America tra parentesi). Le societ\u00e0 private non sono tuttavia obbligate per legge a procedere con le modifiche geografiche. Uno dei fornitori statunitensi di mappe, MapQuest, in risposta all&#8217;ordine di Trump ha dichiarato in un post:\u00a0<a href=\"https:\/\/x.com\/MapQuest\/status\/2093038963196117303\" rel=\"nofollow noreferrer\" target=\"_blank\">\u00abNon lo cambieremo\u00bb<\/a>.<\/p>\n<p>        <img decoding=\"async\" class=\"is_full_image\" loading=\"lazy\" alt=\"Lago Ontario\" src=\"https:\/\/www.europesays.com\/it\/wp-content\/uploads\/2026\/08\/6a9536600d393.jpeg\" data-full-src=\"https:\/\/www.europesays.com\/it\/wp-content\/uploads\/2026\/08\/6a9536600d393.jpeg\"\/><\/p>\n<p class=\"chapter-paragraph\"><a href=\"https:\/\/www.corriere.it\/tecnologia\/25_febbraio_11\/su-maps-arriva-il-golfo-d-america-e-dal-calendar-scompare-il-mese-del-pride-cosi-google-si-inchina-a-trump-04fe19d6-549e-406f-9dad-598c2d8d7xlk.shtml?refresh_ce\" rel=\"nofollow noopener\" target=\"_blank\">Google ha gi\u00e0 introdotto modifiche simili in passato<\/a>. Lo scorso anno il presidente aveva emesso un proclama analogo cambiando il nome da\u00a0\u00abGolfo del Messico\u00bb a \u00abGolfo d&#8217;America\u00bb che, secondo Donald Trump\u00a0<b>\u00abappartiene\u00bb agli Stati Uniti,<\/b> perch\u00e9 sono loro \u00aba fare la maggior parte del lavoro l\u00ec\u00bb. Il <b>Messico ha fatto causa al colosso di Mountain View<\/b>, ma oggi \u00e8 in vigore ancora la doppia denominazione.\u00a0 Certo \u00e8 che, con tutti i &#8220;nemici&#8221; che si \u00e8 fatto Trump la trasformazione delle mappe geografiche rischia di non fermarsi qui.\u00a0<\/p>\n<p>Per non perdere le ultime novit\u00e0 su tecnologia e innovazione<br \/>iscriviti alla <a href=\"https:\/\/www.corriere.it\/newsletter\/?id=53\" style=\"text-decoration: underline;\" rel=\"nofollow noopener\" target=\"_blank\">newsletter di Login<\/a><\/p>\n<p class=\"is-last-update\" datetime=\"2026-08-31T10:31:15+02:00\">31 agosto 2026<\/p>\n<p class=\"is-copyright\">\n            \u00a9 RIPRODUZIONE RISERVATA\n        <\/p>\n","protected":false},"excerpt":{"rendered":"Dopo l&#8217;ordine esecutivo del presidente degli Stati Uniti Google cambia la denominazione geografica (che vale solo per i&hellip;\n","protected":false},"author":3,"featured_media":657911,"comment_status":"","ping_status":"","sticky":false,"template":"","format":"standard","meta":{"footnotes":"","_share_on_mastodon":"0"},"categories":[160],"tags":[2032,84376,2554,112114,120010,4014,21673,38027,363086,1064,14,164,165,115041,1113,206,2497,1149,112115,66543,682,4104,363085,358242,7365,13549,10553,166,7,1693,2381,15,110276,6183,135,379,11,167,12,168,3414,161,162,163],"class_list":["post-657910","post","type-post","status-publish","format-standard","has-post-thumbnail","category-mondo","tag-america","tag-cambiando","tag-cambiare","tag-cambiare-nome","tag-cambieremo","tag-canada","tag-canadesi","tag-capricci","tag-capricci-trump","tag-cittadini","tag-cronaca","tag-dal-mondo","tag-dalmondo","tag-denominazione","tag-donald","tag-donald-trump","tag-esecutivo","tag-golfo","tag-golfo-america","tag-golfo-messico","tag-google","tag-lago","tag-lago-america","tag-lago-ontario","tag-mappe","tag-messico","tag-modifiche","tag-mondo","tag-news","tag-nome","tag-nomi","tag-notizie","tag-ontario","tag-ordine","tag-presidente","tag-trump","tag-ultime-notizie","tag-ultime-notizie-di-mondo","tag-ultimenotizie","tag-ultimenotiziedimondo","tag-uniti","tag-world","tag-world-news","tag-worldnews"],"share_on_mastodon":{"url":"","error":"Validation failed: Text character limit of 500 exceeded"},"_links":{"self":[{"href":"https:\/\/www.europesays.com\/it\/wp-json\/wp\/v2\/posts\/657910","targetHints":{"allow":["GET"]}}],"collection":[{"href":"https:\/\/www.europesays.com\/it\/wp-json\/wp\/v2\/posts"}],"about":[{"href":"https:\/\/www.europesays.com\/it\/wp-json\/wp\/v2\/types\/post"}],"author":[{"embeddable":true,"href":"https:\/\/www.europesays.com\/it\/wp-json\/wp\/v2\/users\/3"}],"replies":[{"embeddable":true,"href":"https:\/\/www.europesays.com\/it\/wp-json\/wp\/v2\/comments?post=657910"}],"version-history":[{"count":0,"href":"https:\/\/www.europesays.com\/it\/wp-json\/wp\/v2\/posts\/657910\/revisions"}],"wp:featuredmedia":[{"embeddable":true,"href":"https:\/\/www.europesays.com\/it\/wp-json\/wp\/v2\/media\/657911"}],"wp:attachment":[{"href":"https:\/\/www.europesays.com\/it\/wp-json\/wp\/v2\/media?parent=657910"}],"wp:term":[{"taxonomy":"category","embeddable":true,"href":"https:\/\/www.europesays.com\/it\/wp-json\/wp\/v2\/categories?post=657910"},{"taxonomy":"post_tag","embeddable":true,"href":"https:\/\/www.europesays.com\/it\/wp-json\/wp\/v2\/tags?post=657910"}],"curies":[{"name":"wp","href":"https:\/\/api.w.org\/{rel}","templated":true}]}}