{"id":657923,"date":"2026-08-31T11:23:12","date_gmt":"2026-08-31T11:23:12","guid":{"rendered":"https:\/\/www.europesays.com\/it\/657923\/"},"modified":"2026-08-31T11:23:12","modified_gmt":"2026-08-31T11:23:12","slug":"inter-calhanoglu-e-il-rinnovo-il-punto","status":"publish","type":"post","link":"https:\/\/www.europesays.com\/it\/657923\/","title":{"rendered":"Inter, Calhanoglu e il rinnovo: il punto"},"content":{"rendered":"<p>                                L&#8217;ottimo avvio di stagione del suo regista pu\u00f2 spingere l&#8217;Inter ad aprire la trattativa per allungargli il contratto\u00a0<\/p>\n<p class=\"paragraph\" spellcheck=\"true\">Otto giorni fa a San Siro aveva usato il martello, stavolta a Cagliari ha scelto il compasso, ma Hakan Calhanoglu lascia sempre la stessa scia nel cielo nerazzurro. Il messaggio rimane uguale, indipendentemente dallo stadio, dal tipo di partita e anche dal punteggio: continuando a segnare e ad esplorare la sua arte varia di tiri da fuori, il turco sembra dire al mondo Inter che \u00e8 qui per restare. Che non \u00e8 detto che la storia con il club si concluda a fine stagione per naturale fine del contratto: quello \u00e8 lo scenario che, inizialmente, immaginavano i dirigenti, ma nuove pagine di storia sono da scrivere e tutto potrebbe cambiare. Se Hakan dar\u00e0 seguito a questo fulminante inizio di stagione, come non pensare di sedersi al tavolo per allungare ancora un po\u2019 il matrimonio felice?<\/p>\n<p>        L\u2019OBIETTIVO\u2014 \u00a0<\/p>\n<p class=\"paragraph\" spellcheck=\"true\">Di certo, Calha lavora per questo dal primo giorno della stagione 2026-27, quella della scadenza contrattuale, arrivata subito dopo la delusione enorme del primo Mondiale giocato con la fascia al braccio. Dopo un\u2019estate con i soliti mal di pancia e quell\u2019iniziale ammiccare alle squadre di casa, prima il Galatasaray e poi pure il Fenerbahce, il regista di Chivu si \u00e8 completamente riconnesso alla causa nerazzurra, con l\u2019obiettivo dichiarato di far cambiare idea alla societ\u00e0. \u00c8 gi\u00e0 a buon punto, la porticina di viale della Liberazione \u00e8 semi-aperta e potrebbe spalancarsi presto vista la necessit\u00e0 di un giocatore cos\u00ec nella zona pi\u00f9 calda del campo. Calha \u00e8 l\u2019uomo che trasmette il pensiero dell\u2019allenatore e, a differenza di molti compagni in quest\u2019alba di stagione, ha pure una maggiore confidenza con la porta: nel bombardamento cagliaritano, l\u2019unica palla entrata dentro \u00e8 stata la sua. Un piccolo grande difettuccio di squadra da sistemare, ma intanto il turco dimostra anche a parole di avere idee chiarissime: \u201cL\u2019unico segreto \u00e8 lavorare, credere in quello che ho dentro e continuare cos\u00ec per dare gioia ai nostri tifosi. L&#8217;importante \u00e8 vincere da squadra e il resto arriva da s\u00e9\u201d, ha detto Hakan alla fine.<\/p>\n<p><a class=\"is-partner-link\" href=\"https:\/\/ad.doubleclick.net\/ddm\/trackclk\/N1792338.340088CAIRORCSMEDIAS.P.\/B28038690.452531709;dc_trk_aid=646241311;dc_trk_cid=173665161;dc_lat=;dc_rdid=;tag_for_child_directed_treatment=;tfua=;gdpr=%24%7BGDPR%7D;gdpr_consent=%24%7BGDPR_CONSENT_755%7D;ltd=;dc_tdv=1\" rel=\"nofollow noopener\" target=\"_blank\">Guarda tutte le partite di Serie A Enilive in esclusiva nei locali Sky! Trova il locale pi\u00f9 vicino a te.<\/a><\/p>\n<p>        PRESTO O TARDI\u2014 \u00a0<\/p>\n<p class=\"paragraph\" spellcheck=\"true\">Da quando abita questi luoghi, esordio in Serie A nel 2017-18, Hakan \u00e8 il cecchino che ha segnato di pi\u00f9 da fuori area: 22 reti in campionato, un\u2019enormit\u00e0 e una sentenza. Altri specialisti come Paulo Dybala e Ruslan Malinovskyi stanno un gradino sotto. Se ci si sofferma solo sul suo tratto nerazzurro, quindi dal 2021-22, diventa uno dei soli tre con almeno 15 reti segnate da fuori nei tornei top: lui \u00e8 fermo proprio a 15, davanti ci sono Harry Kane (16) e, soprattutto, il cannibale Mbapp\u00e9 (22). Nello scoprirlo, Hakan si \u00e8 un po\u2019 risentito: \u201cAh beh, Kylian \u00e8 veramente forte\u2026, ma sono comunque contento perch\u00e9 sono numeri importanti per la carriera\u201d. E anche per il contratto nuovo, da firmare presto o tardi.<\/p>\n<p class=\"is-copyright\">\u00a9 RIPRODUZIONE RISERVATA<\/p>\n","protected":false},"excerpt":{"rendered":"L&#8217;ottimo avvio di stagione del suo regista pu\u00f2 spingere l&#8217;Inter ad aprire la trattativa per allungargli il contratto\u00a0&hellip;\n","protected":false},"author":3,"featured_media":657924,"comment_status":"","ping_status":"","sticky":false,"template":"","format":"standard","meta":{"footnotes":"","_share_on_mastodon":"0"},"categories":[1452],"tags":[6885,20621,363094,32812,217888,363095,8714,122297,363096,1960,363097,363098,721,1751,2554,554,6693,1740,2247,350,1537,90,89,6411,8392,809,2895,363093,635,15313,1739,245,244,1857,577,1567,33097,5268],"class_list":["post-657923","post","type-post","status-publish","format-standard","has-post-thumbnail","category-calcio","tag-abita","tag-abita-luoghi","tag-abita-luoghi-esordio","tag-ah","tag-ah-beh","tag-ah-beh-kylian","tag-alba","tag-alba-stagione","tag-alba-stagione-maggiore","tag-allenatore","tag-allenatore-differenza","tag-allenatore-differenza-compagni","tag-calcio","tag-calha","tag-cambiare","tag-club","tag-contratto","tag-football","tag-hakan","tag-inter","tag-it","tag-italia","tag-italy","tag-messaggio","tag-nerazzurro","tag-obiettivo","tag-presto","tag-presto-tardi","tag-regista","tag-reti","tag-soccer","tag-sport","tag-sports","tag-squadra","tag-stagione","tag-storia","tag-tardi","tag-turco"],"share_on_mastodon":{"url":"https:\/\/pubeurope.com\/@it\/117189869973773045","error":""},"_links":{"self":[{"href":"https:\/\/www.europesays.com\/it\/wp-json\/wp\/v2\/posts\/657923","targetHints":{"allow":["GET"]}}],"collection":[{"href":"https:\/\/www.europesays.com\/it\/wp-json\/wp\/v2\/posts"}],"about":[{"href":"https:\/\/www.europesays.com\/it\/wp-json\/wp\/v2\/types\/post"}],"author":[{"embeddable":true,"href":"https:\/\/www.europesays.com\/it\/wp-json\/wp\/v2\/users\/3"}],"replies":[{"embeddable":true,"href":"https:\/\/www.europesays.com\/it\/wp-json\/wp\/v2\/comments?post=657923"}],"version-history":[{"count":0,"href":"https:\/\/www.europesays.com\/it\/wp-json\/wp\/v2\/posts\/657923\/revisions"}],"wp:featuredmedia":[{"embeddable":true,"href":"https:\/\/www.europesays.com\/it\/wp-json\/wp\/v2\/media\/657924"}],"wp:attachment":[{"href":"https:\/\/www.europesays.com\/it\/wp-json\/wp\/v2\/media?parent=657923"}],"wp:term":[{"taxonomy":"category","embeddable":true,"href":"https:\/\/www.europesays.com\/it\/wp-json\/wp\/v2\/categories?post=657923"},{"taxonomy":"post_tag","embeddable":true,"href":"https:\/\/www.europesays.com\/it\/wp-json\/wp\/v2\/tags?post=657923"}],"curies":[{"name":"wp","href":"https:\/\/api.w.org\/{rel}","templated":true}]}}