{"id":657970,"date":"2026-08-31T11:57:15","date_gmt":"2026-08-31T11:57:15","guid":{"rendered":"https:\/\/www.europesays.com\/it\/657970\/"},"modified":"2026-08-31T11:57:15","modified_gmt":"2026-08-31T11:57:15","slug":"i-ricordi-parmigiani-di-davide-ancelotti-a-rai-radio-1","status":"publish","type":"post","link":"https:\/\/www.europesays.com\/it\/657970\/","title":{"rendered":"I ricordi parmigiani di Davide Ancelotti a Rai Radio 1"},"content":{"rendered":"<p>&#8220;Ho vissuto un&#8217;<strong>infanzia attorniato da giocatori e spogliatoi importanti<\/strong>. Sono sempre stato <strong>vicino a mio padre<\/strong> gi\u00e0 dai primi tempi, quando mi portava a <strong>Milanello<\/strong> nei primi <strong>anni Novanta<\/strong>, era ancora giocatore. Una volta smesso, \u00e8 stato <strong>assistente di Arrigo Sacchi in Nazionale<\/strong>. Poi ha iniziato la carriera vicino a casa, sono nato e cresciuto a <strong>Parma<\/strong>, lui ha iniziato a <strong>Reggio Emilia alla Reggiana<\/strong>. Poi <strong>Parma, Juventus<\/strong>: ha avuto una carriera in Italia fino al <strong>2009<\/strong>, poi \u00e8 partito per la sua <strong>avventura europea<\/strong>. Ho avuto la fortuna di avere un <strong>padre abbastanza presente<\/strong>, nonostante il suo lavoro. Mi ha dato la possibilit\u00e0 di vivere questi <strong>spogliatoi pieni di grandi campioni<\/strong>&#8220;.<\/p>\n<p>Cos\u00ec <strong>Davide Ancelotti<\/strong>, figlio di <strong>Carlo<\/strong> e attuale <strong>allenatore del Lille<\/strong>, ospite di &#8216;<strong>Radio Anch\u2019io Sport<\/strong>&#8216; su <strong>Rai Radio 1<\/strong>, sulla sua <strong>infanzia<\/strong>, su pap\u00e0 Carlo giocatore prima e allenatore poi e sull&#8217;<strong>influenza del padre<\/strong> nella costruzione del suo percorso da tecnico.<\/p>\n<p>&#8220;La <strong>pi\u00f9 grande forza<\/strong> di mio padre nel corso degli anni \u00e8 stata quella di <strong>sapersi adattare ai giocatori che aveva<\/strong> e di <strong>evolversi insieme al gioco<\/strong>&#8220;, spiega ancora <strong>Ancelotti jr<\/strong>. &#8220;Questo \u00e8 il suo pi\u00f9 grande insegnamento &#8211; aggiunge &#8211; L\u2019allenatore deve essere una figura <strong>camaleontica<\/strong>: deve <strong>sapersi adattare al contesto<\/strong>, ai <strong>valori del club<\/strong> della cultura in cui vive. E poi, sul campo, deve <strong>sapersi adattare ai giocatori a disposizione<\/strong> e, ogni tanto, anche <strong>agli avversari<\/strong>&#8220;.<\/p>\n<p>Se pap\u00e0 Carlo \u00e8 ora <strong>ct del Brasile<\/strong>, <strong>Davide Ancelotti<\/strong>, alla guida del <strong>Lille<\/strong>, ha <strong>grandi ambizioni<\/strong>. A cominciare da un bel percorso in <strong>Champions<\/strong>, con la <strong>Roma<\/strong> avversaria all\u2019ultima giornata: &#8220;Roma \u00e8 una citt\u00e0 molto cara, mia madre ha vissuto tanti anni l\u00ec, mio padre \u00e8 stato <strong>capitano della Roma<\/strong> e abbiamo sempre mantenuto legami con la citt\u00e0. Tuttora abbiamo <strong>casa a Roma<\/strong>, per me \u00e8 una citt\u00e0 speciale. Quando eravamo a Napoli, mio padre incredibilmente si fece espellere e fu squalificato prima della partita di Roma e quindi <strong>debuttai come primo allenatore all\u2019Olimpico<\/strong>. Per noi sar\u00e0 una partita importante, l\u2019obiettivo \u00e8 <strong>qualificarci ai playoff<\/strong>. Abbiamo trasferte difficili, Roma sar\u00e0 l\u2019ultima, ma abbiamo una <strong>squadra giovane e piena di energie<\/strong>, che dar\u00e0 battaglia a livello di <strong>Champions<\/strong>&#8220;.<\/p>\n<p role=\"heading\" aria-level=\"2\" class=\"text \">\u00a9 Riproduzione riservata<\/p>\n","protected":false},"excerpt":{"rendered":"&#8220;Ho vissuto un&#8217;infanzia attorniato da giocatori e spogliatoi importanti. Sono sempre stato vicino a mio padre gi\u00e0 dai&hellip;\n","protected":false},"author":3,"featured_media":657971,"comment_status":"","ping_status":"","sticky":false,"template":"","format":"standard","meta":{"footnotes":"","_share_on_mastodon":"0"},"categories":[176],"tags":[51897,70395,156387,1537,90,89,558,13563,23161,248,6301,25242,987,245,244],"class_list":["post-657970","post","type-post","status-publish","format-standard","has-post-thumbnail","category-sport","tag-arrigo-sacchi","tag-carlo-ancelotti","tag-davide-ancelotti","tag-it","tag-italia","tag-italy","tag-juventus","tag-lille","tag-milanello","tag-napoli","tag-parma","tag-reggiana","tag-roma","tag-sport","tag-sports"],"share_on_mastodon":{"url":"https:\/\/pubeurope.com\/@it\/117190004160504133","error":""},"_links":{"self":[{"href":"https:\/\/www.europesays.com\/it\/wp-json\/wp\/v2\/posts\/657970","targetHints":{"allow":["GET"]}}],"collection":[{"href":"https:\/\/www.europesays.com\/it\/wp-json\/wp\/v2\/posts"}],"about":[{"href":"https:\/\/www.europesays.com\/it\/wp-json\/wp\/v2\/types\/post"}],"author":[{"embeddable":true,"href":"https:\/\/www.europesays.com\/it\/wp-json\/wp\/v2\/users\/3"}],"replies":[{"embeddable":true,"href":"https:\/\/www.europesays.com\/it\/wp-json\/wp\/v2\/comments?post=657970"}],"version-history":[{"count":0,"href":"https:\/\/www.europesays.com\/it\/wp-json\/wp\/v2\/posts\/657970\/revisions"}],"wp:featuredmedia":[{"embeddable":true,"href":"https:\/\/www.europesays.com\/it\/wp-json\/wp\/v2\/media\/657971"}],"wp:attachment":[{"href":"https:\/\/www.europesays.com\/it\/wp-json\/wp\/v2\/media?parent=657970"}],"wp:term":[{"taxonomy":"category","embeddable":true,"href":"https:\/\/www.europesays.com\/it\/wp-json\/wp\/v2\/categories?post=657970"},{"taxonomy":"post_tag","embeddable":true,"href":"https:\/\/www.europesays.com\/it\/wp-json\/wp\/v2\/tags?post=657970"}],"curies":[{"name":"wp","href":"https:\/\/api.w.org\/{rel}","templated":true}]}}