{"id":658016,"date":"2026-08-31T12:31:10","date_gmt":"2026-08-31T12:31:10","guid":{"rendered":"https:\/\/www.europesays.com\/it\/658016\/"},"modified":"2026-08-31T12:31:10","modified_gmt":"2026-08-31T12:31:10","slug":"svizzera-fucilate-sul-rave-muore-una-22enne-italiana-il-commando-i-cancelli-spalancati-le-telecamere-assenti-le-ipotesi-di-una-lite-o-un-regolamento-di-conti","status":"publish","type":"post","link":"https:\/\/www.europesays.com\/it\/658016\/","title":{"rendered":"Svizzera, fucilate sul rave: muore una 22enne italiana. Il commando, i cancelli spalancati, le telecamere assenti: le ipotesi di una lite o un regolamento di conti"},"content":{"rendered":"<p>    di<br \/>\n    Andrea Galli<\/p>\n<p class=\"summary-art is-line-h-12\">I colpi sparati all\u2019uscita dall\u2019ippodromo di Aarau: cinque feriti, due sono connazionali. Caccia al commando, mistero sulle cause<\/p>\n<p class=\"chapter-paragraph\">DAL NOSTRO INVIATO<br \/>AARAU (SVIZZERA) &#8211; Si fa sera e la polizia non ha ancora completato i rilievi, pur se la scena del crimine appare codificata: ovvero una zona ridotta della spianata di terra ed erba interna alla pista di uno degli storici ippodromi svizzeri, lo Pferderennbahn Schachen, poi le targhette identificative a segnare le posizioni delle 6 persone colpite, tutte giovani tra i venti e i trent\u2019anni, spettatori del super evento, l\u2019\u00abAarauer rave\u00bb, un rave party regolare (biglietti, orari fissi, zero sgarri, elevato sistema di vigilanza); le persone colpite, si diceva: forse una trentina i proiettili esplosi, oltre la met\u00e0 non a segno, di diversi calibri e associati a pi\u00f9 fucili manovrati da non meno di due e forse anche quattro assalitori.<\/p>\n<p class=\"chapter-paragraph\"><a href=\"https:\/\/www.corriere.it\/cronache\/26_agosto_31\/svizzera-fucilate-al-rave-arrestato-un-uomo-di-43-anni-275740e8-408a-4f41-9079-90ed41e72xlk.shtml\" title=\"Fucilate al rave party di Aarau, arrestato un uomo di 43 anni\" rel=\"nofollow noopener\" target=\"_blank\">Fucilate al rave party, arrestato un uomo di 43 anni<\/a>    &#13;<br \/>\n&#13;<br \/>\n&#13;<br \/>\n&#13;<br \/>\n&#13;<br \/>\n&#13;<br \/>\n&#13;<br \/>\n&#13;<br \/>\n&#13;<br \/>\n&#13;<br \/>\n&#13;<br \/>\n&#13;<br \/>\n&#13;<br \/>\n&#13;<br \/>\n&#13;<br \/>\n&#13;<br \/>\n&#13;<br \/>\n&#13;<br \/>\n&#13;<br \/>\n&#13;<br \/>\n&#13;<br \/>\n&#13;<br \/>\n&#13;<br \/>\n&#13;<br \/>\n&#13;<br \/>\n&#13;<br \/>\n&#13;<br \/>\n&#13;<br \/>\n&#13;<br \/>\n&#13;<br \/>\n&#13;<br \/>\n&#13;<br \/>\n&#13;<br \/>\n&#13;<br \/>\n&#13;<br \/>\n&#13;<br \/>\n&#13;<br \/>\n&#13;<br \/>\n&#13;<br \/>\n&#13;<br \/>\n&#13;<br \/>\n&#13;<br \/>\n&#13;<br \/>\n&#13;<br \/>\n&#13;<br \/>\n&#13;<br \/>\n&#13;<br \/>\n&#13;<br \/>\n&#13;<br \/>\n&#13;<br \/>\n&#13;<br \/>\n&#13;<br \/>\n&#13;\n<\/p>\n<p>    L&#8217;agguato<\/p>\n<p class=\"chapter-paragraph\">Un commando. Di improvvisati, di malavitosi oppure terroristi non si sa. <br \/>Un commando entrato a piedi, in direzione contraria rispetto al flusso della gente nell\u2019ippodromo tra le 2.30 e le 2.40 della notte tra sabato e ieri, quando il rave era terminato da mezz\u2019ora, musica spenta alle 2.10 e appunto i 3.500 presenti andati via o prossimi a farlo.\u00a0Ne restavano, sulla spianata, poche centinaia. <a href=\"https:\/\/www.corriere.it\/esteri\/26_agosto_30\/svizzera-sparatoria-rave-2336d56e-eaeb-4343-b9f0-0e2427342xlk.shtml?refresh_ce\" target=\"_blank\" rel=\"nofollow noopener\">Fra loro, l\u2019unica vittima: Maria Spinelli, 22 anni, originaria di Atri, in Abruzzo, arrivata qui ad Aarau, un\u2019ora di macchina da Zurigo, per ricominciare, come tanti che emigrano, un\u2019esistenza complicata.<\/a> \u00c8 morta sul colpo.\u00a0<\/p>\n<p>    L&#8217;obiettivo<\/p>\n<p class=\"chapter-paragraph\"><b>Fosse lei o qualcun altro del gruppo dei feriti (altri due ragazzi italiani, non gravi) un ipotetico obiettivo, non \u00e8 dato sapere.<\/b> Nel timore di perdersi subito nelle indagini \u2013 evidente il nervosismo che abbiamo respirato \u2013, gli inquirenti soppesano un\u2019eventuale matrice jihadista, che al netto delle eventualit\u00e0 non incontrerebbe per\u00f2 corrispondenze nella dinamica stessa, quel cessar delle armi anzich\u00e9 insistere a oltranza seminando terrore e venendo uccisi, la fuga precipitosa degli assalitori di corsa, nei boschi, in ordine sparso e peraltro secondo dei testimoni financo inciampando e cadendo, infine l\u2019assenza di rivendicazioni avendo la polizia riferito che non esisterebbero.\u00a0E dunque? Dunque per intanto questa cittadina, 23 mila residenti dei quali il venti per cento straniera, registra acclarati problemi di sicurezza a cominciare dai furti, specie di macchine. La presenza di nazionalit\u00e0 iscritte all\u2019anagrafe di Aarau, un centinaio, perch\u00e9 c\u2019\u00e8 davvero un mondo, rappresenta una delle storiche virt\u00f9 della Svizzera ma al contempo innesca litigi e tensioni, una fisiologica ricaduta nelle dinamiche delle comunit\u00e0. Non mancano locali malumori per taluni comportamenti di famiglie rom.<\/p>\n<p>    L&#8217;ippodromo<\/p>\n<p class=\"chapter-paragraph\"><b>L\u2019ippodromo Pferderennbahn Schachen <\/b>prende il secondo nome dal quartiere che lo ospita, una zona prossima al centro, un chilometro scarso di distanza, e ricca pi\u00f9 che di appartamenti e palazzi, di altre strutture sportive, dentro un perimetro di boschi, non ridotti, che si allungano.\u00a0L\u2019area, e arriviamo a un elemento che genera supplementari difficolt\u00e0 alla polizia, <b>non vanta una sequenza significativa di telecamere<\/b> che pertanto abbiano prodotto immagini d\u2019aiuto. Vi sono, attenzione, dei testimoni in abbondanza, questo s\u00ec, a lungo ascoltati, e oggi si ripartir\u00e0 di nuovo, per assemblare gli identikit degli sparatori. Non si esclude il seguente scenario: in quanto la manifestazione s\u2019era conclusa, agli ingressi non c\u2019era pi\u00f9 il servizio di sicurezza, ovvio, i cancelli erano spalancati, in coincidenza del parcheggio potrebbe essere avvenuto un litigio, proseguito a quel punto proprio nell\u2019ippodromo, con una parte dei contendenti a cercar salvezza mischiandosi gli spettatori e di fatto utilizzandoli come scudo.\u00a0<b>Le autorit\u00e0 hanno annunciato, gi\u00e0 a met\u00e0 pomeriggio, che il pericolo ad Aarau era cessato<\/b>, nessuna caccia all\u2019uomo in corso, si poteva uscire dalle case e dai bar, il commando era sparito, forse in Francia, forse in Germania, forse pure in Italia, chiss\u00e0. Una riunione ancora in tarda serata, da parte degli inquirenti, con l\u2019obiettivo, quasi a ventiquattro ore, di battezzare una pista e seguirla con nettezza, non avrebbe determinato clamorose novit\u00e0. In una precedente conferenza stampa, il capo della polizia cantonale, il dottor Michael Leupold, ha rilanciato l\u2019invito, a chiunque, di veicolare alla medesima polizia ogni possibile video relativo a quei momenti, chi c\u2019era e ha filmato, chi c\u2019era e ha registrato, giri immediatamente tutto. <br \/>I fucili, nella Svizzera della pace, sono diffusi, molto diffusi, sono l\u2019arma che rimane nelle abitazioni in quanto dotazione degli adulti che, a oltranza, dopo il servizio di leva da giovani, vengono richiamati per annuali esercitazioni. Una considerevole quota di regolamenti di conti \u2013 i canali della droga, esempio casuale, come la cocaina assai diffusa a Zurigo \u2013 avviene con i fucili.<\/p>\n<p class=\"is-last-update\" datetime=\"2026-08-31T13:15:27+02:00\">31 agosto 2026 ( modifica il 31 agosto 2026 | 13:15)<\/p>\n<p class=\"is-copyright\">\n            \u00a9 RIPRODUZIONE RISERVATA\n        <\/p>\n","protected":false},"excerpt":{"rendered":"di Andrea Galli I colpi sparati all\u2019uscita dall\u2019ippodromo di Aarau: cinque feriti, due sono connazionali. Caccia al commando,&hellip;\n","protected":false},"author":3,"featured_media":658017,"comment_status":"","ping_status":"","sticky":false,"template":"","format":"standard","meta":{"footnotes":"","_share_on_mastodon":"0"},"categories":[6],"tags":[362255,363137,363138,363139,363140,363141,363142,363143,363144,363145,363146,363147,363148,363149,18028,363150,363151,16246,363152,363153,11813,363154,123456,26160,6478,16043,363132,25391,41341,1411,14,54697,826,100720,1598,8,21776,11423,1537,90,89,3334,7,15,82,9,83,10,809,98680,363133,363134,696,531,118483,363135,669,863,363136,15856,26825,8093,7045,29246,13,11,80,84,12,81,85,4898,549,32508],"class_list":["post-658016","post","type-post","status-publish","format-standard","has-post-thumbnail","category-ultime-notizie","tag-aarau","tag-aarau-centinaio","tag-aarau-centinaio-davvero","tag-aarau-cessato","tag-aarau-cessato-caccia","tag-aarau-cinque","tag-aarau-cinque-feriti","tag-aarau-macchina","tag-aarau-macchina-zurigo","tag-aarau-svizzera","tag-aarau-svizzera-sera","tag-aarauer","tag-aarauer-rave","tag-aarauer-rave-rave","tag-abbondanza","tag-abbondanza-si","tag-abbondanza-si-ascoltati","tag-abitazioni","tag-abitazioni-dotazione","tag-abitazioni-dotazione-adulti","tag-abruzzo","tag-abruzzo-arrivata","tag-assalitori","tag-boschi","tag-caccia","tag-cancelli","tag-cancelli-spalancati","tag-colpite","tag-commando","tag-conti","tag-cronaca","tag-diffusi","tag-feriti","tag-fucili","tag-giovani","tag-headlines","tag-inquirenti","tag-ippodromo","tag-it","tag-italia","tag-italy","tag-meta","tag-news","tag-notizie","tag-notizie-di-cronaca","tag-notizie-principali","tag-notiziedicronaca","tag-notizieprincipali","tag-obiettivo","tag-oltranza","tag-pferderennbahn","tag-pferderennbahn-schachen","tag-pista","tag-polizia","tag-rave","tag-schachen","tag-servizio","tag-sicurezza","tag-spalancati","tag-spettatori","tag-spianata","tag-svizzera","tag-telecamere","tag-testimoni","tag-titoli","tag-ultime-notizie","tag-ultime-notizie-di-cronaca","tag-ultime-notizie-e-news-di-oggi","tag-ultimenotizie","tag-ultimenotiziedicronaca","tag-ultimenotizieenewsdioggi","tag-venti","tag-zona","tag-zurigo"],"share_on_mastodon":{"url":"","error":"Validation failed: Text character limit of 500 exceeded"},"_links":{"self":[{"href":"https:\/\/www.europesays.com\/it\/wp-json\/wp\/v2\/posts\/658016","targetHints":{"allow":["GET"]}}],"collection":[{"href":"https:\/\/www.europesays.com\/it\/wp-json\/wp\/v2\/posts"}],"about":[{"href":"https:\/\/www.europesays.com\/it\/wp-json\/wp\/v2\/types\/post"}],"author":[{"embeddable":true,"href":"https:\/\/www.europesays.com\/it\/wp-json\/wp\/v2\/users\/3"}],"replies":[{"embeddable":true,"href":"https:\/\/www.europesays.com\/it\/wp-json\/wp\/v2\/comments?post=658016"}],"version-history":[{"count":0,"href":"https:\/\/www.europesays.com\/it\/wp-json\/wp\/v2\/posts\/658016\/revisions"}],"wp:featuredmedia":[{"embeddable":true,"href":"https:\/\/www.europesays.com\/it\/wp-json\/wp\/v2\/media\/658017"}],"wp:attachment":[{"href":"https:\/\/www.europesays.com\/it\/wp-json\/wp\/v2\/media?parent=658016"}],"wp:term":[{"taxonomy":"category","embeddable":true,"href":"https:\/\/www.europesays.com\/it\/wp-json\/wp\/v2\/categories?post=658016"},{"taxonomy":"post_tag","embeddable":true,"href":"https:\/\/www.europesays.com\/it\/wp-json\/wp\/v2\/tags?post=658016"}],"curies":[{"name":"wp","href":"https:\/\/api.w.org\/{rel}","templated":true}]}}